{"id":172,"date":"2022-12-01T09:02:41","date_gmt":"2022-12-01T07:02:41","guid":{"rendered":"https:\/\/blocsenresidencia.bcn.cat\/20222023\/2022\/12\/01\/ens-presentem\/"},"modified":"2022-12-01T09:02:41","modified_gmt":"2022-12-01T07:02:41","slug":"ens-presentem","status":"publish","type":"post","link":"https:\/\/blocsenresidencia.bcn.cat\/20222023\/2022\/12\/01\/ens-presentem\/","title":{"rendered":"Ens presentem"},"content":{"rendered":"<p>Des de <a href=\"https:\/\/blocsenresidencia.bcn.cat\/joanbrossa2023\/2022\/12\/01\/ens-presentem\/\">Curro Claret EN RESiD\u00c8NCiA<\/a><\/p>\n<div>\n<p>Som alumnes de 4t ESO, de l\u2019Institut Joan Brossa, i en uns dies comen\u00e7arem el projecte \u201cEn resid\u00e8ncia\u201d amb el Curro Claret i la nostra professora Adriana Zampa. Esperem aprendre a millorar la nostra capacitat de treball en grup, veure el proc\u00e9s que segueix un artista en treballar i poder expressar-nos millor.<\/p>\n<p>Creiem que aquest projecte \u00e9s interessant i una oportunitat \u00fanica, tamb\u00e9 que qualsevol cosa pot ser art, per molt que no sigui convencionalment atractiu. Som un grup variat amb gent de totes les parts del m\u00f3n i tenim moltes expectatives per aquest projecte.<\/p>\n<figure class=\"wp-block-image size-large is-resized\"><img loading=\"lazy\" decoding=\"async\" src=\"https:\/\/blocsenresidencia.bcn.cat\/joanbrossa2023\/wp-content\/uploads\/2022\/12\/IMG20221103115939-1024x768.jpg\" alt=\"\" class=\"wp-image-43\" width=\"506\" height=\"380\" srcset=\"https:\/\/blocsenresidencia.bcn.cat\/joanbrossa2023\/wp-content\/uploads\/2022\/12\/IMG20221103115939-1024x768.jpg 1024w, https:\/\/blocsenresidencia.bcn.cat\/joanbrossa2023\/wp-content\/uploads\/2022\/12\/IMG20221103115939-300x225.jpg 300w, https:\/\/blocsenresidencia.bcn.cat\/joanbrossa2023\/wp-content\/uploads\/2022\/12\/IMG20221103115939-768x576.jpg 768w, https:\/\/blocsenresidencia.bcn.cat\/joanbrossa2023\/wp-content\/uploads\/2022\/12\/IMG20221103115939-1536x1152.jpg 1536w, https:\/\/blocsenresidencia.bcn.cat\/joanbrossa2023\/wp-content\/uploads\/2022\/12\/IMG20221103115939-2048x1536.jpg 2048w\" sizes=\"auto, (max-width: 506px) 100vw, 506px\"><\/figure>\n<\/div>\n","protected":false},"excerpt":{"rendered":"<p>Des de Curro Claret EN RESiD\u00c8NCiA Som alumnes de 4t ESO, de l\u2019Institut Joan Brossa, i en uns dies comen\u00e7arem el projecte \u201cEn resid\u00e8ncia\u201d amb el Curro Claret i la nostra professora Adriana Zampa. Esperem aprendre a millorar la nostra capacitat de treball en grup, veure el proc\u00e9s que segueix un artista en treballar i &hellip; <\/p>\n<p class=\"link-more\"><a href=\"https:\/\/blocsenresidencia.bcn.cat\/20222023\/2022\/12\/01\/ens-presentem\/\" class=\"more-link\">Continua llegint <span class=\"screen-reader-text\">\u00abEns presentem\u00bb<\/span><\/a><\/p>\n","protected":false},"author":5,"featured_media":0,"comment_status":"open","ping_status":"closed","sticky":false,"template":"","format":"standard","meta":{"footnotes":""},"categories":[1],"tags":[],"class_list":["post-172","post","type-post","status-publish","format-standard","hentry","category-general"],"_links":{"self":[{"href":"https:\/\/blocsenresidencia.bcn.cat\/20222023\/wp-json\/wp\/v2\/posts\/172","targetHints":{"allow":["GET"]}}],"collection":[{"href":"https:\/\/blocsenresidencia.bcn.cat\/20222023\/wp-json\/wp\/v2\/posts"}],"about":[{"href":"https:\/\/blocsenresidencia.bcn.cat\/20222023\/wp-json\/wp\/v2\/types\/post"}],"author":[{"embeddable":true,"href":"https:\/\/blocsenresidencia.bcn.cat\/20222023\/wp-json\/wp\/v2\/users\/5"}],"replies":[{"embeddable":true,"href":"https:\/\/blocsenresidencia.bcn.cat\/20222023\/wp-json\/wp\/v2\/comments?post=172"}],"version-history":[{"count":0,"href":"https:\/\/blocsenresidencia.bcn.cat\/20222023\/wp-json\/wp\/v2\/posts\/172\/revisions"}],"wp:attachment":[{"href":"https:\/\/blocsenresidencia.bcn.cat\/20222023\/wp-json\/wp\/v2\/media?parent=172"}],"wp:term":[{"taxonomy":"category","embeddable":true,"href":"https:\/\/blocsenresidencia.bcn.cat\/20222023\/wp-json\/wp\/v2\/categories?post=172"},{"taxonomy":"post_tag","embeddable":true,"href":"https:\/\/blocsenresidencia.bcn.cat\/20222023\/wp-json\/wp\/v2\/tags?post=172"}],"curies":[{"name":"wp","href":"https:\/\/api.w.org\/{rel}","templated":true}]}}