{"id":173,"date":"2022-12-01T13:42:34","date_gmt":"2022-12-01T11:42:34","guid":{"rendered":"https:\/\/blocsenresidencia.bcn.cat\/20222023\/2022\/12\/01\/quienes-somos\/"},"modified":"2022-12-01T13:42:34","modified_gmt":"2022-12-01T11:42:34","slug":"quienes-somos","status":"publish","type":"post","link":"https:\/\/blocsenresidencia.bcn.cat\/20222023\/2022\/12\/01\/quienes-somos\/","title":{"rendered":"\u00bfQui\u00e9nes somos?"},"content":{"rendered":"<p>Des de <a href=\"https:\/\/blocsenresidencia.bcn.cat\/sants2023\/2022\/12\/01\/quienes-somos\/\">P\u00eda Sommer EN RESiD\u00c8NCiA<\/a><\/p>\n<div>\n<p class=\"has-text-align-left\">\u201cHola, me llamo <strong>Niharika<\/strong> y soy de Nepal, aunque vine a Espa\u00f1a hace cuatro a\u00f1os. Tengo 13 a\u00f1os y voy al Instituto Sants. Tengo un hermano. Me gusta bailar y escuchar m\u00fasica y tambi\u00e9n comer y dormir. Soy una persona introvertida y un poco callada, pero no me callo cuando estoy con personas con las que tengo confianza. Me gustan los perros y los gatos. De mayor, me gustar\u00eda ser doctora.\u201d<\/p>\n<p class=\"has-text-align-left\">\u201cHola, me llamo <strong>Natalia <\/strong>y tengo 12 a\u00f1os. Soy de Polonia, pero vivo en Espa\u00f1a desde segundo de primaria y voy al Institut Sants. Me gusta pasar tiempo con mis amigos, mi deporte favorito es el balonmano y lo practico desde hace casi 5 a\u00f1os. Me hace ilusi\u00f3n participar en este proyecto solo que creo que me ser\u00e1 dif\u00edcil hacerlo porque yo de artista tengo poco.\u201d<\/p>\n<p class=\"has-text-align-left\">\u201cMe llamo\u00a0<strong>Aurora <\/strong>Villoro, tengo 13 a\u00f1os y he nacido en Barcelona. Ahora mismo estoy estudiando en el instituto Emperador Carles. Un d\u00eda nuestra tutora nos dijo que \u00edbamos a hacer un proyecto con una artista, P\u00eda. Desde ese momento he estado muy ilusionada con el proyecto. Nos ha ense\u00f1ado a hacer \u201cfrottage\u201d, una t\u00e9cnica\u00a0para grabar la textura del suelo y espero que nos ense\u00f1e muchas m\u00e1s\u2026 Un saludo.\u201d<\/p>\n<p class=\"has-text-align-left\">\u201cHola me llamo <strong>Charles Xavie<\/strong>r Mercado Pacis y tengo trece a\u00f1os. Tengo tres hermanos mucho m\u00e1s mayores que yo, as\u00ed que soy el m\u00e1s peque\u00f1o de mi familia. En mi tiempo libre la verdad es que no hago gran cosa, voy a jugar a b\u00e1squet. Mi comida favorita es el sissig(una comida filipina). Mi deporte favorito claramente es el b\u00e1squet, pero cuando era peque\u00f1o me gustaba m\u00e1s el f\u00fatbol, no s\u00e9 porque cambi\u00e9 tan radicalmente.\u201d<\/p>\n<p>\u201cMe llamo <strong>Gabriela<\/strong>, tengo 13 a\u00f1os soy de Cuba y llevo 2 a\u00f1os viviendo en Barcelona, me gusta bailar y a veces dibujar.\u201d<\/p>\n<figure class=\"wp-block-image size-large\"><img loading=\"lazy\" decoding=\"async\" width=\"1024\" height=\"768\" src=\"https:\/\/blocsenresidencia.bcn.cat\/sants2023\/wp-content\/uploads\/2022\/12\/IMG_4006-1024x768.jpg\" alt=\"\" class=\"wp-image-64\" srcset=\"https:\/\/blocsenresidencia.bcn.cat\/sants2023\/wp-content\/uploads\/2022\/12\/IMG_4006-1024x768.jpg 1024w, https:\/\/blocsenresidencia.bcn.cat\/sants2023\/wp-content\/uploads\/2022\/12\/IMG_4006-300x225.jpg 300w, https:\/\/blocsenresidencia.bcn.cat\/sants2023\/wp-content\/uploads\/2022\/12\/IMG_4006-768x576.jpg 768w, https:\/\/blocsenresidencia.bcn.cat\/sants2023\/wp-content\/uploads\/2022\/12\/IMG_4006-1536x1152.jpg 1536w, https:\/\/blocsenresidencia.bcn.cat\/sants2023\/wp-content\/uploads\/2022\/12\/IMG_4006-2048x1536.jpg 2048w\" sizes=\"auto, (max-width: 767px) 89vw, (max-width: 1000px) 54vw, (max-width: 1071px) 543px, 580px\"><\/figure>\n<\/div>\n","protected":false},"excerpt":{"rendered":"<p>Des de P\u00eda Sommer EN RESiD\u00c8NCiA \u201cHola, me llamo Niharika y soy de Nepal, aunque vine a Espa\u00f1a hace cuatro a\u00f1os. Tengo 13 a\u00f1os y voy al Instituto Sants. Tengo un hermano. Me gusta bailar y escuchar m\u00fasica y tambi\u00e9n comer y dormir. Soy una persona introvertida y un poco callada, pero no me callo &hellip; <\/p>\n<p class=\"link-more\"><a href=\"https:\/\/blocsenresidencia.bcn.cat\/20222023\/2022\/12\/01\/quienes-somos\/\" class=\"more-link\">Continua llegint <span class=\"screen-reader-text\">\u00ab\u00bfQui\u00e9nes somos?\u00bb<\/span><\/a><\/p>\n","protected":false},"author":5,"featured_media":0,"comment_status":"closed","ping_status":"closed","sticky":false,"template":"","format":"standard","meta":{"footnotes":""},"categories":[1],"tags":[],"class_list":["post-173","post","type-post","status-publish","format-standard","hentry","category-general"],"_links":{"self":[{"href":"https:\/\/blocsenresidencia.bcn.cat\/20222023\/wp-json\/wp\/v2\/posts\/173","targetHints":{"allow":["GET"]}}],"collection":[{"href":"https:\/\/blocsenresidencia.bcn.cat\/20222023\/wp-json\/wp\/v2\/posts"}],"about":[{"href":"https:\/\/blocsenresidencia.bcn.cat\/20222023\/wp-json\/wp\/v2\/types\/post"}],"author":[{"embeddable":true,"href":"https:\/\/blocsenresidencia.bcn.cat\/20222023\/wp-json\/wp\/v2\/users\/5"}],"replies":[{"embeddable":true,"href":"https:\/\/blocsenresidencia.bcn.cat\/20222023\/wp-json\/wp\/v2\/comments?post=173"}],"version-history":[{"count":0,"href":"https:\/\/blocsenresidencia.bcn.cat\/20222023\/wp-json\/wp\/v2\/posts\/173\/revisions"}],"wp:attachment":[{"href":"https:\/\/blocsenresidencia.bcn.cat\/20222023\/wp-json\/wp\/v2\/media?parent=173"}],"wp:term":[{"taxonomy":"category","embeddable":true,"href":"https:\/\/blocsenresidencia.bcn.cat\/20222023\/wp-json\/wp\/v2\/categories?post=173"},{"taxonomy":"post_tag","embeddable":true,"href":"https:\/\/blocsenresidencia.bcn.cat\/20222023\/wp-json\/wp\/v2\/tags?post=173"}],"curies":[{"name":"wp","href":"https:\/\/api.w.org\/{rel}","templated":true}]}}