{"id":193,"date":"2022-12-12T21:19:22","date_gmt":"2022-12-12T19:19:22","guid":{"rendered":"https:\/\/blocsenresidencia.bcn.cat\/20222023\/2022\/12\/12\/explorem-els-nostres-paisatges\/"},"modified":"2022-12-12T21:19:22","modified_gmt":"2022-12-12T19:19:22","slug":"explorem-els-nostres-paisatges","status":"publish","type":"post","link":"https:\/\/blocsenresidencia.bcn.cat\/20222023\/2022\/12\/12\/explorem-els-nostres-paisatges\/","title":{"rendered":"Explorem els nostres paisatges"},"content":{"rendered":"<p>Des de <a href=\"https:\/\/blocsenresidencia.bcn.cat\/trinitatnova2023\/2022\/12\/12\/explorem-els-nostres-paisatges\/\">Xesca Salv\u00e0 EN RESiD\u00c8NCiA<\/a><\/p>\n<div>\n<p class=\"has-text-align-left\">En aquesta sessi\u00f3 cadasc\u00fa de nosaltres havia de escollir el seu propi paisatge preferit i despr\u00e9s vam anar a aquells llocs i vam parlar sobre ells. All\u00ed vam explicar perqu\u00e8 hav\u00edem triat aquell paisatge i perqu\u00e8 era important per nosaltres. \u2013 Anastasiia<\/p>\n<figure class=\"wp-block-image size-large\"><img loading=\"lazy\" decoding=\"async\" width=\"1024\" height=\"768\" src=\"https:\/\/blocsenresidencia.bcn.cat\/trinitatnova2023\/wp-content\/uploads\/2022\/11\/P1040076-1024x768.jpg\" alt=\"\" class=\"wp-image-42\" srcset=\"https:\/\/blocsenresidencia.bcn.cat\/trinitatnova2023\/wp-content\/uploads\/2022\/11\/P1040076-1024x768.jpg 1024w, https:\/\/blocsenresidencia.bcn.cat\/trinitatnova2023\/wp-content\/uploads\/2022\/11\/P1040076-300x225.jpg 300w, https:\/\/blocsenresidencia.bcn.cat\/trinitatnova2023\/wp-content\/uploads\/2022\/11\/P1040076-768x576.jpg 768w, https:\/\/blocsenresidencia.bcn.cat\/trinitatnova2023\/wp-content\/uploads\/2022\/11\/P1040076-1536x1152.jpg 1536w, https:\/\/blocsenresidencia.bcn.cat\/trinitatnova2023\/wp-content\/uploads\/2022\/11\/P1040076-2048x1536.jpg 2048w\" sizes=\"auto, (max-width: 767px) 89vw, (max-width: 1000px) 54vw, (max-width: 1071px) 543px, 580px\"><figcaption class=\"wp-element-caption\">Parc de l\u2019Amistat \u2013 paisatge triat per Saily<\/figcaption><\/figure>\n<figure class=\"wp-block-image size-large\"><img decoding=\"async\" loading=\"lazy\" width=\"1024\" height=\"768\" src=\"https:\/\/blocsenresidencia.bcn.cat\/trinitatnova2023\/wp-content\/uploads\/2022\/11\/P1040078-1024x768.jpg\" alt=\"\" class=\"wp-image-43\" srcset=\"https:\/\/blocsenresidencia.bcn.cat\/trinitatnova2023\/wp-content\/uploads\/2022\/11\/P1040078-1024x768.jpg 1024w, https:\/\/blocsenresidencia.bcn.cat\/trinitatnova2023\/wp-content\/uploads\/2022\/11\/P1040078-300x225.jpg 300w, https:\/\/blocsenresidencia.bcn.cat\/trinitatnova2023\/wp-content\/uploads\/2022\/11\/P1040078-768x576.jpg 768w, https:\/\/blocsenresidencia.bcn.cat\/trinitatnova2023\/wp-content\/uploads\/2022\/11\/P1040078-1536x1152.jpg 1536w, https:\/\/blocsenresidencia.bcn.cat\/trinitatnova2023\/wp-content\/uploads\/2022\/11\/P1040078-2048x1536.jpg 2048w\" sizes=\"auto, (max-width: 767px) 89vw, (max-width: 1000px) 54vw, (max-width: 1071px) 543px, 580px\"><figcaption class=\"wp-element-caption\">A la imatge surt el Pont de Sarajevo,  que uneix Trinitat Vella amb Trinitat Nova, paisatge triat per l\u2019Elian.<\/figcaption><\/figure>\n<p class=\"has-text-align-right\"><em>He triat el pont de Sarajevo perqu\u00e8 abans quan vivia en Torre Bar\u00f3 passava amb el autob\u00fas i m\u2019agradava veure el sol quan surt al mat\u00ed i els cotxes que passen per baix. \u2013 Elian<\/em><\/p>\n<figure class=\"wp-block-image size-large\"><img decoding=\"async\" loading=\"lazy\" width=\"1024\" height=\"768\" src=\"https:\/\/blocsenresidencia.bcn.cat\/trinitatnova2023\/wp-content\/uploads\/2022\/11\/P1040086-1024x768.jpg\" alt=\"\" class=\"wp-image-44\" srcset=\"https:\/\/blocsenresidencia.bcn.cat\/trinitatnova2023\/wp-content\/uploads\/2022\/11\/P1040086-1024x768.jpg 1024w, https:\/\/blocsenresidencia.bcn.cat\/trinitatnova2023\/wp-content\/uploads\/2022\/11\/P1040086-300x225.jpg 300w, https:\/\/blocsenresidencia.bcn.cat\/trinitatnova2023\/wp-content\/uploads\/2022\/11\/P1040086-768x576.jpg 768w, https:\/\/blocsenresidencia.bcn.cat\/trinitatnova2023\/wp-content\/uploads\/2022\/11\/P1040086-1536x1152.jpg 1536w, https:\/\/blocsenresidencia.bcn.cat\/trinitatnova2023\/wp-content\/uploads\/2022\/11\/P1040086-2048x1536.jpg 2048w\" sizes=\"auto, (max-width: 767px) 89vw, (max-width: 1000px) 54vw, (max-width: 1071px) 543px, 580px\"><figcaption class=\"wp-element-caption\">Pla\u00e7a de Harry Walker, paisatge triat per Subhan. <\/figcaption><\/figure>\n<p class=\"has-text-align-right\"><em>He dit aquest lloc perqu\u00e8 a l\u2019estiu quan fa calor hi anava perqu\u00e8 hi feia fresqueta gr\u00e0cies a l\u2019ombra i a l\u2019aigua que cau de l\u2019estructura de la pla\u00e7a. Em posava a on esquitxen les gotes d\u2019aigua .\u00a0\u2013 Subhan<\/em><\/p>\n<figure class=\"wp-block-image size-large\"><img decoding=\"async\" loading=\"lazy\" width=\"1024\" height=\"768\" src=\"https:\/\/blocsenresidencia.bcn.cat\/trinitatnova2023\/wp-content\/uploads\/2022\/11\/P1040084-1-1024x768.jpg\" alt=\"\" class=\"wp-image-63\" srcset=\"https:\/\/blocsenresidencia.bcn.cat\/trinitatnova2023\/wp-content\/uploads\/2022\/11\/P1040084-1-1024x768.jpg 1024w, https:\/\/blocsenresidencia.bcn.cat\/trinitatnova2023\/wp-content\/uploads\/2022\/11\/P1040084-1-300x225.jpg 300w, https:\/\/blocsenresidencia.bcn.cat\/trinitatnova2023\/wp-content\/uploads\/2022\/11\/P1040084-1-768x576.jpg 768w, https:\/\/blocsenresidencia.bcn.cat\/trinitatnova2023\/wp-content\/uploads\/2022\/11\/P1040084-1-1536x1152.jpg 1536w, https:\/\/blocsenresidencia.bcn.cat\/trinitatnova2023\/wp-content\/uploads\/2022\/11\/P1040084-1-2048x1536.jpg 2048w\" sizes=\"auto, (max-width: 767px) 89vw, (max-width: 1000px) 54vw, (max-width: 1071px) 543px, 580px\"><figcaption class=\"wp-element-caption\">Pla\u00e7a de la zona verda de la Prosperitat \u2013 Oleksander<\/figcaption><\/figure>\n<figure class=\"wp-block-image size-large is-resized\"><img decoding=\"async\" loading=\"lazy\" src=\"https:\/\/blocsenresidencia.bcn.cat\/trinitatnova2023\/wp-content\/uploads\/2022\/11\/P1040079-1024x768.jpg\" alt=\"\" class=\"wp-image-49\" width=\"673\" height=\"504\" srcset=\"https:\/\/blocsenresidencia.bcn.cat\/trinitatnova2023\/wp-content\/uploads\/2022\/11\/P1040079-1024x768.jpg 1024w, https:\/\/blocsenresidencia.bcn.cat\/trinitatnova2023\/wp-content\/uploads\/2022\/11\/P1040079-300x225.jpg 300w, https:\/\/blocsenresidencia.bcn.cat\/trinitatnova2023\/wp-content\/uploads\/2022\/11\/P1040079-768x576.jpg 768w, https:\/\/blocsenresidencia.bcn.cat\/trinitatnova2023\/wp-content\/uploads\/2022\/11\/P1040079-1536x1152.jpg 1536w, https:\/\/blocsenresidencia.bcn.cat\/trinitatnova2023\/wp-content\/uploads\/2022\/11\/P1040079-2048x1536.jpg 2048w\" sizes=\"auto, (max-width: 673px) 100vw, 673px\"><figcaption class=\"wp-element-caption\">Paisatge triat per Anastasiia \u2013 Parc per gossos <\/figcaption><\/figure>\n<\/div>\n","protected":false},"excerpt":{"rendered":"<p>Des de Xesca Salv\u00e0 EN RESiD\u00c8NCiA En aquesta sessi\u00f3 cadasc\u00fa de nosaltres havia de escollir el seu propi paisatge preferit i despr\u00e9s vam anar a aquells llocs i vam parlar sobre ells. All\u00ed vam explicar perqu\u00e8 hav\u00edem triat aquell paisatge i perqu\u00e8 era important per nosaltres. \u2013 Anastasiia Parc de l\u2019Amistat \u2013 paisatge triat per &hellip; <\/p>\n<p class=\"link-more\"><a href=\"https:\/\/blocsenresidencia.bcn.cat\/20222023\/2022\/12\/12\/explorem-els-nostres-paisatges\/\" class=\"more-link\">Continua llegint <span class=\"screen-reader-text\">\u00abExplorem els nostres paisatges\u00bb<\/span><\/a><\/p>\n","protected":false},"author":5,"featured_media":0,"comment_status":"closed","ping_status":"closed","sticky":false,"template":"","format":"standard","meta":{"footnotes":""},"categories":[1],"tags":[],"class_list":["post-193","post","type-post","status-publish","format-standard","hentry","category-general"],"_links":{"self":[{"href":"https:\/\/blocsenresidencia.bcn.cat\/20222023\/wp-json\/wp\/v2\/posts\/193","targetHints":{"allow":["GET"]}}],"collection":[{"href":"https:\/\/blocsenresidencia.bcn.cat\/20222023\/wp-json\/wp\/v2\/posts"}],"about":[{"href":"https:\/\/blocsenresidencia.bcn.cat\/20222023\/wp-json\/wp\/v2\/types\/post"}],"author":[{"embeddable":true,"href":"https:\/\/blocsenresidencia.bcn.cat\/20222023\/wp-json\/wp\/v2\/users\/5"}],"replies":[{"embeddable":true,"href":"https:\/\/blocsenresidencia.bcn.cat\/20222023\/wp-json\/wp\/v2\/comments?post=193"}],"version-history":[{"count":0,"href":"https:\/\/blocsenresidencia.bcn.cat\/20222023\/wp-json\/wp\/v2\/posts\/193\/revisions"}],"wp:attachment":[{"href":"https:\/\/blocsenresidencia.bcn.cat\/20222023\/wp-json\/wp\/v2\/media?parent=193"}],"wp:term":[{"taxonomy":"category","embeddable":true,"href":"https:\/\/blocsenresidencia.bcn.cat\/20222023\/wp-json\/wp\/v2\/categories?post=193"},{"taxonomy":"post_tag","embeddable":true,"href":"https:\/\/blocsenresidencia.bcn.cat\/20222023\/wp-json\/wp\/v2\/tags?post=193"}],"curies":[{"name":"wp","href":"https:\/\/api.w.org\/{rel}","templated":true}]}}