{"id":195,"date":"2022-12-14T14:09:04","date_gmt":"2022-12-14T12:09:04","guid":{"rendered":"https:\/\/blocsenresidencia.bcn.cat\/20222023\/2022\/12\/14\/coneixem-a-estampa-i-ens-presentem-amb-obres-dart-contemporani\/"},"modified":"2022-12-14T14:09:04","modified_gmt":"2022-12-14T12:09:04","slug":"coneixem-a-estampa-i-ens-presentem-amb-obres-dart-contemporani","status":"publish","type":"post","link":"https:\/\/blocsenresidencia.bcn.cat\/20222023\/2022\/12\/14\/coneixem-a-estampa-i-ens-presentem-amb-obres-dart-contemporani\/","title":{"rendered":"Coneixem a Estampa, i ens presentem amb obres d\u2019art contemporani."},"content":{"rendered":"<p>Des de <a href=\"https:\/\/blocsenresidencia.bcn.cat\/vapordelfil2023\/2022\/12\/14\/coneixem-a-estampa-i-ens-presentem-amb-obres-dart-contemporani\/\">Estampa EN RESiD\u00c8NCiA<\/a><\/p>\n<div>\n<p>\u00a0El primer dia que van vindre\u00a0 els artistes que van venir es deien Pau i Marcel, ells ens van proposar de presentar-nos amb imatges.<\/p>\n<p>\u00a0Els artistes formen part del col\u00b7lectiu\u00a0 <a href=\"https:\/\/www.google.com\/search?q=estampa+ilustracio&amp;rlz=1CAXJDX_enES1035&amp;oq=estampa+ilustracio&amp;aqs=chrome..69i57j0i22i30j0i10i15i22i30j0i22i30.8110j0j7&amp;sourceid=chrome&amp;ie=UTF-8&amp;safe=active&amp;ssui=on\">estampa<\/a><\/p>\n<p>ens van posar moltes imatges a una taula i de totes hav\u00edem de triar-ne tres les quals ens havien de representar tant si ens agradaven com si era una cosa que no ens acabava de agradar,\u00a0 les imatges eren d\u2019art contemporani, portava el nom del l\u2019artista darrere.<\/p>\n<p>Mentres triavem les imatges ens an\u00e0vem dient que volia dir com estava feta, etc.<\/p>\n<p>Despr\u00e9s de tenir totes les imatges triades ens vam presentar amb elles i els artistes tamb\u00e9 tenien les seves imatges i els artistes tamb\u00e9 \u00e9s\u00a0 van presentar.<\/p>\n<div class=\"wp-block-file\"><a id=\"wp-block-file--media-e4a9ba4a-d47b-452c-8bcd-d51bf8b855bb\" href=\"https:\/\/blocsenresidencia.bcn.cat\/vapordelfil2023\/wp-content\/uploads\/2022\/12\/1r-Dia-1-scaled.jpg\">1r-Dia-1<\/a><a href=\"https:\/\/blocsenresidencia.bcn.cat\/vapordelfil2023\/wp-content\/uploads\/2022\/12\/1r-Dia-1-scaled.jpg\" class=\"wp-block-file__button wp-element-button\" download aria-describedby=\"wp-block-file--media-e4a9ba4a-d47b-452c-8bcd-d51bf8b855bb\">Baixa<\/a><\/div>\n<figure class=\"wp-block-image size-large\"><img loading=\"lazy\" decoding=\"async\" width=\"1024\" height=\"768\" src=\"https:\/\/blocsenresidencia.bcn.cat\/vapordelfil2023\/wp-content\/uploads\/2022\/12\/1r-Dia-1-1-1024x768.jpg\" alt=\"\" class=\"wp-image-140\" srcset=\"https:\/\/blocsenresidencia.bcn.cat\/vapordelfil2023\/wp-content\/uploads\/2022\/12\/1r-Dia-1-1-1024x768.jpg 1024w, https:\/\/blocsenresidencia.bcn.cat\/vapordelfil2023\/wp-content\/uploads\/2022\/12\/1r-Dia-1-1-300x225.jpg 300w, https:\/\/blocsenresidencia.bcn.cat\/vapordelfil2023\/wp-content\/uploads\/2022\/12\/1r-Dia-1-1-768x576.jpg 768w, https:\/\/blocsenresidencia.bcn.cat\/vapordelfil2023\/wp-content\/uploads\/2022\/12\/1r-Dia-1-1-1536x1152.jpg 1536w, https:\/\/blocsenresidencia.bcn.cat\/vapordelfil2023\/wp-content\/uploads\/2022\/12\/1r-Dia-1-1-2048x1536.jpg 2048w\" sizes=\"auto, (max-width: 767px) 89vw, (max-width: 1000px) 54vw, (max-width: 1071px) 543px, 580px\"><\/figure>\n<figure class=\"wp-block-image size-large\"><img decoding=\"async\" loading=\"lazy\" width=\"1024\" height=\"768\" src=\"https:\/\/blocsenresidencia.bcn.cat\/vapordelfil2023\/wp-content\/uploads\/2022\/12\/20221207_125323-4-1024x768.jpg\" alt=\"\" class=\"wp-image-163\" srcset=\"https:\/\/blocsenresidencia.bcn.cat\/vapordelfil2023\/wp-content\/uploads\/2022\/12\/20221207_125323-4-1024x768.jpg 1024w, https:\/\/blocsenresidencia.bcn.cat\/vapordelfil2023\/wp-content\/uploads\/2022\/12\/20221207_125323-4-300x225.jpg 300w, https:\/\/blocsenresidencia.bcn.cat\/vapordelfil2023\/wp-content\/uploads\/2022\/12\/20221207_125323-4-768x576.jpg 768w, https:\/\/blocsenresidencia.bcn.cat\/vapordelfil2023\/wp-content\/uploads\/2022\/12\/20221207_125323-4-1536x1152.jpg 1536w, https:\/\/blocsenresidencia.bcn.cat\/vapordelfil2023\/wp-content\/uploads\/2022\/12\/20221207_125323-4-2048x1536.jpg 2048w\" sizes=\"auto, (max-width: 767px) 89vw, (max-width: 1000px) 54vw, (max-width: 1071px) 543px, 580px\"><\/figure>\n<figure class=\"wp-block-image size-large\"><img decoding=\"async\" loading=\"lazy\" width=\"768\" height=\"1024\" src=\"https:\/\/blocsenresidencia.bcn.cat\/vapordelfil2023\/wp-content\/uploads\/2022\/12\/20221207_125158-2-768x1024.jpg\" alt=\"\" class=\"wp-image-164\" srcset=\"https:\/\/blocsenresidencia.bcn.cat\/vapordelfil2023\/wp-content\/uploads\/2022\/12\/20221207_125158-2-768x1024.jpg 768w, https:\/\/blocsenresidencia.bcn.cat\/vapordelfil2023\/wp-content\/uploads\/2022\/12\/20221207_125158-2-225x300.jpg 225w, https:\/\/blocsenresidencia.bcn.cat\/vapordelfil2023\/wp-content\/uploads\/2022\/12\/20221207_125158-2-1152x1536.jpg 1152w, https:\/\/blocsenresidencia.bcn.cat\/vapordelfil2023\/wp-content\/uploads\/2022\/12\/20221207_125158-2-1536x2048.jpg 1536w, https:\/\/blocsenresidencia.bcn.cat\/vapordelfil2023\/wp-content\/uploads\/2022\/12\/20221207_125158-2-scaled.jpg 1920w\" sizes=\"auto, (max-width: 767px) 89vw, (max-width: 1000px) 54vw, (max-width: 1071px) 543px, 580px\"><\/figure>\n<\/div>\n","protected":false},"excerpt":{"rendered":"<p>Des de Estampa EN RESiD\u00c8NCiA \u00a0El primer dia que van vindre\u00a0 els artistes que van venir es deien Pau i Marcel, ells ens van proposar de presentar-nos amb imatges. \u00a0Els artistes formen part del col\u00b7lectiu\u00a0 estampa ens van posar moltes imatges a una taula i de totes hav\u00edem de triar-ne tres les quals ens havien &hellip; <\/p>\n<p class=\"link-more\"><a href=\"https:\/\/blocsenresidencia.bcn.cat\/20222023\/2022\/12\/14\/coneixem-a-estampa-i-ens-presentem-amb-obres-dart-contemporani\/\" class=\"more-link\">Continua llegint <span class=\"screen-reader-text\">\u00abConeixem a Estampa, i ens presentem amb obres d\u2019art contemporani.\u00bb<\/span><\/a><\/p>\n","protected":false},"author":5,"featured_media":0,"comment_status":"closed","ping_status":"closed","sticky":false,"template":"","format":"standard","meta":{"footnotes":""},"categories":[1],"tags":[],"class_list":["post-195","post","type-post","status-publish","format-standard","hentry","category-general"],"_links":{"self":[{"href":"https:\/\/blocsenresidencia.bcn.cat\/20222023\/wp-json\/wp\/v2\/posts\/195","targetHints":{"allow":["GET"]}}],"collection":[{"href":"https:\/\/blocsenresidencia.bcn.cat\/20222023\/wp-json\/wp\/v2\/posts"}],"about":[{"href":"https:\/\/blocsenresidencia.bcn.cat\/20222023\/wp-json\/wp\/v2\/types\/post"}],"author":[{"embeddable":true,"href":"https:\/\/blocsenresidencia.bcn.cat\/20222023\/wp-json\/wp\/v2\/users\/5"}],"replies":[{"embeddable":true,"href":"https:\/\/blocsenresidencia.bcn.cat\/20222023\/wp-json\/wp\/v2\/comments?post=195"}],"version-history":[{"count":0,"href":"https:\/\/blocsenresidencia.bcn.cat\/20222023\/wp-json\/wp\/v2\/posts\/195\/revisions"}],"wp:attachment":[{"href":"https:\/\/blocsenresidencia.bcn.cat\/20222023\/wp-json\/wp\/v2\/media?parent=195"}],"wp:term":[{"taxonomy":"category","embeddable":true,"href":"https:\/\/blocsenresidencia.bcn.cat\/20222023\/wp-json\/wp\/v2\/categories?post=195"},{"taxonomy":"post_tag","embeddable":true,"href":"https:\/\/blocsenresidencia.bcn.cat\/20222023\/wp-json\/wp\/v2\/tags?post=195"}],"curies":[{"name":"wp","href":"https:\/\/api.w.org\/{rel}","templated":true}]}}