{"id":197,"date":"2022-12-15T21:14:21","date_gmt":"2022-12-15T19:14:21","guid":{"rendered":"https:\/\/blocsenresidencia.bcn.cat\/20222023\/2022\/12\/15\/comencem-123\/"},"modified":"2022-12-15T21:14:21","modified_gmt":"2022-12-15T19:14:21","slug":"comencem-123","status":"publish","type":"post","link":"https:\/\/blocsenresidencia.bcn.cat\/20222023\/2022\/12\/15\/comencem-123\/","title":{"rendered":"COMENCEM, 1,2,3\u2026"},"content":{"rendered":"<p>Des de <a href=\"https:\/\/blocsenresidencia.bcn.cat\/barribesos2023\/2022\/12\/15\/comencem-123\/\">Oriol Puig Grau EN RESiD\u00c8NCiA<\/a><\/p>\n<div>\n<p>Comencem aquesta nova Resid\u00e8ncia amb la mediaci\u00f3 de la Sala Beckett i amb l\u2019Oriol Puig com a resident al nostre institut.<\/p>\n<p>Benvingut Oriol!<\/p>\n<p><strong>Oriol Puig Grau<\/strong><\/p>\n<figure class=\"wp-block-image size-full\"><img decoding=\"async\" loading=\"lazy\" width=\"886\" height=\"381\" src=\"https:\/\/blocsenresidencia.bcn.cat\/barribesos2023\/wp-content\/uploads\/2022\/12\/image.png\" alt=\"\" class=\"wp-image-37\" srcset=\"https:\/\/blocsenresidencia.bcn.cat\/barribesos2023\/wp-content\/uploads\/2022\/12\/image.png 886w, https:\/\/blocsenresidencia.bcn.cat\/barribesos2023\/wp-content\/uploads\/2022\/12\/image-300x129.png 300w, https:\/\/blocsenresidencia.bcn.cat\/barribesos2023\/wp-content\/uploads\/2022\/12\/image-768x330.png 768w\" sizes=\"auto, (max-width: 767px) 89vw, (max-width: 1000px) 54vw, (max-width: 1071px) 543px, 580px\"><\/figure>\n<p>Graduat per l\u2019ESCAC a l\u2019especialitat de gui\u00f3 i dramat\u00fargia.<\/p>\n<p>Autor i director de l\u2019espectacle <em>Karaoke Elusia<\/em>, estrenat a la Sala Beckett en el context del projecte internacional de creaci\u00f3 esc\u00e8nica Extended Universe.<\/p>\n<figure class=\"wp-block-embed is-type-video is-provider-youtube wp-block-embed-youtube wp-embed-aspect-16-9 wp-has-aspect-ratio\">\n<div class=\"wp-block-embed__wrapper\">\n<iframe loading=\"lazy\" title=\"Oriol Puig ens parla de 'Karaoke Elusia'\" width=\"525\" height=\"295\" src=\"https:\/\/www.youtube.com\/embed\/veW_1cKwR48?start=58&amp;feature=oembed\" frameborder=\"0\" allow=\"accelerometer; autoplay; clipboard-write; encrypted-media; gyroscope; picture-in-picture\" allowfullscreen><\/iframe>\n<\/div>\n<\/figure>\n<figure class=\"wp-block-embed is-type-video is-provider-youtube wp-block-embed-youtube wp-embed-aspect-16-9 wp-has-aspect-ratio\">\n<div class=\"wp-block-embed__wrapper\">\n<iframe loading=\"lazy\" title=\"'Karaoke Elusia' d'Oriol Puig a la Sala Beckett del 09\/12 al 03\/01\/2021\" width=\"525\" height=\"295\" src=\"https:\/\/www.youtube.com\/embed\/PreEstJd76Q?feature=oembed\" frameborder=\"0\" allow=\"accelerometer; autoplay; clipboard-write; encrypted-media; gyroscope; picture-in-picture\" allowfullscreen><\/iframe>\n<\/div>\n<\/figure>\n<p>Guanyador del Premi Revelaci\u00f3 2020 als Premis de la Cr\u00edtica d\u2019Arts Esc\u00e8niques.<\/p>\n<p>Coguionista i director del llargmetratge El Sitio de Otto, estrenat al BCN Film Fest i seleccionat a festivals com l\u2019Atl\u00e0ntida Film Fest, el Reteena, Cinespa\u00f1a o el London Spanish Film Festival.<\/p>\n<p>Director de les lectures dramatitzades d\u2019Apunts sobre la bellesa del temps de Josep Maria Benet i Jornet (Teatre Nacional de Catalunya) i Amor Particular de Xavier Zanuy i Bon (Sala Beckett).<\/p>\n<p>Un dels autors i directors del projecte de ficcions sonores Dramawalker (Centre Dram\u00e0tic Nacional, Sala Beckett). Menci\u00f3 especial als Premis Ciutat de Barcelona 2021.<\/p>\n<figure class=\"wp-block-embed is-type-video is-provider-youtube wp-block-embed-youtube wp-embed-aspect-16-9 wp-has-aspect-ratio\">\n<div class=\"wp-block-embed__wrapper\">\n<iframe loading=\"lazy\" title=\"Dramawalker Poblenou: 'La v\u00edbria del Poblenou' d'Oriol Puig. El making of\" width=\"525\" height=\"295\" src=\"https:\/\/www.youtube.com\/embed\/JmTw5sIJ1L4?start=32&amp;feature=oembed\" frameborder=\"0\" allow=\"accelerometer; autoplay; clipboard-write; encrypted-media; gyroscope; picture-in-picture\" allowfullscreen><\/iframe>\n<\/div>\n<\/figure>\n<p>Actor de llargmetratges com <strong><em>J\u00falia Ist<\/em><\/strong> (Elena Mart\u00edn, Lastor Media) <strong><em>I Blog<\/em><\/strong> (Elena Trap\u00e9, Esc\u00e0ndol Films).<\/p>\n<p>S\u00e8ries com <strong><em>La Verdad<\/em><\/strong> (Telecinco), <strong><em>Nit i dia<\/em><\/strong> (TV3), <strong><em>Com si fos ahir<\/em><\/strong> (TV3),<\/p>\n<p><a href=\"https:\/\/www.ccma.cat\/tv3\/com-si-fos-ahir\/cares-noves-histories-noves-a-com-si-fos-ahir\/noticia\/3057797\/\">https:\/\/www.ccma.cat\/tv3\/com-si-fos-ahir\/cares-noves-histories-noves-a-com-si-fos-ahir\/noticia\/3057797\/<\/a><\/p>\n<p><a href=\"https:\/\/www.elnacional.cat\/enblau\/ca\/televisio\/tv3-actors-culebrot-com-si-fos-ahir_553581_102.html\">https:\/\/www.elnacional.cat\/enblau\/ca\/televisio\/tv3-actors-culebrot-com-si-fos-ahir_553581_102.html<\/a><\/p>\n<p>i Drama (Playz); espectacles de creaci\u00f3 col\u00b7lectiva com 5m2 (Els Malnascuts) i Whonwagen (La Seca Espai Brossa, Teatre Espanyol).<\/p>\n<figure class=\"wp-block-image size-full\"><img decoding=\"async\" loading=\"lazy\" width=\"886\" height=\"500\" src=\"https:\/\/blocsenresidencia.bcn.cat\/barribesos2023\/wp-content\/uploads\/2022\/12\/image-1.png\" alt=\"\" class=\"wp-image-38\" srcset=\"https:\/\/blocsenresidencia.bcn.cat\/barribesos2023\/wp-content\/uploads\/2022\/12\/image-1.png 886w, https:\/\/blocsenresidencia.bcn.cat\/barribesos2023\/wp-content\/uploads\/2022\/12\/image-1-300x169.png 300w, https:\/\/blocsenresidencia.bcn.cat\/barribesos2023\/wp-content\/uploads\/2022\/12\/image-1-768x433.png 768w\" sizes=\"auto, (max-width: 767px) 89vw, (max-width: 1000px) 54vw, (max-width: 1071px) 543px, 580px\"><\/figure>\n<\/div>\n","protected":false},"excerpt":{"rendered":"<p>Des de Oriol Puig Grau EN RESiD\u00c8NCiA Comencem aquesta nova Resid\u00e8ncia amb la mediaci\u00f3 de la Sala Beckett i amb l\u2019Oriol Puig com a resident al nostre institut. Benvingut Oriol! Oriol Puig Grau Graduat per l\u2019ESCAC a l\u2019especialitat de gui\u00f3 i dramat\u00fargia. Autor i director de l\u2019espectacle Karaoke Elusia, estrenat a la Sala Beckett en &hellip; <\/p>\n<p class=\"link-more\"><a href=\"https:\/\/blocsenresidencia.bcn.cat\/20222023\/2022\/12\/15\/comencem-123\/\" class=\"more-link\">Continua llegint <span class=\"screen-reader-text\">\u00abCOMENCEM, 1,2,3\u2026\u00bb<\/span><\/a><\/p>\n","protected":false},"author":5,"featured_media":0,"comment_status":"closed","ping_status":"closed","sticky":false,"template":"","format":"standard","meta":{"footnotes":""},"categories":[1],"tags":[],"class_list":["post-197","post","type-post","status-publish","format-standard","hentry","category-general"],"_links":{"self":[{"href":"https:\/\/blocsenresidencia.bcn.cat\/20222023\/wp-json\/wp\/v2\/posts\/197","targetHints":{"allow":["GET"]}}],"collection":[{"href":"https:\/\/blocsenresidencia.bcn.cat\/20222023\/wp-json\/wp\/v2\/posts"}],"about":[{"href":"https:\/\/blocsenresidencia.bcn.cat\/20222023\/wp-json\/wp\/v2\/types\/post"}],"author":[{"embeddable":true,"href":"https:\/\/blocsenresidencia.bcn.cat\/20222023\/wp-json\/wp\/v2\/users\/5"}],"replies":[{"embeddable":true,"href":"https:\/\/blocsenresidencia.bcn.cat\/20222023\/wp-json\/wp\/v2\/comments?post=197"}],"version-history":[{"count":0,"href":"https:\/\/blocsenresidencia.bcn.cat\/20222023\/wp-json\/wp\/v2\/posts\/197\/revisions"}],"wp:attachment":[{"href":"https:\/\/blocsenresidencia.bcn.cat\/20222023\/wp-json\/wp\/v2\/media?parent=197"}],"wp:term":[{"taxonomy":"category","embeddable":true,"href":"https:\/\/blocsenresidencia.bcn.cat\/20222023\/wp-json\/wp\/v2\/categories?post=197"},{"taxonomy":"post_tag","embeddable":true,"href":"https:\/\/blocsenresidencia.bcn.cat\/20222023\/wp-json\/wp\/v2\/tags?post=197"}],"curies":[{"name":"wp","href":"https:\/\/api.w.org\/{rel}","templated":true}]}}