{"id":199,"date":"2022-12-16T10:51:05","date_gmt":"2022-12-16T08:51:05","guid":{"rendered":"https:\/\/blocsenresidencia.bcn.cat\/20222023\/2022\/12\/16\/primera-trobada-amb-el-curro\/"},"modified":"2022-12-16T10:51:05","modified_gmt":"2022-12-16T08:51:05","slug":"primera-trobada-amb-el-curro","status":"publish","type":"post","link":"https:\/\/blocsenresidencia.bcn.cat\/20222023\/2022\/12\/16\/primera-trobada-amb-el-curro\/","title":{"rendered":"Primera trobada amb el Curro"},"content":{"rendered":"<p>Des de <a href=\"https:\/\/blocsenresidencia.bcn.cat\/joanbrossa2023\/2022\/12\/16\/primera-trobada-amb-el-curro\/\">Curro Claret EN RESiD\u00c8NCiA<\/a><\/p>\n<div>\n<p>El primer dia que va venir el Curro al centre ens va proposar portar un objecte personal que tingu\u00e9s algun significat per nosaltres. Al principi ens va semblar una ximpleria ja que no sab\u00edem la relaci\u00f3 que tenia amb el treball. Amb l\u2019objecte que vam portar, vam explicar per qu\u00e8 tenia un valor sentimental per nosaltres, i m\u00e9s o menys \u201cla seva hist\u00f2ria\u201d.<\/p>\n<p>Ens va explicar que va fer un projecte amb la gent del raval que consistia a crear llums de Nadal a partir de fer-los fotografies. El projecte del Curro que va fer al Raval, era molt bonic i original, i tamb\u00e9 era una manera perqu\u00e8 la gent del barri es coneguessin entre ells, i fins i tot es formi una amistat.<\/p>\n<figure class=\"is-layout-flex wp-block-gallery-1 wp-block-gallery has-nested-images columns-default is-cropped\">\n<figure class=\"wp-block-image size-large\"><img loading=\"lazy\" decoding=\"async\" width=\"1024\" height=\"768\" data-id=\"78\" src=\"https:\/\/blocsenresidencia.bcn.cat\/joanbrossa2023\/wp-content\/uploads\/2022\/12\/IMG20220929102856-4-1024x768.jpg\" alt=\"\" class=\"wp-image-78\" srcset=\"https:\/\/blocsenresidencia.bcn.cat\/joanbrossa2023\/wp-content\/uploads\/2022\/12\/IMG20220929102856-4-1024x768.jpg 1024w, https:\/\/blocsenresidencia.bcn.cat\/joanbrossa2023\/wp-content\/uploads\/2022\/12\/IMG20220929102856-4-300x225.jpg 300w, https:\/\/blocsenresidencia.bcn.cat\/joanbrossa2023\/wp-content\/uploads\/2022\/12\/IMG20220929102856-4-768x576.jpg 768w, https:\/\/blocsenresidencia.bcn.cat\/joanbrossa2023\/wp-content\/uploads\/2022\/12\/IMG20220929102856-4-1536x1152.jpg 1536w, https:\/\/blocsenresidencia.bcn.cat\/joanbrossa2023\/wp-content\/uploads\/2022\/12\/IMG20220929102856-4-2048x1536.jpg 2048w\" sizes=\"auto, (max-width: 767px) 89vw, (max-width: 1000px) 54vw, (max-width: 1071px) 543px, 580px\"><\/figure>\n<figure class=\"wp-block-image size-large\"><img decoding=\"async\" loading=\"lazy\" width=\"1024\" height=\"768\" data-id=\"84\" src=\"https:\/\/blocsenresidencia.bcn.cat\/joanbrossa2023\/wp-content\/uploads\/2022\/12\/IMG20220929102915-1024x768.jpg\" alt=\"\" class=\"wp-image-84\" srcset=\"https:\/\/blocsenresidencia.bcn.cat\/joanbrossa2023\/wp-content\/uploads\/2022\/12\/IMG20220929102915-1024x768.jpg 1024w, https:\/\/blocsenresidencia.bcn.cat\/joanbrossa2023\/wp-content\/uploads\/2022\/12\/IMG20220929102915-300x225.jpg 300w, https:\/\/blocsenresidencia.bcn.cat\/joanbrossa2023\/wp-content\/uploads\/2022\/12\/IMG20220929102915-768x576.jpg 768w, https:\/\/blocsenresidencia.bcn.cat\/joanbrossa2023\/wp-content\/uploads\/2022\/12\/IMG20220929102915-1536x1152.jpg 1536w, https:\/\/blocsenresidencia.bcn.cat\/joanbrossa2023\/wp-content\/uploads\/2022\/12\/IMG20220929102915-2048x1536.jpg 2048w\" sizes=\"auto, (max-width: 767px) 89vw, (max-width: 1000px) 54vw, (max-width: 1071px) 543px, 580px\"><\/figure>\n<figure class=\"wp-block-image size-large\"><img decoding=\"async\" loading=\"lazy\" width=\"1024\" height=\"768\" data-id=\"81\" src=\"https:\/\/blocsenresidencia.bcn.cat\/joanbrossa2023\/wp-content\/uploads\/2022\/12\/IMG20220929111536-3-1024x768.jpg\" alt=\"\" class=\"wp-image-81\" srcset=\"https:\/\/blocsenresidencia.bcn.cat\/joanbrossa2023\/wp-content\/uploads\/2022\/12\/IMG20220929111536-3-1024x768.jpg 1024w, https:\/\/blocsenresidencia.bcn.cat\/joanbrossa2023\/wp-content\/uploads\/2022\/12\/IMG20220929111536-3-300x225.jpg 300w, https:\/\/blocsenresidencia.bcn.cat\/joanbrossa2023\/wp-content\/uploads\/2022\/12\/IMG20220929111536-3-768x576.jpg 768w, https:\/\/blocsenresidencia.bcn.cat\/joanbrossa2023\/wp-content\/uploads\/2022\/12\/IMG20220929111536-3-1536x1152.jpg 1536w, https:\/\/blocsenresidencia.bcn.cat\/joanbrossa2023\/wp-content\/uploads\/2022\/12\/IMG20220929111536-3-2048x1536.jpg 2048w\" sizes=\"auto, (max-width: 767px) 89vw, (max-width: 1000px) 54vw, (max-width: 1071px) 543px, 580px\"><\/figure>\n<figure class=\"wp-block-image size-large\"><img decoding=\"async\" loading=\"lazy\" width=\"1024\" height=\"768\" data-id=\"82\" src=\"https:\/\/blocsenresidencia.bcn.cat\/joanbrossa2023\/wp-content\/uploads\/2022\/12\/IMG20220929110734-2-1024x768.jpg\" alt=\"\" class=\"wp-image-82\" srcset=\"https:\/\/blocsenresidencia.bcn.cat\/joanbrossa2023\/wp-content\/uploads\/2022\/12\/IMG20220929110734-2-1024x768.jpg 1024w, https:\/\/blocsenresidencia.bcn.cat\/joanbrossa2023\/wp-content\/uploads\/2022\/12\/IMG20220929110734-2-300x225.jpg 300w, https:\/\/blocsenresidencia.bcn.cat\/joanbrossa2023\/wp-content\/uploads\/2022\/12\/IMG20220929110734-2-768x576.jpg 768w, https:\/\/blocsenresidencia.bcn.cat\/joanbrossa2023\/wp-content\/uploads\/2022\/12\/IMG20220929110734-2-1536x1152.jpg 1536w, https:\/\/blocsenresidencia.bcn.cat\/joanbrossa2023\/wp-content\/uploads\/2022\/12\/IMG20220929110734-2-2048x1536.jpg 2048w\" sizes=\"auto, (max-width: 767px) 89vw, (max-width: 1000px) 54vw, (max-width: 1071px) 543px, 580px\"><\/figure>\n<\/figure>\n<p><strong>Algunes impressions\u2026<\/strong>\u00a0<\/p>\n<p><em>Cuando vi a Francisco (Curro), me dio una buena impresi\u00f3n y parec\u00eda muy simp\u00e1tico. Y efectivamente \u00e9l era simp\u00e1tico.\u00a0<\/em> <em>Me gusta su manera de pensar y de dar valor a cada cosa, porque las cosas que menos valoramos son las cosas que tienen m\u00e1s valor. Me sorprendi\u00f3 mucho cuando la clase no participaba cuando \u00e9l preguntaba. Y tambi\u00e9n algunos trajimos cosas que la profe dijo que no pod\u00edamos traer. Pero cada uno de nosotros tiene un objeto valioso, aunque este objeto puede ser hasta unas bragas, porque cada uno amamos una cosa m\u00e1s que el otro, pero quien sabe lo que cada uno amamos. Me agrada el Curro y me gustar\u00eda tener m\u00e1s clases con \u00e9l.<\/em><br \/>A. F.<\/p>\n<p><em>Sincerament, la proposta dels objectes em va agradar molt, i mentre est\u00e0vem fent l\u2019activitat, em vaig adonar que m\u2019ho podria haver currat m\u00e9s. \u00c9s veritat que l\u2019entorn de classe no \u00e9s molt entusiasta, llavors costa una mica ser-ho, per\u00f2 aquest projecte per a mi \u00e9s molt important i crec que \u00e9s necessari als centres.<\/em> <br \/><em>L\u2019obra que va presentar \u00e9s molt xula, ho penso i crec que a tothom li agradaria ser una llum de Nadal. El treball que han fet \u00e9s molt comunitari i porta una s\u00e8rie d\u2019esfor\u00e7os. Per a mi \u00e9s una feina en la qual t\u2019adones que ho fas per qu\u00e8 t\u2019agrada i amb ganes.<\/em><br \/><em>Em va cridar l\u2019atenci\u00f3 l\u2019entusiasme que se li veia a la cara recordant aquells moments amb la gent del Raval.<\/em> <br \/>A. G.<\/p>\n<\/p>\n<p><em>Em va semblar molt interessant l\u2019obra que ens va presentar i el proc\u00e9s que hi ha al darrere de fer-ho, sobretot a l\u2019agafar gent sense feina i fer que poguessin tenir-ne una per les festes. Em va cridar l\u2019atenci\u00f3 que van utilitzar a gent del barri per fer les llums, i aix\u00ed tothom va poder estar involucrat.<\/em> <br \/><em>La proposta de l\u2019objecte em va semblar b\u00e9, tot i que no vaig portar el meu objecte perqu\u00e8 vaig sortir bastant tard de casa.<\/em><br \/>A. S.\u00a0<\/p>\n<p><em>Me ha parecido muy interesante la propuesta de traer un objeto especial de cada uno de nosotros, ya que podr\u00edan parecer insignificantes a simple vista, pero para la gente tiene sentimientos diferentes, ya sea porque ha sido un obsequio de alguien especial, o hay una historia detr\u00e1s de ese objeto. Mi participaci\u00f3n fue lamentable, ya que no traje el objeto porque, hablando sinceramente, se me olvid\u00f3.<\/em> <br \/><em>Y sobre la presentaci\u00f3n de las luces de navidad, me ha parecido horrible. Desde mi opini\u00f3n no me gustar\u00eda ver a gente extra\u00f1a colgadas en una calle porque no entender\u00edas nada, solo ves unas luces con forma.<\/em> <br \/>J. G.<\/p>\n<figure class=\"is-layout-flex wp-block-gallery-3 wp-block-gallery has-nested-images columns-default is-cropped\">\n<figure class=\"wp-block-image size-large\"><img decoding=\"async\" loading=\"lazy\" width=\"1024\" height=\"768\" data-id=\"64\" src=\"https:\/\/blocsenresidencia.bcn.cat\/joanbrossa2023\/wp-content\/uploads\/2022\/12\/IMG20220929104145-1-1024x768.jpg\" alt=\"\" class=\"wp-image-64\" srcset=\"https:\/\/blocsenresidencia.bcn.cat\/joanbrossa2023\/wp-content\/uploads\/2022\/12\/IMG20220929104145-1-1024x768.jpg 1024w, https:\/\/blocsenresidencia.bcn.cat\/joanbrossa2023\/wp-content\/uploads\/2022\/12\/IMG20220929104145-1-300x225.jpg 300w, https:\/\/blocsenresidencia.bcn.cat\/joanbrossa2023\/wp-content\/uploads\/2022\/12\/IMG20220929104145-1-768x576.jpg 768w, https:\/\/blocsenresidencia.bcn.cat\/joanbrossa2023\/wp-content\/uploads\/2022\/12\/IMG20220929104145-1-1536x1152.jpg 1536w, https:\/\/blocsenresidencia.bcn.cat\/joanbrossa2023\/wp-content\/uploads\/2022\/12\/IMG20220929104145-1-2048x1536.jpg 2048w\" sizes=\"auto, (max-width: 767px) 89vw, (max-width: 1000px) 54vw, (max-width: 1071px) 543px, 580px\"><\/figure>\n<figure class=\"wp-block-image size-large\"><img decoding=\"async\" loading=\"lazy\" width=\"1714\" height=\"2286\" data-id=\"66\" src=\"https:\/\/blocsenresidencia.bcn.cat\/joanbrossa2023\/wp-content\/uploads\/2022\/12\/IMG20220929104644-1-edited.jpg\" alt=\"\" class=\"wp-image-66\" srcset=\"https:\/\/blocsenresidencia.bcn.cat\/joanbrossa2023\/wp-content\/uploads\/2022\/12\/IMG20220929104644-1-edited.jpg 1714w, https:\/\/blocsenresidencia.bcn.cat\/joanbrossa2023\/wp-content\/uploads\/2022\/12\/IMG20220929104644-1-edited-225x300.jpg 225w, https:\/\/blocsenresidencia.bcn.cat\/joanbrossa2023\/wp-content\/uploads\/2022\/12\/IMG20220929104644-1-edited-768x1024.jpg 768w, https:\/\/blocsenresidencia.bcn.cat\/joanbrossa2023\/wp-content\/uploads\/2022\/12\/IMG20220929104644-1-edited-1152x1536.jpg 1152w, https:\/\/blocsenresidencia.bcn.cat\/joanbrossa2023\/wp-content\/uploads\/2022\/12\/IMG20220929104644-1-edited-1536x2048.jpg 1536w\" sizes=\"auto, (max-width: 767px) 89vw, (max-width: 1000px) 54vw, (max-width: 1071px) 543px, 580px\"><\/figure>\n<figure class=\"wp-block-image size-large\"><img decoding=\"async\" loading=\"lazy\" width=\"768\" height=\"1024\" data-id=\"61\" src=\"https:\/\/blocsenresidencia.bcn.cat\/joanbrossa2023\/wp-content\/uploads\/2022\/12\/IMG20220929104742_BURST000_COVER-768x1024.jpg\" alt=\"\" class=\"wp-image-61\" srcset=\"https:\/\/blocsenresidencia.bcn.cat\/joanbrossa2023\/wp-content\/uploads\/2022\/12\/IMG20220929104742_BURST000_COVER-768x1024.jpg 768w, https:\/\/blocsenresidencia.bcn.cat\/joanbrossa2023\/wp-content\/uploads\/2022\/12\/IMG20220929104742_BURST000_COVER-225x300.jpg 225w, https:\/\/blocsenresidencia.bcn.cat\/joanbrossa2023\/wp-content\/uploads\/2022\/12\/IMG20220929104742_BURST000_COVER-1152x1536.jpg 1152w, https:\/\/blocsenresidencia.bcn.cat\/joanbrossa2023\/wp-content\/uploads\/2022\/12\/IMG20220929104742_BURST000_COVER-1536x2048.jpg 1536w, https:\/\/blocsenresidencia.bcn.cat\/joanbrossa2023\/wp-content\/uploads\/2022\/12\/IMG20220929104742_BURST000_COVER-scaled.jpg 1920w\" sizes=\"auto, (max-width: 767px) 89vw, (max-width: 1000px) 54vw, (max-width: 1071px) 543px, 580px\"><\/figure><figcaption class=\"blocks-gallery-caption wp-element-caption\">En Curro ens explica el seu projecte del Raval <\/figcaption><\/figure>\n<p><em>\u2026 Em va agradar el projecte que va fer de les llums de Nadal. Em va cridar l\u2019atenci\u00f3 com va arreplegar a gent del barri que no es coneixien de res, per\u00f2 que compartien coses en com\u00fa per fer el projecte. Alhora a vegades es feia una mica repetitiu.<\/em> <br \/><em>Va faltar que interactu\u00e0ssim m\u00e9s al principi de la classe, per\u00f2 despr\u00e9s quan cadasc\u00fa va parlar del seu objecte ja va anar millorant. Crec que el meu objecte (Un raspall de dents) estava bastant ben escollit perqu\u00e8 era un objecte que utilitzo di\u00e0riament, i vaig decidir portar-lo perqu\u00e8 era de color rosa que \u00e9s un dels colors que m\u00e9s m\u2019agraden.<\/em> <br \/>C. L.\u00a0<\/p>\n<\/div>\n","protected":false},"excerpt":{"rendered":"<p>Des de Curro Claret EN RESiD\u00c8NCiA El primer dia que va venir el Curro al centre ens va proposar portar un objecte personal que tingu\u00e9s algun significat per nosaltres. Al principi ens va semblar una ximpleria ja que no sab\u00edem la relaci\u00f3 que tenia amb el treball. Amb l\u2019objecte que vam portar, vam explicar per &hellip; <\/p>\n<p class=\"link-more\"><a href=\"https:\/\/blocsenresidencia.bcn.cat\/20222023\/2022\/12\/16\/primera-trobada-amb-el-curro\/\" class=\"more-link\">Continua llegint <span class=\"screen-reader-text\">\u00abPrimera trobada amb el Curro\u00bb<\/span><\/a><\/p>\n","protected":false},"author":5,"featured_media":0,"comment_status":"open","ping_status":"closed","sticky":false,"template":"","format":"standard","meta":{"footnotes":""},"categories":[1],"tags":[],"class_list":["post-199","post","type-post","status-publish","format-standard","hentry","category-general"],"_links":{"self":[{"href":"https:\/\/blocsenresidencia.bcn.cat\/20222023\/wp-json\/wp\/v2\/posts\/199","targetHints":{"allow":["GET"]}}],"collection":[{"href":"https:\/\/blocsenresidencia.bcn.cat\/20222023\/wp-json\/wp\/v2\/posts"}],"about":[{"href":"https:\/\/blocsenresidencia.bcn.cat\/20222023\/wp-json\/wp\/v2\/types\/post"}],"author":[{"embeddable":true,"href":"https:\/\/blocsenresidencia.bcn.cat\/20222023\/wp-json\/wp\/v2\/users\/5"}],"replies":[{"embeddable":true,"href":"https:\/\/blocsenresidencia.bcn.cat\/20222023\/wp-json\/wp\/v2\/comments?post=199"}],"version-history":[{"count":0,"href":"https:\/\/blocsenresidencia.bcn.cat\/20222023\/wp-json\/wp\/v2\/posts\/199\/revisions"}],"wp:attachment":[{"href":"https:\/\/blocsenresidencia.bcn.cat\/20222023\/wp-json\/wp\/v2\/media?parent=199"}],"wp:term":[{"taxonomy":"category","embeddable":true,"href":"https:\/\/blocsenresidencia.bcn.cat\/20222023\/wp-json\/wp\/v2\/categories?post=199"},{"taxonomy":"post_tag","embeddable":true,"href":"https:\/\/blocsenresidencia.bcn.cat\/20222023\/wp-json\/wp\/v2\/tags?post=199"}],"curies":[{"name":"wp","href":"https:\/\/api.w.org\/{rel}","templated":true}]}}