{"id":200,"date":"2022-12-18T21:16:01","date_gmt":"2022-12-18T19:16:01","guid":{"rendered":"https:\/\/blocsenresidencia.bcn.cat\/20222023\/2022\/12\/18\/per-on-comencem-que-fem\/"},"modified":"2022-12-18T21:16:01","modified_gmt":"2022-12-18T19:16:01","slug":"per-on-comencem-que-fem","status":"publish","type":"post","link":"https:\/\/blocsenresidencia.bcn.cat\/20222023\/2022\/12\/18\/per-on-comencem-que-fem\/","title":{"rendered":"Per on comencem? Qu\u00e8 fem?"},"content":{"rendered":"<p>Des de <a href=\"https:\/\/blocsenresidencia.bcn.cat\/salvatpapasseit2023\/2022\/12\/18\/per-on-comencem-que-fem\/\">Elena Blesa i Todo por la Praxis EN RESiD\u00c8NCiA<\/a><\/p>\n<div>\n<p>Per\u00f2, qu\u00e8 farem a classe? Qu\u00e8 \u00e9s aix\u00f2 d\u2019En Resid\u00e8ncia? Que vindran artistes a classe? Amb nosaltres?<\/p>\n<p>Aquestes preguntes ens vam formular a les primeres sessions de treball d\u2019aquest projecte art\u00edstic.  Per\u00f2, no nom\u00e9s pas l\u2019alumnat, tamb\u00e9 el professorat implicat ens les formulavem. <\/p>\n<p>Ens tocava contextualitzar el projecte. Un projecte creatiu d\u2019art contemporani generat des de l\u2019aula a partir de nosaltres, del nostre entorn, des del nostre barri: La Barceloneta.<\/p>\n<p>Vam comen\u00e7ar parlant d\u2019all\u00f2 que cr\u00e8iem qu\u00e8 era l\u2019art. I tamb\u00e9 vam tirar del fil de la hist\u00f2ria, observant, comentant i analitzant diferents obres d\u2019art tant de les arts pl\u00e0stiques, arquitectura, m\u00fasica, etc.<\/p>\n<p>Aquesta introducci\u00f3 del projecte, encara sense els artistes, la vam acabar amb un descobriment d\u2019algunes de les obres d\u2019art que podien trobar pels voltants del nostre institut. Les vam fotografiar, vam interactuar amb elles,  vam poder tocar algunes i sobretot, vam reflexionar sobre elles a classe.<\/p>\n<figure class=\"wp-block-image size-large is-resized\"><img loading=\"lazy\" decoding=\"async\" src=\"https:\/\/blocsenresidencia.bcn.cat\/salvatpapasseit2023\/wp-content\/uploads\/2022\/12\/1671385514146-461x1024.jpg\" alt=\"\" class=\"wp-image-41\" width=\"207\" height=\"458\"><\/figure>\n<figure class=\"wp-block-image size-large is-resized\"><img decoding=\"async\" loading=\"lazy\" src=\"https:\/\/blocsenresidencia.bcn.cat\/salvatpapasseit2023\/wp-content\/uploads\/2022\/12\/1-459x1024.jpg\" alt=\"\" class=\"wp-image-40\" width=\"176\" height=\"393\" srcset=\"https:\/\/blocsenresidencia.bcn.cat\/salvatpapasseit2023\/wp-content\/uploads\/2022\/12\/1-459x1024.jpg 459w, https:\/\/blocsenresidencia.bcn.cat\/salvatpapasseit2023\/wp-content\/uploads\/2022\/12\/1-134x300.jpg 134w, https:\/\/blocsenresidencia.bcn.cat\/salvatpapasseit2023\/wp-content\/uploads\/2022\/12\/1-768x1714.jpg 768w, https:\/\/blocsenresidencia.bcn.cat\/salvatpapasseit2023\/wp-content\/uploads\/2022\/12\/1-688x1536.jpg 688w, https:\/\/blocsenresidencia.bcn.cat\/salvatpapasseit2023\/wp-content\/uploads\/2022\/12\/1.jpg 896w\" sizes=\"auto, (max-width: 176px) 100vw, 176px\"><\/figure>\n<figure class=\"wp-block-image size-large is-resized\"><img decoding=\"async\" loading=\"lazy\" src=\"https:\/\/blocsenresidencia.bcn.cat\/salvatpapasseit2023\/wp-content\/uploads\/2022\/12\/1671385514160-459x1024.jpg\" alt=\"\" class=\"wp-image-42\" width=\"204\" height=\"455\" srcset=\"https:\/\/blocsenresidencia.bcn.cat\/salvatpapasseit2023\/wp-content\/uploads\/2022\/12\/1671385514160-459x1024.jpg 459w, https:\/\/blocsenresidencia.bcn.cat\/salvatpapasseit2023\/wp-content\/uploads\/2022\/12\/1671385514160-134x300.jpg 134w, https:\/\/blocsenresidencia.bcn.cat\/salvatpapasseit2023\/wp-content\/uploads\/2022\/12\/1671385514160-768x1714.jpg 768w, https:\/\/blocsenresidencia.bcn.cat\/salvatpapasseit2023\/wp-content\/uploads\/2022\/12\/1671385514160-688x1536.jpg 688w, https:\/\/blocsenresidencia.bcn.cat\/salvatpapasseit2023\/wp-content\/uploads\/2022\/12\/1671385514160.jpg 896w\" sizes=\"auto, (max-width: 204px) 100vw, 204px\"><\/figure>\n<figure class=\"wp-block-image size-large is-resized\"><img decoding=\"async\" loading=\"lazy\" src=\"https:\/\/blocsenresidencia.bcn.cat\/salvatpapasseit2023\/wp-content\/uploads\/2022\/12\/1671385514169-459x1024.jpg\" alt=\"\" class=\"wp-image-43\" width=\"183\" height=\"410\" srcset=\"https:\/\/blocsenresidencia.bcn.cat\/salvatpapasseit2023\/wp-content\/uploads\/2022\/12\/1671385514169-134x300.jpg 134w, https:\/\/blocsenresidencia.bcn.cat\/salvatpapasseit2023\/wp-content\/uploads\/2022\/12\/1671385514169-688x1536.jpg 688w\" sizes=\"auto, (max-width: 183px) 100vw, 183px\"><\/figure>\n<\/p>\n<\/div>\n","protected":false},"excerpt":{"rendered":"<p>Des de Elena Blesa i Todo por la Praxis EN RESiD\u00c8NCiA Per\u00f2, qu\u00e8 farem a classe? Qu\u00e8 \u00e9s aix\u00f2 d\u2019En Resid\u00e8ncia? Que vindran artistes a classe? Amb nosaltres? Aquestes preguntes ens vam formular a les primeres sessions de treball d\u2019aquest projecte art\u00edstic. Per\u00f2, no nom\u00e9s pas l\u2019alumnat, tamb\u00e9 el professorat implicat ens les formulavem. Ens &hellip; <\/p>\n<p class=\"link-more\"><a href=\"https:\/\/blocsenresidencia.bcn.cat\/20222023\/2022\/12\/18\/per-on-comencem-que-fem\/\" class=\"more-link\">Continua llegint <span class=\"screen-reader-text\">\u00abPer on comencem? Qu\u00e8 fem?\u00bb<\/span><\/a><\/p>\n","protected":false},"author":5,"featured_media":0,"comment_status":"open","ping_status":"closed","sticky":false,"template":"","format":"standard","meta":{"footnotes":""},"categories":[1],"tags":[],"class_list":["post-200","post","type-post","status-publish","format-standard","hentry","category-general"],"_links":{"self":[{"href":"https:\/\/blocsenresidencia.bcn.cat\/20222023\/wp-json\/wp\/v2\/posts\/200","targetHints":{"allow":["GET"]}}],"collection":[{"href":"https:\/\/blocsenresidencia.bcn.cat\/20222023\/wp-json\/wp\/v2\/posts"}],"about":[{"href":"https:\/\/blocsenresidencia.bcn.cat\/20222023\/wp-json\/wp\/v2\/types\/post"}],"author":[{"embeddable":true,"href":"https:\/\/blocsenresidencia.bcn.cat\/20222023\/wp-json\/wp\/v2\/users\/5"}],"replies":[{"embeddable":true,"href":"https:\/\/blocsenresidencia.bcn.cat\/20222023\/wp-json\/wp\/v2\/comments?post=200"}],"version-history":[{"count":0,"href":"https:\/\/blocsenresidencia.bcn.cat\/20222023\/wp-json\/wp\/v2\/posts\/200\/revisions"}],"wp:attachment":[{"href":"https:\/\/blocsenresidencia.bcn.cat\/20222023\/wp-json\/wp\/v2\/media?parent=200"}],"wp:term":[{"taxonomy":"category","embeddable":true,"href":"https:\/\/blocsenresidencia.bcn.cat\/20222023\/wp-json\/wp\/v2\/categories?post=200"},{"taxonomy":"post_tag","embeddable":true,"href":"https:\/\/blocsenresidencia.bcn.cat\/20222023\/wp-json\/wp\/v2\/tags?post=200"}],"curies":[{"name":"wp","href":"https:\/\/api.w.org\/{rel}","templated":true}]}}