{"id":205,"date":"2022-12-19T16:54:30","date_gmt":"2022-12-19T14:54:30","guid":{"rendered":"https:\/\/blocsenresidencia.bcn.cat\/20222023\/2022\/12\/19\/escultura-a-la-platja\/"},"modified":"2022-12-19T16:54:30","modified_gmt":"2022-12-19T14:54:30","slug":"escultura-a-la-platja","status":"publish","type":"post","link":"https:\/\/blocsenresidencia.bcn.cat\/20222023\/2022\/12\/19\/escultura-a-la-platja\/","title":{"rendered":"Escultura a la platja"},"content":{"rendered":"<p>Des de <a href=\"https:\/\/blocsenresidencia.bcn.cat\/mariaespinalt2023\/2022\/12\/19\/escultura-a-la-platja\/\">Albert Giron\u00e8s EN RESiD\u00c8NCiA<\/a><\/p>\n<div>\n<p>Vam agafar materials del carrer i vam muntar una escultura.<\/p>\n<p>Al nostre grup, vam trobar un carrito del mercadona sense rodes, una cadira amb 3 potes, pals, cordes, botelles d\u2019aigua\u2026 Tamb\u00e9 vamb trobar uns calaixos per\u00f2 no ho vam agafar perqu\u00e8 eren molt grans, i moltes coses m\u00e9s.<\/p>\n<p>Vam fer tres escultures: la primera la vam fer intentar representar un  \u2018escriptori\u2019. La segona un cotxe amb els seus botons , aigua per si t\u00e9 set, el sillin per asseure\u2019s.<\/p>\n<p>Per \u00faltim la percera era una escultura petita amb restes d\u2019altres escultures que va caure just despr\u00e9s de fer la foto. <\/p>\n<p>(Daniela)<\/p>\n<figure class=\"wp-block-image size-large\"><img decoding=\"async\" loading=\"lazy\" width=\"1024\" height=\"745\" src=\"https:\/\/blocsenresidencia.bcn.cat\/mariaespinalt2023\/wp-content\/uploads\/2022\/12\/Daniela02-1024x745.jpg\" alt=\"\" class=\"wp-image-56\" srcset=\"https:\/\/blocsenresidencia.bcn.cat\/mariaespinalt2023\/wp-content\/uploads\/2022\/12\/Daniela02-1024x745.jpg 1024w, https:\/\/blocsenresidencia.bcn.cat\/mariaespinalt2023\/wp-content\/uploads\/2022\/12\/Daniela02-300x218.jpg 300w, https:\/\/blocsenresidencia.bcn.cat\/mariaespinalt2023\/wp-content\/uploads\/2022\/12\/Daniela02-768x558.jpg 768w, https:\/\/blocsenresidencia.bcn.cat\/mariaespinalt2023\/wp-content\/uploads\/2022\/12\/Daniela02-1536x1117.jpg 1536w, https:\/\/blocsenresidencia.bcn.cat\/mariaespinalt2023\/wp-content\/uploads\/2022\/12\/Daniela02-2048x1489.jpg 2048w\" sizes=\"auto, (max-width: 767px) 89vw, (max-width: 1000px) 54vw, (max-width: 1071px) 543px, 580px\"><\/figure>\n<p>Aqu\u00ed un recull de fotografies de la sessi\u00f3 de treball i de les escultures que vam fer entre tots els grups de la classe.<\/p>\n<figure class=\"is-layout-flex wp-block-gallery-13 wp-block-gallery has-nested-images columns-default is-cropped\">\n<figure class=\"wp-block-image size-large\"><img decoding=\"async\" loading=\"lazy\" width=\"1024\" height=\"576\" data-id=\"60\" src=\"https:\/\/blocsenresidencia.bcn.cat\/mariaespinalt2023\/wp-content\/uploads\/2022\/12\/221108_intervencions_platja_11-1024x576.jpg\" alt=\"\" class=\"wp-image-60\" srcset=\"https:\/\/blocsenresidencia.bcn.cat\/mariaespinalt2023\/wp-content\/uploads\/2022\/12\/221108_intervencions_platja_11-1024x576.jpg 1024w, https:\/\/blocsenresidencia.bcn.cat\/mariaespinalt2023\/wp-content\/uploads\/2022\/12\/221108_intervencions_platja_11-300x169.jpg 300w, https:\/\/blocsenresidencia.bcn.cat\/mariaespinalt2023\/wp-content\/uploads\/2022\/12\/221108_intervencions_platja_11-768x432.jpg 768w, https:\/\/blocsenresidencia.bcn.cat\/mariaespinalt2023\/wp-content\/uploads\/2022\/12\/221108_intervencions_platja_11-1536x864.jpg 1536w, https:\/\/blocsenresidencia.bcn.cat\/mariaespinalt2023\/wp-content\/uploads\/2022\/12\/221108_intervencions_platja_11-2048x1152.jpg 2048w\" sizes=\"auto, (max-width: 767px) 89vw, (max-width: 1000px) 54vw, (max-width: 1071px) 543px, 580px\"><\/figure>\n<figure class=\"wp-block-image size-large\"><img decoding=\"async\" loading=\"lazy\" width=\"1024\" height=\"768\" data-id=\"57\" src=\"https:\/\/blocsenresidencia.bcn.cat\/mariaespinalt2023\/wp-content\/uploads\/2022\/12\/221108_intervencions_platja_78-1024x768.jpg\" alt=\"\" class=\"wp-image-57\" srcset=\"https:\/\/blocsenresidencia.bcn.cat\/mariaespinalt2023\/wp-content\/uploads\/2022\/12\/221108_intervencions_platja_78-1024x768.jpg 1024w, https:\/\/blocsenresidencia.bcn.cat\/mariaespinalt2023\/wp-content\/uploads\/2022\/12\/221108_intervencions_platja_78-300x225.jpg 300w, https:\/\/blocsenresidencia.bcn.cat\/mariaespinalt2023\/wp-content\/uploads\/2022\/12\/221108_intervencions_platja_78-768x576.jpg 768w, https:\/\/blocsenresidencia.bcn.cat\/mariaespinalt2023\/wp-content\/uploads\/2022\/12\/221108_intervencions_platja_78-1536x1152.jpg 1536w, https:\/\/blocsenresidencia.bcn.cat\/mariaespinalt2023\/wp-content\/uploads\/2022\/12\/221108_intervencions_platja_78-2048x1536.jpg 2048w\" sizes=\"auto, (max-width: 767px) 89vw, (max-width: 1000px) 54vw, (max-width: 1071px) 543px, 580px\"><\/figure>\n<figure class=\"wp-block-image size-large\"><img decoding=\"async\" loading=\"lazy\" width=\"1024\" height=\"768\" data-id=\"58\" src=\"https:\/\/blocsenresidencia.bcn.cat\/mariaespinalt2023\/wp-content\/uploads\/2022\/12\/221108_intervencions_platja_86-1024x768.jpg\" alt=\"\" class=\"wp-image-58\" srcset=\"https:\/\/blocsenresidencia.bcn.cat\/mariaespinalt2023\/wp-content\/uploads\/2022\/12\/221108_intervencions_platja_86-1024x768.jpg 1024w, https:\/\/blocsenresidencia.bcn.cat\/mariaespinalt2023\/wp-content\/uploads\/2022\/12\/221108_intervencions_platja_86-300x225.jpg 300w, https:\/\/blocsenresidencia.bcn.cat\/mariaespinalt2023\/wp-content\/uploads\/2022\/12\/221108_intervencions_platja_86-768x576.jpg 768w, https:\/\/blocsenresidencia.bcn.cat\/mariaespinalt2023\/wp-content\/uploads\/2022\/12\/221108_intervencions_platja_86-1536x1152.jpg 1536w, https:\/\/blocsenresidencia.bcn.cat\/mariaespinalt2023\/wp-content\/uploads\/2022\/12\/221108_intervencions_platja_86-2048x1536.jpg 2048w\" sizes=\"auto, (max-width: 767px) 89vw, (max-width: 1000px) 54vw, (max-width: 1071px) 543px, 580px\"><\/figure>\n<\/figure>\n<figure class=\"is-layout-flex wp-block-gallery-15 wp-block-gallery has-nested-images columns-default is-cropped\">\n<figure class=\"wp-block-image size-large\"><img decoding=\"async\" loading=\"lazy\" width=\"1024\" height=\"683\" data-id=\"65\" src=\"https:\/\/blocsenresidencia.bcn.cat\/mariaespinalt2023\/wp-content\/uploads\/2022\/12\/221108_intervencions_platja_23-1024x683.jpg\" alt=\"\" class=\"wp-image-65\" srcset=\"https:\/\/blocsenresidencia.bcn.cat\/mariaespinalt2023\/wp-content\/uploads\/2022\/12\/221108_intervencions_platja_23-1024x683.jpg 1024w, https:\/\/blocsenresidencia.bcn.cat\/mariaespinalt2023\/wp-content\/uploads\/2022\/12\/221108_intervencions_platja_23-300x200.jpg 300w, https:\/\/blocsenresidencia.bcn.cat\/mariaespinalt2023\/wp-content\/uploads\/2022\/12\/221108_intervencions_platja_23-768x512.jpg 768w, https:\/\/blocsenresidencia.bcn.cat\/mariaespinalt2023\/wp-content\/uploads\/2022\/12\/221108_intervencions_platja_23-1536x1024.jpg 1536w\" sizes=\"auto, (max-width: 767px) 89vw, (max-width: 1000px) 54vw, (max-width: 1071px) 543px, 580px\"><\/figure>\n<figure class=\"wp-block-image size-large\"><img decoding=\"async\" loading=\"lazy\" width=\"1024\" height=\"683\" data-id=\"64\" src=\"https:\/\/blocsenresidencia.bcn.cat\/mariaespinalt2023\/wp-content\/uploads\/2022\/12\/221108_intervencions_platja_34-1024x683.jpg\" alt=\"\" class=\"wp-image-64\" srcset=\"https:\/\/blocsenresidencia.bcn.cat\/mariaespinalt2023\/wp-content\/uploads\/2022\/12\/221108_intervencions_platja_34-1024x683.jpg 1024w, https:\/\/blocsenresidencia.bcn.cat\/mariaespinalt2023\/wp-content\/uploads\/2022\/12\/221108_intervencions_platja_34-300x200.jpg 300w, https:\/\/blocsenresidencia.bcn.cat\/mariaespinalt2023\/wp-content\/uploads\/2022\/12\/221108_intervencions_platja_34-768x512.jpg 768w, https:\/\/blocsenresidencia.bcn.cat\/mariaespinalt2023\/wp-content\/uploads\/2022\/12\/221108_intervencions_platja_34-1536x1024.jpg 1536w\" sizes=\"auto, (max-width: 767px) 89vw, (max-width: 1000px) 54vw, (max-width: 1071px) 543px, 580px\"><\/figure>\n<figure class=\"wp-block-image size-large\"><img decoding=\"async\" loading=\"lazy\" width=\"1024\" height=\"683\" data-id=\"63\" src=\"https:\/\/blocsenresidencia.bcn.cat\/mariaespinalt2023\/wp-content\/uploads\/2022\/12\/221108_intervencions_platja_27-1024x683.jpg\" alt=\"\" class=\"wp-image-63\" srcset=\"https:\/\/blocsenresidencia.bcn.cat\/mariaespinalt2023\/wp-content\/uploads\/2022\/12\/221108_intervencions_platja_27-1024x683.jpg 1024w, https:\/\/blocsenresidencia.bcn.cat\/mariaespinalt2023\/wp-content\/uploads\/2022\/12\/221108_intervencions_platja_27-300x200.jpg 300w, https:\/\/blocsenresidencia.bcn.cat\/mariaespinalt2023\/wp-content\/uploads\/2022\/12\/221108_intervencions_platja_27-768x512.jpg 768w, https:\/\/blocsenresidencia.bcn.cat\/mariaespinalt2023\/wp-content\/uploads\/2022\/12\/221108_intervencions_platja_27-1536x1024.jpg 1536w\" sizes=\"auto, (max-width: 767px) 89vw, (max-width: 1000px) 54vw, (max-width: 1071px) 543px, 580px\"><\/figure>\n<figure class=\"wp-block-image size-large\"><img decoding=\"async\" loading=\"lazy\" width=\"1024\" height=\"683\" data-id=\"62\" src=\"https:\/\/blocsenresidencia.bcn.cat\/mariaespinalt2023\/wp-content\/uploads\/2022\/12\/221108_intervencions_platja_68-1024x683.jpg\" alt=\"\" class=\"wp-image-62\" srcset=\"https:\/\/blocsenresidencia.bcn.cat\/mariaespinalt2023\/wp-content\/uploads\/2022\/12\/221108_intervencions_platja_68-1024x683.jpg 1024w, https:\/\/blocsenresidencia.bcn.cat\/mariaespinalt2023\/wp-content\/uploads\/2022\/12\/221108_intervencions_platja_68-300x200.jpg 300w, https:\/\/blocsenresidencia.bcn.cat\/mariaespinalt2023\/wp-content\/uploads\/2022\/12\/221108_intervencions_platja_68-768x512.jpg 768w, https:\/\/blocsenresidencia.bcn.cat\/mariaespinalt2023\/wp-content\/uploads\/2022\/12\/221108_intervencions_platja_68-1536x1024.jpg 1536w\" sizes=\"auto, (max-width: 767px) 89vw, (max-width: 1000px) 54vw, (max-width: 1071px) 543px, 580px\"><\/figure>\n<figure class=\"wp-block-image size-large\"><img decoding=\"async\" loading=\"lazy\" width=\"1024\" height=\"683\" data-id=\"61\" src=\"https:\/\/blocsenresidencia.bcn.cat\/mariaespinalt2023\/wp-content\/uploads\/2022\/12\/221108_intervencions_platja_45-1024x683.jpg\" alt=\"\" class=\"wp-image-61\" srcset=\"https:\/\/blocsenresidencia.bcn.cat\/mariaespinalt2023\/wp-content\/uploads\/2022\/12\/221108_intervencions_platja_45-1024x683.jpg 1024w, https:\/\/blocsenresidencia.bcn.cat\/mariaespinalt2023\/wp-content\/uploads\/2022\/12\/221108_intervencions_platja_45-300x200.jpg 300w, https:\/\/blocsenresidencia.bcn.cat\/mariaespinalt2023\/wp-content\/uploads\/2022\/12\/221108_intervencions_platja_45-768x512.jpg 768w, https:\/\/blocsenresidencia.bcn.cat\/mariaespinalt2023\/wp-content\/uploads\/2022\/12\/221108_intervencions_platja_45-1536x1024.jpg 1536w\" sizes=\"auto, (max-width: 767px) 89vw, (max-width: 1000px) 54vw, (max-width: 1071px) 543px, 580px\"><\/figure>\n<figure class=\"wp-block-image size-large\"><img decoding=\"async\" loading=\"lazy\" width=\"1024\" height=\"683\" data-id=\"59\" src=\"https:\/\/blocsenresidencia.bcn.cat\/mariaespinalt2023\/wp-content\/uploads\/2022\/12\/221108_intervencions_platja_59-1024x683.jpg\" alt=\"\" class=\"wp-image-59\" srcset=\"https:\/\/blocsenresidencia.bcn.cat\/mariaespinalt2023\/wp-content\/uploads\/2022\/12\/221108_intervencions_platja_59-1024x683.jpg 1024w, https:\/\/blocsenresidencia.bcn.cat\/mariaespinalt2023\/wp-content\/uploads\/2022\/12\/221108_intervencions_platja_59-300x200.jpg 300w, https:\/\/blocsenresidencia.bcn.cat\/mariaespinalt2023\/wp-content\/uploads\/2022\/12\/221108_intervencions_platja_59-768x512.jpg 768w, https:\/\/blocsenresidencia.bcn.cat\/mariaespinalt2023\/wp-content\/uploads\/2022\/12\/221108_intervencions_platja_59-1536x1024.jpg 1536w\" sizes=\"auto, (max-width: 767px) 89vw, (max-width: 1000px) 54vw, (max-width: 1071px) 543px, 580px\"><\/figure>\n<\/figure>\n<\/div>\n","protected":false},"excerpt":{"rendered":"<p>Des de Albert Giron\u00e8s EN RESiD\u00c8NCiA Vam agafar materials del carrer i vam muntar una escultura. Al nostre grup, vam trobar un carrito del mercadona sense rodes, una cadira amb 3 potes, pals, cordes, botelles d\u2019aigua\u2026 Tamb\u00e9 vamb trobar uns calaixos per\u00f2 no ho vam agafar perqu\u00e8 eren molt grans, i moltes coses m\u00e9s. Vam &hellip; <\/p>\n<p class=\"link-more\"><a href=\"https:\/\/blocsenresidencia.bcn.cat\/20222023\/2022\/12\/19\/escultura-a-la-platja\/\" class=\"more-link\">Continua llegint <span class=\"screen-reader-text\">\u00abEscultura a la platja\u00bb<\/span><\/a><\/p>\n","protected":false},"author":5,"featured_media":0,"comment_status":"closed","ping_status":"closed","sticky":false,"template":"","format":"standard","meta":{"footnotes":""},"categories":[1],"tags":[],"class_list":["post-205","post","type-post","status-publish","format-standard","hentry","category-general"],"_links":{"self":[{"href":"https:\/\/blocsenresidencia.bcn.cat\/20222023\/wp-json\/wp\/v2\/posts\/205","targetHints":{"allow":["GET"]}}],"collection":[{"href":"https:\/\/blocsenresidencia.bcn.cat\/20222023\/wp-json\/wp\/v2\/posts"}],"about":[{"href":"https:\/\/blocsenresidencia.bcn.cat\/20222023\/wp-json\/wp\/v2\/types\/post"}],"author":[{"embeddable":true,"href":"https:\/\/blocsenresidencia.bcn.cat\/20222023\/wp-json\/wp\/v2\/users\/5"}],"replies":[{"embeddable":true,"href":"https:\/\/blocsenresidencia.bcn.cat\/20222023\/wp-json\/wp\/v2\/comments?post=205"}],"version-history":[{"count":0,"href":"https:\/\/blocsenresidencia.bcn.cat\/20222023\/wp-json\/wp\/v2\/posts\/205\/revisions"}],"wp:attachment":[{"href":"https:\/\/blocsenresidencia.bcn.cat\/20222023\/wp-json\/wp\/v2\/media?parent=205"}],"wp:term":[{"taxonomy":"category","embeddable":true,"href":"https:\/\/blocsenresidencia.bcn.cat\/20222023\/wp-json\/wp\/v2\/categories?post=205"},{"taxonomy":"post_tag","embeddable":true,"href":"https:\/\/blocsenresidencia.bcn.cat\/20222023\/wp-json\/wp\/v2\/tags?post=205"}],"curies":[{"name":"wp","href":"https:\/\/api.w.org\/{rel}","templated":true}]}}