{"id":214,"date":"2022-12-22T12:08:34","date_gmt":"2022-12-22T10:08:34","guid":{"rendered":"https:\/\/blocsenresidencia.bcn.cat\/20222023\/2022\/12\/22\/accio-fotografica-com-vivim-el-temps-a-linstitut\/"},"modified":"2022-12-22T12:08:34","modified_gmt":"2022-12-22T10:08:34","slug":"accio-fotografica-com-vivim-el-temps-a-linstitut","status":"publish","type":"post","link":"https:\/\/blocsenresidencia.bcn.cat\/20222023\/2022\/12\/22\/accio-fotografica-com-vivim-el-temps-a-linstitut\/","title":{"rendered":"Acci\u00f3 Fotogr\u00e0fica: com vivim el temps a l\u2019institut?"},"content":{"rendered":"<p>Des de <a href=\"https:\/\/blocsenresidencia.bcn.cat\/conselldecent2023\/2022\/12\/22\/accio-fotografica-com-vivim-el-temps-a-linstitut\/\">Oriana Eli\u00e7abe EN RESiD\u00c8NCiA<\/a><\/p>\n<div>\n<figure class=\"wp-block-image size-large\"><img decoding=\"async\" loading=\"lazy\" width=\"1024\" height=\"768\" src=\"https:\/\/blocsenresidencia.bcn.cat\/conselldecent2023\/wp-content\/uploads\/2022\/12\/IMG_20221116_133839_1-1024x768.jpg\" alt=\"\" class=\"wp-image-72\" srcset=\"https:\/\/blocsenresidencia.bcn.cat\/conselldecent2023\/wp-content\/uploads\/2022\/12\/IMG_20221116_133839_1-1024x768.jpg 1024w, https:\/\/blocsenresidencia.bcn.cat\/conselldecent2023\/wp-content\/uploads\/2022\/12\/IMG_20221116_133839_1-300x225.jpg 300w, https:\/\/blocsenresidencia.bcn.cat\/conselldecent2023\/wp-content\/uploads\/2022\/12\/IMG_20221116_133839_1-768x576.jpg 768w, https:\/\/blocsenresidencia.bcn.cat\/conselldecent2023\/wp-content\/uploads\/2022\/12\/IMG_20221116_133839_1-1536x1152.jpg 1536w, https:\/\/blocsenresidencia.bcn.cat\/conselldecent2023\/wp-content\/uploads\/2022\/12\/IMG_20221116_133839_1-2048x1536.jpg 2048w\" sizes=\"auto, (max-width: 767px) 89vw, (max-width: 1000px) 54vw, (max-width: 1071px) 543px, 580px\"><\/figure>\n<figure class=\"wp-block-image size-large\"><img decoding=\"async\" loading=\"lazy\" width=\"1024\" height=\"768\" src=\"https:\/\/blocsenresidencia.bcn.cat\/conselldecent2023\/wp-content\/uploads\/2022\/12\/IMG_20221109_1338351-1024x768.jpg\" alt=\"\" class=\"wp-image-75\" srcset=\"https:\/\/blocsenresidencia.bcn.cat\/conselldecent2023\/wp-content\/uploads\/2022\/12\/IMG_20221109_1338351-1024x768.jpg 1024w, https:\/\/blocsenresidencia.bcn.cat\/conselldecent2023\/wp-content\/uploads\/2022\/12\/IMG_20221109_1338351-300x225.jpg 300w, https:\/\/blocsenresidencia.bcn.cat\/conselldecent2023\/wp-content\/uploads\/2022\/12\/IMG_20221109_1338351-768x576.jpg 768w, https:\/\/blocsenresidencia.bcn.cat\/conselldecent2023\/wp-content\/uploads\/2022\/12\/IMG_20221109_1338351-1536x1152.jpg 1536w, https:\/\/blocsenresidencia.bcn.cat\/conselldecent2023\/wp-content\/uploads\/2022\/12\/IMG_20221109_1338351-2048x1536.jpg 2048w\" sizes=\"auto, (max-width: 767px) 89vw, (max-width: 1000px) 54vw, (max-width: 1071px) 543px, 580px\"><\/figure>\n<p>Durant el mes de novembre, es continua explorant entorn als <strong>valors del temps que les alumnes viuen a l\u2019institut<\/strong>. Per grups, es posa en com\u00fa una pluja d\u2019idees en relaci\u00f3 a les emocions que donen resposta quan ens preguntem <em>com ens sentim en els diferents mesos de l\u2019any<\/em>. Un dels primers objectes quotidians que intervenim \u00e9s el <strong>calendari de paper<\/strong>. Aquest simbolitza el pas del temps, i amb les accions creatives esdev\u00e9 un possible marc i lloc des d\u2019on treballar amb les nostres emocions temporals situades en aquest context educatiu.<\/p>\n<figure class=\"wp-block-image size-large\"><img decoding=\"async\" loading=\"lazy\" width=\"1024\" height=\"768\" src=\"https:\/\/blocsenresidencia.bcn.cat\/conselldecent2023\/wp-content\/uploads\/2022\/12\/IMG_20221102_135810-1024x768.jpg\" alt=\"\" class=\"wp-image-77\" srcset=\"https:\/\/blocsenresidencia.bcn.cat\/conselldecent2023\/wp-content\/uploads\/2022\/12\/IMG_20221102_135810-1024x768.jpg 1024w, https:\/\/blocsenresidencia.bcn.cat\/conselldecent2023\/wp-content\/uploads\/2022\/12\/IMG_20221102_135810-300x225.jpg 300w, https:\/\/blocsenresidencia.bcn.cat\/conselldecent2023\/wp-content\/uploads\/2022\/12\/IMG_20221102_135810-768x576.jpg 768w, https:\/\/blocsenresidencia.bcn.cat\/conselldecent2023\/wp-content\/uploads\/2022\/12\/IMG_20221102_135810-1536x1152.jpg 1536w, https:\/\/blocsenresidencia.bcn.cat\/conselldecent2023\/wp-content\/uploads\/2022\/12\/IMG_20221102_135810-2048x1536.jpg 2048w\" sizes=\"auto, (max-width: 767px) 89vw, (max-width: 1000px) 54vw, (max-width: 1071px) 543px, 580px\"><\/figure>\n<figure class=\"wp-block-image size-large\"><img decoding=\"async\" loading=\"lazy\" width=\"768\" height=\"1024\" src=\"https:\/\/blocsenresidencia.bcn.cat\/conselldecent2023\/wp-content\/uploads\/2022\/12\/IMG_4027-768x1024.jpg\" alt=\"\" class=\"wp-image-78\" srcset=\"https:\/\/blocsenresidencia.bcn.cat\/conselldecent2023\/wp-content\/uploads\/2022\/12\/IMG_4027-768x1024.jpg 768w, https:\/\/blocsenresidencia.bcn.cat\/conselldecent2023\/wp-content\/uploads\/2022\/12\/IMG_4027-225x300.jpg 225w, https:\/\/blocsenresidencia.bcn.cat\/conselldecent2023\/wp-content\/uploads\/2022\/12\/IMG_4027-1152x1536.jpg 1152w, https:\/\/blocsenresidencia.bcn.cat\/conselldecent2023\/wp-content\/uploads\/2022\/12\/IMG_4027-1536x2048.jpg 1536w, https:\/\/blocsenresidencia.bcn.cat\/conselldecent2023\/wp-content\/uploads\/2022\/12\/IMG_4027-scaled.jpg 1920w\" sizes=\"auto, (max-width: 767px) 89vw, (max-width: 1000px) 54vw, (max-width: 1071px) 543px, 580px\"><\/figure>\n<figure class=\"is-layout-flex wp-block-gallery-9 wp-block-gallery has-nested-images columns-2 is-cropped\">\n<figure class=\"wp-block-image size-large\"><img decoding=\"async\" loading=\"lazy\" width=\"1024\" height=\"768\" data-id=\"81\" src=\"https:\/\/blocsenresidencia.bcn.cat\/conselldecent2023\/wp-content\/uploads\/2022\/12\/IMG_20221109_141704-1024x768.jpg\" alt=\"\" class=\"wp-image-81\" srcset=\"https:\/\/blocsenresidencia.bcn.cat\/conselldecent2023\/wp-content\/uploads\/2022\/12\/IMG_20221109_141704-1024x768.jpg 1024w, https:\/\/blocsenresidencia.bcn.cat\/conselldecent2023\/wp-content\/uploads\/2022\/12\/IMG_20221109_141704-300x225.jpg 300w, https:\/\/blocsenresidencia.bcn.cat\/conselldecent2023\/wp-content\/uploads\/2022\/12\/IMG_20221109_141704-768x576.jpg 768w, https:\/\/blocsenresidencia.bcn.cat\/conselldecent2023\/wp-content\/uploads\/2022\/12\/IMG_20221109_141704-1536x1152.jpg 1536w, https:\/\/blocsenresidencia.bcn.cat\/conselldecent2023\/wp-content\/uploads\/2022\/12\/IMG_20221109_141704-2048x1536.jpg 2048w\" sizes=\"auto, (max-width: 767px) 89vw, (max-width: 1000px) 54vw, (max-width: 1071px) 543px, 580px\"><\/figure>\n<figure class=\"wp-block-image size-large\"><img decoding=\"async\" loading=\"lazy\" width=\"1024\" height=\"768\" data-id=\"79\" src=\"https:\/\/blocsenresidencia.bcn.cat\/conselldecent2023\/wp-content\/uploads\/2022\/12\/IMG_20221102_141945-1024x768.jpg\" alt=\"\" class=\"wp-image-79\" srcset=\"https:\/\/blocsenresidencia.bcn.cat\/conselldecent2023\/wp-content\/uploads\/2022\/12\/IMG_20221102_141945-1024x768.jpg 1024w, https:\/\/blocsenresidencia.bcn.cat\/conselldecent2023\/wp-content\/uploads\/2022\/12\/IMG_20221102_141945-300x225.jpg 300w, https:\/\/blocsenresidencia.bcn.cat\/conselldecent2023\/wp-content\/uploads\/2022\/12\/IMG_20221102_141945-768x576.jpg 768w, https:\/\/blocsenresidencia.bcn.cat\/conselldecent2023\/wp-content\/uploads\/2022\/12\/IMG_20221102_141945-1536x1152.jpg 1536w, https:\/\/blocsenresidencia.bcn.cat\/conselldecent2023\/wp-content\/uploads\/2022\/12\/IMG_20221102_141945-2048x1536.jpg 2048w\" sizes=\"auto, (max-width: 767px) 89vw, (max-width: 1000px) 54vw, (max-width: 1071px) 543px, 580px\"><\/figure>\n<figure class=\"wp-block-image size-large\"><img decoding=\"async\" loading=\"lazy\" width=\"768\" height=\"1024\" data-id=\"82\" src=\"https:\/\/blocsenresidencia.bcn.cat\/conselldecent2023\/wp-content\/uploads\/2022\/12\/IMG_4030-768x1024.jpg\" alt=\"\" class=\"wp-image-82\" srcset=\"https:\/\/blocsenresidencia.bcn.cat\/conselldecent2023\/wp-content\/uploads\/2022\/12\/IMG_4030-768x1024.jpg 768w, https:\/\/blocsenresidencia.bcn.cat\/conselldecent2023\/wp-content\/uploads\/2022\/12\/IMG_4030-225x300.jpg 225w, https:\/\/blocsenresidencia.bcn.cat\/conselldecent2023\/wp-content\/uploads\/2022\/12\/IMG_4030-1152x1536.jpg 1152w, https:\/\/blocsenresidencia.bcn.cat\/conselldecent2023\/wp-content\/uploads\/2022\/12\/IMG_4030-1536x2048.jpg 1536w, https:\/\/blocsenresidencia.bcn.cat\/conselldecent2023\/wp-content\/uploads\/2022\/12\/IMG_4030-scaled.jpg 1920w\" sizes=\"auto, (max-width: 767px) 89vw, (max-width: 1000px) 54vw, (max-width: 1071px) 543px, 580px\"><\/figure>\n<figure class=\"wp-block-image size-large\"><img decoding=\"async\" loading=\"lazy\" width=\"1024\" height=\"768\" data-id=\"84\" src=\"https:\/\/blocsenresidencia.bcn.cat\/conselldecent2023\/wp-content\/uploads\/2022\/12\/IMG_20221116_135851_1-1-1024x768.jpg\" alt=\"\" class=\"wp-image-84\" srcset=\"https:\/\/blocsenresidencia.bcn.cat\/conselldecent2023\/wp-content\/uploads\/2022\/12\/IMG_20221116_135851_1-1-1024x768.jpg 1024w, https:\/\/blocsenresidencia.bcn.cat\/conselldecent2023\/wp-content\/uploads\/2022\/12\/IMG_20221116_135851_1-1-300x225.jpg 300w, https:\/\/blocsenresidencia.bcn.cat\/conselldecent2023\/wp-content\/uploads\/2022\/12\/IMG_20221116_135851_1-1-768x576.jpg 768w, https:\/\/blocsenresidencia.bcn.cat\/conselldecent2023\/wp-content\/uploads\/2022\/12\/IMG_20221116_135851_1-1-1536x1152.jpg 1536w, https:\/\/blocsenresidencia.bcn.cat\/conselldecent2023\/wp-content\/uploads\/2022\/12\/IMG_20221116_135851_1-1-2048x1536.jpg 2048w\" sizes=\"auto, (max-width: 767px) 89vw, (max-width: 1000px) 54vw, (max-width: 1071px) 543px, 580px\"><\/figure>\n<\/figure>\n<p>En paral\u00b7lel, l\u2019Oriana comparteix alguns recursos d\u2019edici\u00f3 i impressi\u00f3 d\u2019imatges (<strong>gigantografies<\/strong>) que poden ser interessants de cara a la producci\u00f3 de la pr\u00e0ctica art\u00edstica que estem dissenyant. La idea \u00e9s representar les emocions que sentim en diferents moments del curs posant els cossos en el centre del proc\u00e9s de creaci\u00f3, i amb les imatges resultants generar cartells \/ p\u00f2sters impressos en gran format.<\/p>\n<figure class=\"wp-block-image size-large\"><img decoding=\"async\" loading=\"lazy\" width=\"1024\" height=\"768\" src=\"https:\/\/blocsenresidencia.bcn.cat\/conselldecent2023\/wp-content\/uploads\/2022\/12\/IMG_20221109_132930_1-1024x768.jpg\" alt=\"\" class=\"wp-image-76\" srcset=\"https:\/\/blocsenresidencia.bcn.cat\/conselldecent2023\/wp-content\/uploads\/2022\/12\/IMG_20221109_132930_1-1024x768.jpg 1024w, https:\/\/blocsenresidencia.bcn.cat\/conselldecent2023\/wp-content\/uploads\/2022\/12\/IMG_20221109_132930_1-300x225.jpg 300w, https:\/\/blocsenresidencia.bcn.cat\/conselldecent2023\/wp-content\/uploads\/2022\/12\/IMG_20221109_132930_1-768x576.jpg 768w, https:\/\/blocsenresidencia.bcn.cat\/conselldecent2023\/wp-content\/uploads\/2022\/12\/IMG_20221109_132930_1-1536x1152.jpg 1536w, https:\/\/blocsenresidencia.bcn.cat\/conselldecent2023\/wp-content\/uploads\/2022\/12\/IMG_20221109_132930_1-2048x1536.jpg 2048w\" sizes=\"auto, (max-width: 767px) 89vw, (max-width: 1000px) 54vw, (max-width: 1071px) 543px, 580px\"><\/figure>\n<\/div>\n","protected":false},"excerpt":{"rendered":"<p>Des de Oriana Eli\u00e7abe EN RESiD\u00c8NCiA Durant el mes de novembre, es continua explorant entorn als valors del temps que les alumnes viuen a l\u2019institut. Per grups, es posa en com\u00fa una pluja d\u2019idees en relaci\u00f3 a les emocions que donen resposta quan ens preguntem com ens sentim en els diferents mesos de l\u2019any. Un &hellip; <\/p>\n<p class=\"link-more\"><a href=\"https:\/\/blocsenresidencia.bcn.cat\/20222023\/2022\/12\/22\/accio-fotografica-com-vivim-el-temps-a-linstitut\/\" class=\"more-link\">Continua llegint <span class=\"screen-reader-text\">\u00abAcci\u00f3 Fotogr\u00e0fica: com vivim el temps a l\u2019institut?\u00bb<\/span><\/a><\/p>\n","protected":false},"author":5,"featured_media":0,"comment_status":"closed","ping_status":"closed","sticky":false,"template":"","format":"standard","meta":{"footnotes":""},"categories":[1],"tags":[],"class_list":["post-214","post","type-post","status-publish","format-standard","hentry","category-general"],"_links":{"self":[{"href":"https:\/\/blocsenresidencia.bcn.cat\/20222023\/wp-json\/wp\/v2\/posts\/214","targetHints":{"allow":["GET"]}}],"collection":[{"href":"https:\/\/blocsenresidencia.bcn.cat\/20222023\/wp-json\/wp\/v2\/posts"}],"about":[{"href":"https:\/\/blocsenresidencia.bcn.cat\/20222023\/wp-json\/wp\/v2\/types\/post"}],"author":[{"embeddable":true,"href":"https:\/\/blocsenresidencia.bcn.cat\/20222023\/wp-json\/wp\/v2\/users\/5"}],"replies":[{"embeddable":true,"href":"https:\/\/blocsenresidencia.bcn.cat\/20222023\/wp-json\/wp\/v2\/comments?post=214"}],"version-history":[{"count":0,"href":"https:\/\/blocsenresidencia.bcn.cat\/20222023\/wp-json\/wp\/v2\/posts\/214\/revisions"}],"wp:attachment":[{"href":"https:\/\/blocsenresidencia.bcn.cat\/20222023\/wp-json\/wp\/v2\/media?parent=214"}],"wp:term":[{"taxonomy":"category","embeddable":true,"href":"https:\/\/blocsenresidencia.bcn.cat\/20222023\/wp-json\/wp\/v2\/categories?post=214"},{"taxonomy":"post_tag","embeddable":true,"href":"https:\/\/blocsenresidencia.bcn.cat\/20222023\/wp-json\/wp\/v2\/tags?post=214"}],"curies":[{"name":"wp","href":"https:\/\/api.w.org\/{rel}","templated":true}]}}