{"id":216,"date":"2022-12-27T10:16:18","date_gmt":"2022-12-27T08:16:18","guid":{"rendered":"https:\/\/blocsenresidencia.bcn.cat\/20222023\/2022\/12\/27\/les-nostres-primeres-impressions\/"},"modified":"2022-12-27T10:16:18","modified_gmt":"2022-12-27T08:16:18","slug":"les-nostres-primeres-impressions","status":"publish","type":"post","link":"https:\/\/blocsenresidencia.bcn.cat\/20222023\/2022\/12\/27\/les-nostres-primeres-impressions\/","title":{"rendered":"Les nostres primeres impressions"},"content":{"rendered":"<p>Des de <a href=\"https:\/\/blocsenresidencia.bcn.cat\/recomtal2023\/2022\/12\/27\/les-nostres-primeres-impressions\/\">Albert Gusi EN RESiD\u00c8NCiA<\/a><\/p>\n<div>\n<p>L\u2019alumnat de 1rB de l\u2019institut Rec Comtal t\u00e9 la sort de fer un projecte art\u00edstic amb l\u2019artista pl\u00e0stic Albert Gusi. A poc a poc els joves han anat conceptualitzant el concepte de la proposta. Tamb\u00e9, i gr\u00e0cies a les bones intencions de l\u2019Albert i la Neus s\u2019ha establert una relaci\u00f3 de confian\u00e7a que permet assolir cada cop m\u00e9s els objectius plantejats amb m\u00e9s flu\u00efdesa i motivaci\u00f3.<\/p>\n<p>No \u00e9s un repte f\u00e0cil, per\u00f2 cadasc\u00fa de nosaltres estem experimentant i tothom al seu ritme est\u00e0 gaudint. De manera general, i segons les impressions i opinions\u00a0 que han escrit, l\u2019activitat setmanal els agrada.\u00a0 Agraeixen realitzar una activitat fora del curr\u00edculum escolar. Els aprenents aprecien les estones a l\u2019aire lliure i l\u2019activitat preferida ha estat l\u2019intercanvi intergeneracional amb el ve\u00efnat.\u00a0 El mes passat, a classe, van preparar unes entrevistes i vam anar a la pla\u00e7a. Les persones del barri van ser receptives i participatives. Els nois i noies van descobrir el seu barri des d\u2019una nova mirada. Amb ganes de seguir fent cam\u00ed junts els propers mesos, us deixem aquest v\u00eddeo per a qu\u00e8 pogueu escoltar algunes alumnes de la classe.<\/p>\n<figure class=\"wp-block-video\"><video controls src=\"https:\/\/blocsenresidencia.bcn.cat\/recomtal2023\/wp-content\/uploads\/2022\/12\/ArtistaEnResidenciaRecComtalVideo480.mov\"><\/video><\/figure>\n<\/div>\n","protected":false},"excerpt":{"rendered":"<p>Des de Albert Gusi EN RESiD\u00c8NCiA L\u2019alumnat de 1rB de l\u2019institut Rec Comtal t\u00e9 la sort de fer un projecte art\u00edstic amb l\u2019artista pl\u00e0stic Albert Gusi. A poc a poc els joves han anat conceptualitzant el concepte de la proposta. Tamb\u00e9, i gr\u00e0cies a les bones intencions de l\u2019Albert i la Neus s\u2019ha establert una &hellip; <\/p>\n<p class=\"link-more\"><a href=\"https:\/\/blocsenresidencia.bcn.cat\/20222023\/2022\/12\/27\/les-nostres-primeres-impressions\/\" class=\"more-link\">Continua llegint <span class=\"screen-reader-text\">\u00abLes nostres primeres impressions\u00bb<\/span><\/a><\/p>\n","protected":false},"author":5,"featured_media":0,"comment_status":"closed","ping_status":"closed","sticky":false,"template":"","format":"standard","meta":{"footnotes":""},"categories":[1],"tags":[],"class_list":["post-216","post","type-post","status-publish","format-standard","hentry","category-general"],"_links":{"self":[{"href":"https:\/\/blocsenresidencia.bcn.cat\/20222023\/wp-json\/wp\/v2\/posts\/216","targetHints":{"allow":["GET"]}}],"collection":[{"href":"https:\/\/blocsenresidencia.bcn.cat\/20222023\/wp-json\/wp\/v2\/posts"}],"about":[{"href":"https:\/\/blocsenresidencia.bcn.cat\/20222023\/wp-json\/wp\/v2\/types\/post"}],"author":[{"embeddable":true,"href":"https:\/\/blocsenresidencia.bcn.cat\/20222023\/wp-json\/wp\/v2\/users\/5"}],"replies":[{"embeddable":true,"href":"https:\/\/blocsenresidencia.bcn.cat\/20222023\/wp-json\/wp\/v2\/comments?post=216"}],"version-history":[{"count":0,"href":"https:\/\/blocsenresidencia.bcn.cat\/20222023\/wp-json\/wp\/v2\/posts\/216\/revisions"}],"wp:attachment":[{"href":"https:\/\/blocsenresidencia.bcn.cat\/20222023\/wp-json\/wp\/v2\/media?parent=216"}],"wp:term":[{"taxonomy":"category","embeddable":true,"href":"https:\/\/blocsenresidencia.bcn.cat\/20222023\/wp-json\/wp\/v2\/categories?post=216"},{"taxonomy":"post_tag","embeddable":true,"href":"https:\/\/blocsenresidencia.bcn.cat\/20222023\/wp-json\/wp\/v2\/tags?post=216"}],"curies":[{"name":"wp","href":"https:\/\/api.w.org\/{rel}","templated":true}]}}