{"id":217,"date":"2023-01-09T12:09:51","date_gmt":"2023-01-09T10:09:51","guid":{"rendered":"https:\/\/blocsenresidencia.bcn.cat\/20222023\/2023\/01\/09\/217\/"},"modified":"2023-01-09T12:09:51","modified_gmt":"2023-01-09T10:09:51","slug":"217","status":"publish","type":"post","link":"https:\/\/blocsenresidencia.bcn.cat\/20222023\/2023\/01\/09\/217\/","title":{"rendered":""},"content":{"rendered":"<p>Des de <a href=\"https:\/\/blocsenresidencia.bcn.cat\/salvatpapasseit2023\/2023\/01\/09\/60\/\">Elena Blesa i Todo por la Praxis EN RESiD\u00c8NCiA<\/a><\/p>\n<div>\n<ul>\n<li><strong><em>RECORREGUT PER EL BARRI DE LA BARCELONETA<\/em><\/strong><\/li>\n<\/ul>\n<p>Un dijous d\u2019octubre vam anar a fer un recorregut pel barri. Vam fer grups i cada grup va escollir el lloc que m\u00e9s li recordava a la seva infantesa. Els artistes que ens acompanyaven vam gaudir de la sortida.<\/p>\n<p>Tots nosaltres vam decidir fer la sortida per con\u00e8ixer-nos millor, i que els artistes coneguessin el nostre estimat barri i els llocs que m\u00e9s estima\u00a0 tenim.<\/p>\n<ul>\n<li><strong>Vam visitar 4 llocs:<\/strong><strong>\u00a0<\/strong><\/li>\n<\/ul>\n<p><strong>Els patis pescadors<\/strong> que \u00e9s una pla\u00e7a on antigament viv\u00edem pescadors i actualment viu sobretot gent del barri i tamb\u00e9 hi ha 3 parcs i una font. T\u00e9 un gran significat per nosaltres perqu\u00e8 vam passar molt temps de la nostra infantesa quedant a aquest inoblidable lloc.<\/p>\n<figure class=\"wp-block-image size-full\"><img decoding=\"async\" src=\"https:\/\/blocsenresidencia.bcn.cat\/salvatpapasseit2023\/wp-content\/uploads\/2023\/01\/patios-pescadores-2.heic\" alt=\"\" class=\"wp-image-64\"><\/figure>\n<\/p>\n<\/p>\n<\/p>\n<p><strong>La pla\u00e7a Poeta Bosc\u00e0 m\u00e9s coneguda com la Repla<\/strong> que t\u00e9 al mig un parc i dues taules de ping- pong. Tamb\u00e9 hi ha un quiosc que utilitzen com a porteria quan juguen a futbol.\u00a0 Aquesta pla\u00e7a comunica amb el mercat de la Barceloneta i als voltants, t\u00e9 bars m\u00edtics com la Cova Fumada (unes de les millors bombes de la Barceloneta).<\/p>\n<p>Despr\u00e9s van anar <strong>al parc de la Catalana<\/strong> que t\u00e9 dos parcs, un camp de b\u00e0squet i dos camps de petanca. Aquest parc comunica amb el camp de futbol de la Barceloneta, i els m\u00e9s petits del barri juguen all\u00e0 despr\u00e9s de sortir de l\u2019escola.<\/p>\n<p><img decoding=\"async\" loading=\"lazy\" src=\"https:\/\/lh5.googleusercontent.com\/Z1SsHiBkc-ZMT9rm3Jzn7NThUmWjxH6EAdT4rQD5Oh8GBIqLiIWntq_jHFwA3JdaXBX8B3dnVKPFnNKwI3k6uKhYSWaV5WZY-jz4YJzF5uXtlLFOIktIwTqmjA2HslMBiRjersEvGtyie_I639N5Ie9LtT_ic0WGkfgF07PWQo7cTbaGGLVSmKkFPNJz5A\" width=\"560.0886075949367\" height=\"314.9826546379912\"><\/p>\n<figure class=\"wp-block-image\"><img decoding=\"async\" src=\"https:\/\/lh6.googleusercontent.com\/_DOvuaRxHE-a8nDAUguNwyKa9S4GYrUNVQ3NG9NUI5_0pTaQyfNw-i2XWONP7ShnSuPxtOHCxkuXyrTpl4BTXG7Vdavmjz4cGaqqEqvZn6JGeG5EepsCyfcEsJFC90eKk-71v7QOuQlmjxaZY01zdwya4Oq3NF8JHA5pTK6Klnpn4J5gf0DTbeAD3pyw3Q\" alt=\"\"><\/figure>\n<p><strong>Finalment, vam anar a la biblioteca de la Barceloneta.<\/strong><\/p>\n<p>Un lloc preci\u00f3s on feia temps ens reun\u00edem per\u00a0 passar una bonica estona, envoltats d\u2019amics, estudiant o simplement riure i passant una bona estona. Una ll\u00e0stima que aquests temps s\u2019hagin acabat. El fi d\u2019una etapa que mai oblidarem. Encara recordem els somriures d\u2019aquelles tardes alegres i que res ens preocupava.\u00a0<\/p>\n<figure class=\"wp-block-image\"><img decoding=\"async\" src=\"https:\/\/lh4.googleusercontent.com\/HGRSs0PNb7U-0XDXEI8VWeQzJiXuhkRJ7D0GtivaTc2YQU5s9a9UV6v3nR1cg-PTSGOxwRvuUz5_1mLcpXTwl7KJS3wUNrjQ2T343bDluehLqJtDVIbQ8mcKgkn8wvtzzzgVxgEQMRP5N_kJjbfuKDzpQuNsrbz_4HXJ8KPMXFMeiAQCWUorQT_ezqIP8w\" alt=\"\"><\/figure>\n<figure class=\"wp-block-image\"><img decoding=\"async\" src=\"https:\/\/lh6.googleusercontent.com\/dqhv0AqrHC1ewEv26uzB27GEkp5RiLYXMc2SyIL-fu36iMYiTVZ_G2SXl6EqjWmHxjPC9qy0covXx2OsnJ7m6MHkcwBpeZRDcnaDWC5D7ZJbE-BBhmuzzt5SRpgomdtKgDvtFA0a18esBT6KY8aEREdf9ZZ8ic1F2AR-IjUT1mVi8_Lf6vzbI04VGWigew\" alt=\"\"><\/figure>\n<\/div>\n","protected":false},"excerpt":{"rendered":"<p>Des de Elena Blesa i Todo por la Praxis EN RESiD\u00c8NCiA RECORREGUT PER EL BARRI DE LA BARCELONETA Un dijous d\u2019octubre vam anar a fer un recorregut pel barri. Vam fer grups i cada grup va escollir el lloc que m\u00e9s li recordava a la seva infantesa. Els artistes que ens acompanyaven vam gaudir de &hellip; <\/p>\n<p class=\"link-more\"><a href=\"https:\/\/blocsenresidencia.bcn.cat\/20222023\/2023\/01\/09\/217\/\" class=\"more-link\">Continua llegint <span class=\"screen-reader-text\">\u00ab\u00bb<\/span><\/a><\/p>\n","protected":false},"author":5,"featured_media":0,"comment_status":"open","ping_status":"closed","sticky":false,"template":"","format":"standard","meta":{"footnotes":""},"categories":[1],"tags":[],"class_list":["post-217","post","type-post","status-publish","format-standard","hentry","category-general"],"_links":{"self":[{"href":"https:\/\/blocsenresidencia.bcn.cat\/20222023\/wp-json\/wp\/v2\/posts\/217","targetHints":{"allow":["GET"]}}],"collection":[{"href":"https:\/\/blocsenresidencia.bcn.cat\/20222023\/wp-json\/wp\/v2\/posts"}],"about":[{"href":"https:\/\/blocsenresidencia.bcn.cat\/20222023\/wp-json\/wp\/v2\/types\/post"}],"author":[{"embeddable":true,"href":"https:\/\/blocsenresidencia.bcn.cat\/20222023\/wp-json\/wp\/v2\/users\/5"}],"replies":[{"embeddable":true,"href":"https:\/\/blocsenresidencia.bcn.cat\/20222023\/wp-json\/wp\/v2\/comments?post=217"}],"version-history":[{"count":0,"href":"https:\/\/blocsenresidencia.bcn.cat\/20222023\/wp-json\/wp\/v2\/posts\/217\/revisions"}],"wp:attachment":[{"href":"https:\/\/blocsenresidencia.bcn.cat\/20222023\/wp-json\/wp\/v2\/media?parent=217"}],"wp:term":[{"taxonomy":"category","embeddable":true,"href":"https:\/\/blocsenresidencia.bcn.cat\/20222023\/wp-json\/wp\/v2\/categories?post=217"},{"taxonomy":"post_tag","embeddable":true,"href":"https:\/\/blocsenresidencia.bcn.cat\/20222023\/wp-json\/wp\/v2\/tags?post=217"}],"curies":[{"name":"wp","href":"https:\/\/api.w.org\/{rel}","templated":true}]}}