{"id":221,"date":"2023-01-11T01:08:17","date_gmt":"2023-01-10T23:08:17","guid":{"rendered":"https:\/\/blocsenresidencia.bcn.cat\/20222023\/2023\/01\/11\/visita-al-museu-del-disseny-de-barcelona\/"},"modified":"2023-01-11T01:08:17","modified_gmt":"2023-01-10T23:08:17","slug":"visita-al-museu-del-disseny-de-barcelona","status":"publish","type":"post","link":"https:\/\/blocsenresidencia.bcn.cat\/20222023\/2023\/01\/11\/visita-al-museu-del-disseny-de-barcelona\/","title":{"rendered":"Visita al Museu del Disseny de Barcelona"},"content":{"rendered":"<p>Des de <a href=\"https:\/\/blocsenresidencia.bcn.cat\/joanbrossa2023\/2023\/01\/10\/visita-al-museu-del-disseny-de-barcelona\/\">Curro Claret EN RESiD\u00c8NCiA<\/a><\/p>\n<div>\n<div class=\"is-layout-flex wp-container-5 wp-block-columns\">\n<div class=\"is-layout-flow wp-block-column\" style=\"flex-basis:66.66%\">\n<p>Una de les sortides que vam fer a l\u2019octubre, despr\u00e9s de fer el nostre quadern, va ser anar al Museu del Disseny de Barcelona. Vam veure una exposici\u00f3 anomenada \u201cObjectes comuns\u201d, que tractava d\u2019objectes que s\u00f3n presents en el nostre dia a dia, els quals el disseny els va transformar en objectes essencials i pr\u00e0ctics per a qu\u00e8 siguin m\u00e9s c\u00f2modes i eficients.<\/p>\n<\/div>\n<div class=\"is-layout-flow wp-block-column\" style=\"flex-basis:33.33%\">\n<div class=\"wp-block-image is-style-default\">\n<figure class=\"alignleft size-full is-resized\"><a href=\"https:\/\/ajuntament.barcelona.cat\/museudeldisseny\/ca\/publicacio\/objectes-comuns-histories-locals-debats-globals\"><img decoding=\"async\" loading=\"lazy\" src=\"https:\/\/blocsenresidencia.bcn.cat\/joanbrossa2023\/wp-content\/uploads\/2023\/01\/coberta_oc_cat-3.jpg\" alt=\"\" class=\"wp-image-128\" width=\"195\" height=\"195\" srcset=\"https:\/\/blocsenresidencia.bcn.cat\/joanbrossa2023\/wp-content\/uploads\/2023\/01\/coberta_oc_cat-3.jpg 511w, https:\/\/blocsenresidencia.bcn.cat\/joanbrossa2023\/wp-content\/uploads\/2023\/01\/coberta_oc_cat-3-300x300.jpg 300w, https:\/\/blocsenresidencia.bcn.cat\/joanbrossa2023\/wp-content\/uploads\/2023\/01\/coberta_oc_cat-3-150x150.jpg 150w, https:\/\/blocsenresidencia.bcn.cat\/joanbrossa2023\/wp-content\/uploads\/2023\/01\/coberta_oc_cat-3-100x100.jpg 100w\" sizes=\"auto, (max-width: 195px) 100vw, 195px\"><\/a><figcaption class=\"wp-element-caption\">Cartell de l\u2019exposici\u00f3<\/figcaption><\/figure>\n<\/div>\n<\/div>\n<\/div>\n<p>Tamb\u00e9 vam aprendre alguns aspectes concrets del disseny, com la capacitat de solucionar problemes que es presenten en el dia a dia, amb l\u2019objectiu de fer-nos m\u00e9s c\u00f2mode i agradable l\u2019\u00fas d\u2019un objecte quotidi\u00e0.<\/p>\n<figure class=\"is-layout-flex wp-block-gallery-6 wp-block-gallery has-nested-images columns-default is-cropped\">\n<figure class=\"wp-block-image size-large\"><img decoding=\"async\" loading=\"lazy\" width=\"1024\" height=\"768\" data-id=\"131\" src=\"https:\/\/blocsenresidencia.bcn.cat\/joanbrossa2023\/wp-content\/uploads\/2023\/01\/221020_MuseuDisseny_CurroClaret_mb_10-1024x768.jpg\" alt=\"\" class=\"wp-image-131\" srcset=\"https:\/\/blocsenresidencia.bcn.cat\/joanbrossa2023\/wp-content\/uploads\/2023\/01\/221020_MuseuDisseny_CurroClaret_mb_10-1024x768.jpg 1024w, https:\/\/blocsenresidencia.bcn.cat\/joanbrossa2023\/wp-content\/uploads\/2023\/01\/221020_MuseuDisseny_CurroClaret_mb_10-300x225.jpg 300w, https:\/\/blocsenresidencia.bcn.cat\/joanbrossa2023\/wp-content\/uploads\/2023\/01\/221020_MuseuDisseny_CurroClaret_mb_10-768x576.jpg 768w, https:\/\/blocsenresidencia.bcn.cat\/joanbrossa2023\/wp-content\/uploads\/2023\/01\/221020_MuseuDisseny_CurroClaret_mb_10-1536x1152.jpg 1536w, https:\/\/blocsenresidencia.bcn.cat\/joanbrossa2023\/wp-content\/uploads\/2023\/01\/221020_MuseuDisseny_CurroClaret_mb_10-2048x1536.jpg 2048w\" sizes=\"auto, (max-width: 767px) 89vw, (max-width: 1000px) 54vw, (max-width: 1071px) 543px, 580px\"><\/figure>\n<figure class=\"wp-block-image size-large\"><img decoding=\"async\" loading=\"lazy\" width=\"1024\" height=\"683\" data-id=\"139\" src=\"https:\/\/blocsenresidencia.bcn.cat\/joanbrossa2023\/wp-content\/uploads\/2023\/01\/221020_MuseuDisseny_CurroClaret_11-2-1024x683.jpg\" alt=\"\" class=\"wp-image-139\" srcset=\"https:\/\/blocsenresidencia.bcn.cat\/joanbrossa2023\/wp-content\/uploads\/2023\/01\/221020_MuseuDisseny_CurroClaret_11-2-1024x683.jpg 1024w, https:\/\/blocsenresidencia.bcn.cat\/joanbrossa2023\/wp-content\/uploads\/2023\/01\/221020_MuseuDisseny_CurroClaret_11-2-300x200.jpg 300w, https:\/\/blocsenresidencia.bcn.cat\/joanbrossa2023\/wp-content\/uploads\/2023\/01\/221020_MuseuDisseny_CurroClaret_11-2-768x512.jpg 768w, https:\/\/blocsenresidencia.bcn.cat\/joanbrossa2023\/wp-content\/uploads\/2023\/01\/221020_MuseuDisseny_CurroClaret_11-2-1536x1024.jpg 1536w, https:\/\/blocsenresidencia.bcn.cat\/joanbrossa2023\/wp-content\/uploads\/2023\/01\/221020_MuseuDisseny_CurroClaret_11-2-2048x1365.jpg 2048w\" sizes=\"auto, (max-width: 767px) 89vw, (max-width: 1000px) 54vw, (max-width: 1071px) 543px, 580px\"><\/figure>\n<figure class=\"wp-block-image size-large\"><img decoding=\"async\" loading=\"lazy\" width=\"2001\" height=\"2000\" data-id=\"141\" src=\"https:\/\/blocsenresidencia.bcn.cat\/joanbrossa2023\/wp-content\/uploads\/2023\/01\/221020_MuseuDisseny_CurroClaret_25-3-edited.jpg\" alt=\"\" class=\"wp-image-141\" srcset=\"https:\/\/blocsenresidencia.bcn.cat\/joanbrossa2023\/wp-content\/uploads\/2023\/01\/221020_MuseuDisseny_CurroClaret_25-3-edited.jpg 2001w, https:\/\/blocsenresidencia.bcn.cat\/joanbrossa2023\/wp-content\/uploads\/2023\/01\/221020_MuseuDisseny_CurroClaret_25-3-edited-300x300.jpg 300w, https:\/\/blocsenresidencia.bcn.cat\/joanbrossa2023\/wp-content\/uploads\/2023\/01\/221020_MuseuDisseny_CurroClaret_25-3-edited-1024x1024.jpg 1024w, https:\/\/blocsenresidencia.bcn.cat\/joanbrossa2023\/wp-content\/uploads\/2023\/01\/221020_MuseuDisseny_CurroClaret_25-3-edited-150x150.jpg 150w, https:\/\/blocsenresidencia.bcn.cat\/joanbrossa2023\/wp-content\/uploads\/2023\/01\/221020_MuseuDisseny_CurroClaret_25-3-edited-768x768.jpg 768w, https:\/\/blocsenresidencia.bcn.cat\/joanbrossa2023\/wp-content\/uploads\/2023\/01\/221020_MuseuDisseny_CurroClaret_25-3-edited-1536x1536.jpg 1536w, https:\/\/blocsenresidencia.bcn.cat\/joanbrossa2023\/wp-content\/uploads\/2023\/01\/221020_MuseuDisseny_CurroClaret_25-3-edited-100x100.jpg 100w\" sizes=\"auto, (max-width: 767px) 89vw, (max-width: 1000px) 54vw, (max-width: 1071px) 543px, 580px\"><\/figure>\n<\/figure>\n<p>A la segona part ens van proposar escollir un objecte de l\u2019exposici\u00f3 que ens hagu\u00e9s cridat l\u2019atenci\u00f3. L\u2019hav\u00edem de dibuixar a la nostra llibreta i posar perqu\u00e8 hav\u00edem escollit aquell objecte i quina funci\u00f3 hi tenia.<\/p>\n<figure class=\"is-layout-flex wp-block-gallery-8 wp-block-gallery has-nested-images columns-default is-cropped\">\n<figure class=\"wp-block-image size-large\"><img decoding=\"async\" loading=\"lazy\" width=\"1024\" height=\"683\" data-id=\"142\" src=\"https:\/\/blocsenresidencia.bcn.cat\/joanbrossa2023\/wp-content\/uploads\/2023\/01\/221020_MuseuDisseny_CurroClaret_47-1024x683.jpg\" alt=\"\" class=\"wp-image-142\" srcset=\"https:\/\/blocsenresidencia.bcn.cat\/joanbrossa2023\/wp-content\/uploads\/2023\/01\/221020_MuseuDisseny_CurroClaret_47-1024x683.jpg 1024w, https:\/\/blocsenresidencia.bcn.cat\/joanbrossa2023\/wp-content\/uploads\/2023\/01\/221020_MuseuDisseny_CurroClaret_47-300x200.jpg 300w, https:\/\/blocsenresidencia.bcn.cat\/joanbrossa2023\/wp-content\/uploads\/2023\/01\/221020_MuseuDisseny_CurroClaret_47-768x512.jpg 768w, https:\/\/blocsenresidencia.bcn.cat\/joanbrossa2023\/wp-content\/uploads\/2023\/01\/221020_MuseuDisseny_CurroClaret_47-1536x1024.jpg 1536w, https:\/\/blocsenresidencia.bcn.cat\/joanbrossa2023\/wp-content\/uploads\/2023\/01\/221020_MuseuDisseny_CurroClaret_47-2048x1365.jpg 2048w\" sizes=\"auto, (max-width: 767px) 89vw, (max-width: 1000px) 54vw, (max-width: 1071px) 543px, 580px\"><\/figure>\n<figure class=\"wp-block-image size-large\"><img decoding=\"async\" loading=\"lazy\" width=\"1024\" height=\"768\" data-id=\"145\" src=\"https:\/\/blocsenresidencia.bcn.cat\/joanbrossa2023\/wp-content\/uploads\/2023\/01\/221020_MuseuDisseny_CurroClaret_mb_45-1-1024x768.jpg\" alt=\"\" class=\"wp-image-145\" srcset=\"https:\/\/blocsenresidencia.bcn.cat\/joanbrossa2023\/wp-content\/uploads\/2023\/01\/221020_MuseuDisseny_CurroClaret_mb_45-1-1024x768.jpg 1024w, https:\/\/blocsenresidencia.bcn.cat\/joanbrossa2023\/wp-content\/uploads\/2023\/01\/221020_MuseuDisseny_CurroClaret_mb_45-1-300x225.jpg 300w, https:\/\/blocsenresidencia.bcn.cat\/joanbrossa2023\/wp-content\/uploads\/2023\/01\/221020_MuseuDisseny_CurroClaret_mb_45-1-768x576.jpg 768w, https:\/\/blocsenresidencia.bcn.cat\/joanbrossa2023\/wp-content\/uploads\/2023\/01\/221020_MuseuDisseny_CurroClaret_mb_45-1-1536x1152.jpg 1536w, https:\/\/blocsenresidencia.bcn.cat\/joanbrossa2023\/wp-content\/uploads\/2023\/01\/221020_MuseuDisseny_CurroClaret_mb_45-1-2048x1536.jpg 2048w\" sizes=\"auto, (max-width: 767px) 89vw, (max-width: 1000px) 54vw, (max-width: 1071px) 543px, 580px\"><\/figure>\n<\/figure>\n<p>A classe vam continuar fent el dibuix del i vam cercar m\u00e9s informaci\u00f3 sobre l\u2019objecte que vam escollir.<\/p>\n<p>Al final vam aprendre que el disseny \u00e9s la capacitat de crear coses amb la intenci\u00f3 d\u2019innovar, millorar, i perfeccionar per tal d\u2019acabar amb problemes, experimentar, o amb la finalitat d\u2019expressar-se.<\/p>\n<\/div>\n","protected":false},"excerpt":{"rendered":"<p>Des de Curro Claret EN RESiD\u00c8NCiA Una de les sortides que vam fer a l\u2019octubre, despr\u00e9s de fer el nostre quadern, va ser anar al Museu del Disseny de Barcelona. Vam veure una exposici\u00f3 anomenada \u201cObjectes comuns\u201d, que tractava d\u2019objectes que s\u00f3n presents en el nostre dia a dia, els quals el disseny els va &hellip; <\/p>\n<p class=\"link-more\"><a href=\"https:\/\/blocsenresidencia.bcn.cat\/20222023\/2023\/01\/11\/visita-al-museu-del-disseny-de-barcelona\/\" class=\"more-link\">Continua llegint <span class=\"screen-reader-text\">\u00abVisita al Museu del Disseny de Barcelona\u00bb<\/span><\/a><\/p>\n","protected":false},"author":5,"featured_media":0,"comment_status":"open","ping_status":"closed","sticky":false,"template":"","format":"standard","meta":{"footnotes":""},"categories":[1],"tags":[],"class_list":["post-221","post","type-post","status-publish","format-standard","hentry","category-general"],"_links":{"self":[{"href":"https:\/\/blocsenresidencia.bcn.cat\/20222023\/wp-json\/wp\/v2\/posts\/221","targetHints":{"allow":["GET"]}}],"collection":[{"href":"https:\/\/blocsenresidencia.bcn.cat\/20222023\/wp-json\/wp\/v2\/posts"}],"about":[{"href":"https:\/\/blocsenresidencia.bcn.cat\/20222023\/wp-json\/wp\/v2\/types\/post"}],"author":[{"embeddable":true,"href":"https:\/\/blocsenresidencia.bcn.cat\/20222023\/wp-json\/wp\/v2\/users\/5"}],"replies":[{"embeddable":true,"href":"https:\/\/blocsenresidencia.bcn.cat\/20222023\/wp-json\/wp\/v2\/comments?post=221"}],"version-history":[{"count":0,"href":"https:\/\/blocsenresidencia.bcn.cat\/20222023\/wp-json\/wp\/v2\/posts\/221\/revisions"}],"wp:attachment":[{"href":"https:\/\/blocsenresidencia.bcn.cat\/20222023\/wp-json\/wp\/v2\/media?parent=221"}],"wp:term":[{"taxonomy":"category","embeddable":true,"href":"https:\/\/blocsenresidencia.bcn.cat\/20222023\/wp-json\/wp\/v2\/categories?post=221"},{"taxonomy":"post_tag","embeddable":true,"href":"https:\/\/blocsenresidencia.bcn.cat\/20222023\/wp-json\/wp\/v2\/tags?post=221"}],"curies":[{"name":"wp","href":"https:\/\/api.w.org\/{rel}","templated":true}]}}