{"id":228,"date":"2023-01-13T10:34:11","date_gmt":"2023-01-13T08:34:11","guid":{"rendered":"https:\/\/blocsenresidencia.bcn.cat\/20222023\/2023\/01\/13\/un-primer-trimestre-de-descoberta\/"},"modified":"2023-01-13T10:34:11","modified_gmt":"2023-01-13T08:34:11","slug":"un-primer-trimestre-de-descoberta","status":"publish","type":"post","link":"https:\/\/blocsenresidencia.bcn.cat\/20222023\/2023\/01\/13\/un-primer-trimestre-de-descoberta\/","title":{"rendered":"Un primer trimestre de descoberta"},"content":{"rendered":"<p>Des de <a href=\"https:\/\/blocsenresidencia.bcn.cat\/eixample2023\/2023\/01\/13\/un-primer-trimestre-de-descoberta\/\">Urati laboratori EN RESiD\u00c8NCiA<\/a><\/p>\n<div>\n<p>Aquest primer trimestre hem estat coneixent a Urati Laboratori i la seva manera de treballar l\u2019art. Amb l\u2019Albert estem fent la part de la dramat\u00fargia ; investigar la part escrita i de gui\u00f3, posar en paper el que volem explicar i poder presentar-ho al grup. Com diu en Benja;  \u201cem va agradar molt l\u2019activitat ja que era una activitat d\u2019escriure hist\u00f2ries \u201cbizarras\u201d amb un final estrany i absurd.\u201d per indagar amb les possibilitats del gui\u00f3.<\/p>\n<p>Amb la Marta treballem les diferents opcions que ens dona la visualitzaci\u00f3 pl\u00e0stica del que produ\u00efm de manera escrita i com els formats diversos ens demanen repensar el que volem explicar i com podem representar el nostre entorn; com veiem? Com reflexionem? Qu\u00e8 ens explica l\u2019entorn i i com expliquem el que ens envolta.<\/p>\n<p>A m\u00e9s, amb en Sergio ens movem en el camp de la sonoritat. Li donem import\u00e0ncia al que escoltem i al que no escoltem, a com els sorolls, la m\u00fasica, els sons \u2026 ens ajuden a contextualitzar i a donar sentit al que volem explicar.<\/p>\n<p>Ens agrada treballar d\u2019aquesta manera perqu\u00e8, com diu en Bruno; \u201cpenso que est\u00e0 molt b\u00e9 el que fem perqu\u00e8 \u00e9s molt interessant que vinguin artistes de fora del centre. No \u00e9s el mateix que si ho fessim a l\u2019escola que amb els professors\u201d. <\/p>\n<p>Tot plegat \u00e9s possible perqu\u00e8 la S\u00edlvia, de la Brossa, ens acompanya en tot moment i forma part d\u2019aquest projecte com a espai de creaci\u00f3 que hem pogut con\u00e8ixer i visitar i que ens ha sorpr\u00e8s molt per les possibilitats que ens ofereix.<\/p>\n<p>\u00c9s un manera molt enriquidora d\u2019aprendre coses noves.<\/p>\n<\/p>\n<figure class=\"wp-block-image size-large\"><img loading=\"lazy\" decoding=\"async\" width=\"1024\" height=\"768\" src=\"https:\/\/blocsenresidencia.bcn.cat\/eixample2023\/wp-content\/uploads\/2023\/01\/IMG-20221124-WA0022-1024x768.jpg\" alt=\"\" class=\"wp-image-40\" srcset=\"https:\/\/blocsenresidencia.bcn.cat\/eixample2023\/wp-content\/uploads\/2023\/01\/IMG-20221124-WA0022-1024x768.jpg 1024w, https:\/\/blocsenresidencia.bcn.cat\/eixample2023\/wp-content\/uploads\/2023\/01\/IMG-20221124-WA0022-300x225.jpg 300w, https:\/\/blocsenresidencia.bcn.cat\/eixample2023\/wp-content\/uploads\/2023\/01\/IMG-20221124-WA0022-768x576.jpg 768w, https:\/\/blocsenresidencia.bcn.cat\/eixample2023\/wp-content\/uploads\/2023\/01\/IMG-20221124-WA0022-1536x1153.jpg 1536w, https:\/\/blocsenresidencia.bcn.cat\/eixample2023\/wp-content\/uploads\/2023\/01\/IMG-20221124-WA0022.jpg 1599w\" sizes=\"auto, (max-width: 767px) 89vw, (max-width: 1000px) 54vw, (max-width: 1071px) 543px, 580px\"><figcaption class=\"wp-element-caption\">Proc\u00e9s d\u2019escriptura amb l\u2019Albert<\/figcaption><\/figure>\n<figure class=\"wp-block-image size-large\"><img decoding=\"async\" loading=\"lazy\" width=\"1024\" height=\"768\" src=\"https:\/\/blocsenresidencia.bcn.cat\/eixample2023\/wp-content\/uploads\/2023\/01\/20221103_103129-1024x768.jpg\" alt=\"\" class=\"wp-image-42\" srcset=\"https:\/\/blocsenresidencia.bcn.cat\/eixample2023\/wp-content\/uploads\/2023\/01\/20221103_103129-1024x768.jpg 1024w, https:\/\/blocsenresidencia.bcn.cat\/eixample2023\/wp-content\/uploads\/2023\/01\/20221103_103129-300x225.jpg 300w, https:\/\/blocsenresidencia.bcn.cat\/eixample2023\/wp-content\/uploads\/2023\/01\/20221103_103129-768x576.jpg 768w, https:\/\/blocsenresidencia.bcn.cat\/eixample2023\/wp-content\/uploads\/2023\/01\/20221103_103129-1536x1152.jpg 1536w, https:\/\/blocsenresidencia.bcn.cat\/eixample2023\/wp-content\/uploads\/2023\/01\/20221103_103129-2048x1536.jpg 2048w\" sizes=\"auto, (max-width: 767px) 89vw, (max-width: 1000px) 54vw, (max-width: 1071px) 543px, 580px\"><figcaption class=\"wp-element-caption\">Treballem la part sonora amb en Sergio<\/figcaption><\/figure>\n<figure class=\"wp-block-image size-large\"><img decoding=\"async\" loading=\"lazy\" width=\"1024\" height=\"768\" src=\"https:\/\/blocsenresidencia.bcn.cat\/eixample2023\/wp-content\/uploads\/2023\/01\/20221027_100502-1024x768.jpg\" alt=\"\" class=\"wp-image-43\" srcset=\"https:\/\/blocsenresidencia.bcn.cat\/eixample2023\/wp-content\/uploads\/2023\/01\/20221027_100502-1024x768.jpg 1024w, https:\/\/blocsenresidencia.bcn.cat\/eixample2023\/wp-content\/uploads\/2023\/01\/20221027_100502-300x225.jpg 300w, https:\/\/blocsenresidencia.bcn.cat\/eixample2023\/wp-content\/uploads\/2023\/01\/20221027_100502-768x576.jpg 768w, https:\/\/blocsenresidencia.bcn.cat\/eixample2023\/wp-content\/uploads\/2023\/01\/20221027_100502-1536x1152.jpg 1536w, https:\/\/blocsenresidencia.bcn.cat\/eixample2023\/wp-content\/uploads\/2023\/01\/20221027_100502-2048x1536.jpg 2048w\" sizes=\"auto, (max-width: 767px) 89vw, (max-width: 1000px) 54vw, (max-width: 1071px) 543px, 580px\"><figcaption class=\"wp-element-caption\">Indaguem amb les imatges amb la Marta<\/figcaption><\/figure>\n<figure class=\"wp-block-image size-large\"><img decoding=\"async\" loading=\"lazy\" width=\"1024\" height=\"768\" src=\"https:\/\/blocsenresidencia.bcn.cat\/eixample2023\/wp-content\/uploads\/2023\/01\/IMG-20221110-WA0015-1-1024x768.jpg\" alt=\"\" class=\"wp-image-44\" srcset=\"https:\/\/blocsenresidencia.bcn.cat\/eixample2023\/wp-content\/uploads\/2023\/01\/IMG-20221110-WA0015-1-1024x768.jpg 1024w, https:\/\/blocsenresidencia.bcn.cat\/eixample2023\/wp-content\/uploads\/2023\/01\/IMG-20221110-WA0015-1-300x225.jpg 300w, https:\/\/blocsenresidencia.bcn.cat\/eixample2023\/wp-content\/uploads\/2023\/01\/IMG-20221110-WA0015-1-768x576.jpg 768w, https:\/\/blocsenresidencia.bcn.cat\/eixample2023\/wp-content\/uploads\/2023\/01\/IMG-20221110-WA0015-1-1536x1152.jpg 1536w, https:\/\/blocsenresidencia.bcn.cat\/eixample2023\/wp-content\/uploads\/2023\/01\/IMG-20221110-WA0015-1.jpg 2048w\" sizes=\"auto, (max-width: 767px) 89vw, (max-width: 1000px) 54vw, (max-width: 1071px) 543px, 580px\"><figcaption class=\"wp-element-caption\">Coneixem La Brossa<\/figcaption><\/figure>\n<\/div>\n","protected":false},"excerpt":{"rendered":"<p>Des de Urati laboratori EN RESiD\u00c8NCiA Aquest primer trimestre hem estat coneixent a Urati Laboratori i la seva manera de treballar l\u2019art. Amb l\u2019Albert estem fent la part de la dramat\u00fargia ; investigar la part escrita i de gui\u00f3, posar en paper el que volem explicar i poder presentar-ho al grup. Com diu en Benja; &hellip; <\/p>\n<p class=\"link-more\"><a href=\"https:\/\/blocsenresidencia.bcn.cat\/20222023\/2023\/01\/13\/un-primer-trimestre-de-descoberta\/\" class=\"more-link\">Continua llegint <span class=\"screen-reader-text\">\u00abUn primer trimestre de descoberta\u00bb<\/span><\/a><\/p>\n","protected":false},"author":5,"featured_media":0,"comment_status":"closed","ping_status":"closed","sticky":false,"template":"","format":"standard","meta":{"footnotes":""},"categories":[1],"tags":[],"class_list":["post-228","post","type-post","status-publish","format-standard","hentry","category-general"],"_links":{"self":[{"href":"https:\/\/blocsenresidencia.bcn.cat\/20222023\/wp-json\/wp\/v2\/posts\/228","targetHints":{"allow":["GET"]}}],"collection":[{"href":"https:\/\/blocsenresidencia.bcn.cat\/20222023\/wp-json\/wp\/v2\/posts"}],"about":[{"href":"https:\/\/blocsenresidencia.bcn.cat\/20222023\/wp-json\/wp\/v2\/types\/post"}],"author":[{"embeddable":true,"href":"https:\/\/blocsenresidencia.bcn.cat\/20222023\/wp-json\/wp\/v2\/users\/5"}],"replies":[{"embeddable":true,"href":"https:\/\/blocsenresidencia.bcn.cat\/20222023\/wp-json\/wp\/v2\/comments?post=228"}],"version-history":[{"count":0,"href":"https:\/\/blocsenresidencia.bcn.cat\/20222023\/wp-json\/wp\/v2\/posts\/228\/revisions"}],"wp:attachment":[{"href":"https:\/\/blocsenresidencia.bcn.cat\/20222023\/wp-json\/wp\/v2\/media?parent=228"}],"wp:term":[{"taxonomy":"category","embeddable":true,"href":"https:\/\/blocsenresidencia.bcn.cat\/20222023\/wp-json\/wp\/v2\/categories?post=228"},{"taxonomy":"post_tag","embeddable":true,"href":"https:\/\/blocsenresidencia.bcn.cat\/20222023\/wp-json\/wp\/v2\/tags?post=228"}],"curies":[{"name":"wp","href":"https:\/\/api.w.org\/{rel}","templated":true}]}}