{"id":232,"date":"2023-01-16T16:10:21","date_gmt":"2023-01-16T14:10:21","guid":{"rendered":"https:\/\/blocsenresidencia.bcn.cat\/20222023\/2023\/01\/16\/creamos-nuestra-propia-ropa-sombra\/"},"modified":"2023-01-16T16:10:21","modified_gmt":"2023-01-16T14:10:21","slug":"creamos-nuestra-propia-ropa-sombra","status":"publish","type":"post","link":"https:\/\/blocsenresidencia.bcn.cat\/20222023\/2023\/01\/16\/creamos-nuestra-propia-ropa-sombra\/","title":{"rendered":"\u00a1Creamos nuestra propia ropa\/sombra!"},"content":{"rendered":"<p>Des de <a href=\"https:\/\/blocsenresidencia.bcn.cat\/vallhebron2023\/2023\/01\/16\/creamos-nuestra-propia-ropa-sombra\/\">N\u00faria In\u00e9s EN RESiD\u00c8NCiA<\/a><\/p>\n<div>\n<p>Este proyecto sobre la creaci\u00f3n de ropa con materiales escolares como cart\u00f3n, papel, rotuladores. Se inici\u00f3 con la finalidad de expresar tus sentimientos y lo que te gusta, represent\u00e1ndolo en ropa, en tu propia sombra, es decir, en ti mismo.<\/p>\n<p>Cada persona mostraba un diferente dise\u00f1o expresando sus sentimientos, pero todos ten\u00edan la misma finalidad (representar lo que te gusta). Al acabar el proyecto hicimos una puesta en com\u00fan explicando lo que quer\u00edamos representar en nuestra obra o dicho de otra manera, proyecto.<\/p>\n<p>Todas fueron una pasada, ya que en cada uno se pod\u00eda ver lo que cada persona sent\u00eda. En mi opini\u00f3n, un muy buen proyecto con muy buena puesta en com\u00fan. Y una gran\u00a0implicaci\u00f3n\u00a0de todos los integrantes del proyecto.<\/p>\n<p><a href=\"https:\/\/drive.google.com\/file\/d\/1IZiduQXIA8Xwn-tjnhGtAYKiM3E_-2Oj\/view\">https:\/\/drive.google.com\/file\/d\/1IZiduQXIA8Xwn-tjnhGtAYKiM3E_-2Oj\/view<\/a><\/p>\n<\/div>\n","protected":false},"excerpt":{"rendered":"<p>Des de N\u00faria In\u00e9s EN RESiD\u00c8NCiA Este proyecto sobre la creaci\u00f3n de ropa con materiales escolares como cart\u00f3n, papel, rotuladores. Se inici\u00f3 con la finalidad de expresar tus sentimientos y lo que te gusta, represent\u00e1ndolo en ropa, en tu propia sombra, es decir, en ti mismo. Cada persona mostraba un diferente dise\u00f1o expresando sus sentimientos, &hellip; <\/p>\n<p class=\"link-more\"><a href=\"https:\/\/blocsenresidencia.bcn.cat\/20222023\/2023\/01\/16\/creamos-nuestra-propia-ropa-sombra\/\" class=\"more-link\">Continua llegint <span class=\"screen-reader-text\">\u00ab\u00a1Creamos nuestra propia ropa\/sombra!\u00bb<\/span><\/a><\/p>\n","protected":false},"author":5,"featured_media":0,"comment_status":"closed","ping_status":"closed","sticky":false,"template":"","format":"standard","meta":{"footnotes":""},"categories":[1],"tags":[],"class_list":["post-232","post","type-post","status-publish","format-standard","hentry","category-general"],"_links":{"self":[{"href":"https:\/\/blocsenresidencia.bcn.cat\/20222023\/wp-json\/wp\/v2\/posts\/232","targetHints":{"allow":["GET"]}}],"collection":[{"href":"https:\/\/blocsenresidencia.bcn.cat\/20222023\/wp-json\/wp\/v2\/posts"}],"about":[{"href":"https:\/\/blocsenresidencia.bcn.cat\/20222023\/wp-json\/wp\/v2\/types\/post"}],"author":[{"embeddable":true,"href":"https:\/\/blocsenresidencia.bcn.cat\/20222023\/wp-json\/wp\/v2\/users\/5"}],"replies":[{"embeddable":true,"href":"https:\/\/blocsenresidencia.bcn.cat\/20222023\/wp-json\/wp\/v2\/comments?post=232"}],"version-history":[{"count":0,"href":"https:\/\/blocsenresidencia.bcn.cat\/20222023\/wp-json\/wp\/v2\/posts\/232\/revisions"}],"wp:attachment":[{"href":"https:\/\/blocsenresidencia.bcn.cat\/20222023\/wp-json\/wp\/v2\/media?parent=232"}],"wp:term":[{"taxonomy":"category","embeddable":true,"href":"https:\/\/blocsenresidencia.bcn.cat\/20222023\/wp-json\/wp\/v2\/categories?post=232"},{"taxonomy":"post_tag","embeddable":true,"href":"https:\/\/blocsenresidencia.bcn.cat\/20222023\/wp-json\/wp\/v2\/tags?post=232"}],"curies":[{"name":"wp","href":"https:\/\/api.w.org\/{rel}","templated":true}]}}