{"id":234,"date":"2023-01-17T14:42:27","date_gmt":"2023-01-17T12:42:27","guid":{"rendered":"https:\/\/blocsenresidencia.bcn.cat\/20222023\/2023\/01\/17\/pintem-fotogrames\/"},"modified":"2023-01-17T14:42:27","modified_gmt":"2023-01-17T12:42:27","slug":"pintem-fotogrames","status":"publish","type":"post","link":"https:\/\/blocsenresidencia.bcn.cat\/20222023\/2023\/01\/17\/pintem-fotogrames\/","title":{"rendered":"PINTEM FOTOGRAMES"},"content":{"rendered":"<p>Des de <a href=\"https:\/\/blocsenresidencia.bcn.cat\/sagrerasantandreu2023\/2023\/01\/17\/animacions-amb-dibuixos-pintats\/\">Martina Rogers EN RESiD\u00c8NCiA<\/a><\/p>\n<div>\n<p>Durant les primeres sessions, la nostra artista, la Martina Rogers, ens va proposar fer una s\u00e8rie de dibuixos. <br \/>Sense explicar-nos el perqu\u00e8, ens va proposar una s\u00e8rie de t\u00f2pics:<br \/>El nostre nom, una forma, un ull, un ocell, un tema musical (amb el t\u00edtol i el grup), l\u00ednies, escriure una t\u00e8cnica que ens agradaria treballar i una taca feta amb les mans. I sols podiem utilitzar dos colors, el negre i el roig.<br \/>A la propera sessi\u00f3 ens va ensenyar un parell d\u2019animacions fetes per ella mateixa, i ens va ensenyar aquesta t\u00e8cnica d\u2019animaci\u00f3 amb l\u2019aplicaci\u00f3 stop-motion.<br \/>Despr\u00e9s de veure les animacions, vam separar els dibuixos per les categories que vam fer l\u2019anterior classe i ens vam repartir amb diferents grups, cadascun feia una cosa diferent. <br \/>Aquell mateix dia, ja vam comen\u00e7ar a classificar cada dibuix dins de la seva categoria segons com ens semblava el grup atenent a factors com el moviment o l\u2019harmonia. Alguns grups van comen\u00e7ar a fotografiar.<\/p>\n<p>La pr\u00f2xima classe vam acabar de fotografiar les il\u00b7lustracions, vam omplir els buits per contribuir a l\u2019harmonia del moviment a l\u2019hora de l\u2019animaci\u00f3 i vam comen\u00e7ar a editar les animacions i afegir-li els sons, aquests havien de ser amb la boca o amb objectes de l\u2019aula. <\/p>\n<p>Finalment vam aconseguir una animaci\u00f3 per cada grup tenint en compte la forma o el concepte. Aqu\u00ed us deixem algunes i tamb\u00e9 un reportatge fotogr\u00e0fic del proc\u00e9s.<\/p>\n<figure class=\"wp-block-image size-large\"><img decoding=\"async\" loading=\"lazy\" width=\"768\" height=\"1024\" src=\"https:\/\/blocsenresidencia.bcn.cat\/sagrerasantandreu2023\/wp-content\/uploads\/2023\/01\/Animacio-amb-dibuixos-pintats-768x1024.jpg\" alt=\"\" class=\"wp-image-40\" srcset=\"https:\/\/blocsenresidencia.bcn.cat\/sagrerasantandreu2023\/wp-content\/uploads\/2023\/01\/Animacio-amb-dibuixos-pintats-768x1024.jpg 768w, https:\/\/blocsenresidencia.bcn.cat\/sagrerasantandreu2023\/wp-content\/uploads\/2023\/01\/Animacio-amb-dibuixos-pintats-225x300.jpg 225w, https:\/\/blocsenresidencia.bcn.cat\/sagrerasantandreu2023\/wp-content\/uploads\/2023\/01\/Animacio-amb-dibuixos-pintats-1152x1536.jpg 1152w, https:\/\/blocsenresidencia.bcn.cat\/sagrerasantandreu2023\/wp-content\/uploads\/2023\/01\/Animacio-amb-dibuixos-pintats-1536x2048.jpg 1536w, https:\/\/blocsenresidencia.bcn.cat\/sagrerasantandreu2023\/wp-content\/uploads\/2023\/01\/Animacio-amb-dibuixos-pintats-scaled.jpg 1920w\" sizes=\"auto, (max-width: 767px) 89vw, (max-width: 1000px) 54vw, (max-width: 1071px) 543px, 580px\"><figcaption class=\"wp-element-caption\">Aqu\u00ed tenim tots els dibuixos de les alumnes abans de agrupar per conceptes o formes.<\/figcaption><\/figure>\n<figure class=\"is-layout-flex wp-block-gallery-3 wp-block-gallery has-nested-images columns-default is-cropped\">\n<figure class=\"wp-block-image size-large\"><img decoding=\"async\" loading=\"lazy\" width=\"1024\" height=\"640\" data-id=\"44\" src=\"https:\/\/blocsenresidencia.bcn.cat\/sagrerasantandreu2023\/wp-content\/uploads\/2023\/01\/Animacio-amb-dibuixos-pintats-3-1024x640.jpg\" alt=\"\" class=\"wp-image-44\" srcset=\"https:\/\/blocsenresidencia.bcn.cat\/sagrerasantandreu2023\/wp-content\/uploads\/2023\/01\/Animacio-amb-dibuixos-pintats-3-1024x640.jpg 1024w, https:\/\/blocsenresidencia.bcn.cat\/sagrerasantandreu2023\/wp-content\/uploads\/2023\/01\/Animacio-amb-dibuixos-pintats-3-300x188.jpg 300w, https:\/\/blocsenresidencia.bcn.cat\/sagrerasantandreu2023\/wp-content\/uploads\/2023\/01\/Animacio-amb-dibuixos-pintats-3-768x480.jpg 768w, https:\/\/blocsenresidencia.bcn.cat\/sagrerasantandreu2023\/wp-content\/uploads\/2023\/01\/Animacio-amb-dibuixos-pintats-3-1536x960.jpg 1536w, https:\/\/blocsenresidencia.bcn.cat\/sagrerasantandreu2023\/wp-content\/uploads\/2023\/01\/Animacio-amb-dibuixos-pintats-3-2048x1280.jpg 2048w\" sizes=\"auto, (max-width: 767px) 89vw, (max-width: 1000px) 54vw, (max-width: 1071px) 543px, 580px\"><\/figure>\n<figure class=\"wp-block-image size-large\"><img decoding=\"async\" loading=\"lazy\" width=\"1024\" height=\"640\" data-id=\"45\" src=\"https:\/\/blocsenresidencia.bcn.cat\/sagrerasantandreu2023\/wp-content\/uploads\/2023\/01\/Animacio-amb-dibuixos-pintats-4-1024x640.jpg\" alt=\"\" class=\"wp-image-45\" srcset=\"https:\/\/blocsenresidencia.bcn.cat\/sagrerasantandreu2023\/wp-content\/uploads\/2023\/01\/Animacio-amb-dibuixos-pintats-4-1024x640.jpg 1024w, https:\/\/blocsenresidencia.bcn.cat\/sagrerasantandreu2023\/wp-content\/uploads\/2023\/01\/Animacio-amb-dibuixos-pintats-4-300x188.jpg 300w, https:\/\/blocsenresidencia.bcn.cat\/sagrerasantandreu2023\/wp-content\/uploads\/2023\/01\/Animacio-amb-dibuixos-pintats-4-768x480.jpg 768w, https:\/\/blocsenresidencia.bcn.cat\/sagrerasantandreu2023\/wp-content\/uploads\/2023\/01\/Animacio-amb-dibuixos-pintats-4-1536x960.jpg 1536w, https:\/\/blocsenresidencia.bcn.cat\/sagrerasantandreu2023\/wp-content\/uploads\/2023\/01\/Animacio-amb-dibuixos-pintats-4-2048x1280.jpg 2048w\" sizes=\"auto, (max-width: 767px) 89vw, (max-width: 1000px) 54vw, (max-width: 1071px) 543px, 580px\"><\/figure>\n<\/figure>\n<figure class=\"is-layout-flex wp-block-gallery-5 wp-block-gallery has-nested-images columns-default is-cropped\">\n<figure class=\"wp-block-image size-large\"><img decoding=\"async\" loading=\"lazy\" width=\"640\" height=\"360\" data-id=\"46\" src=\"https:\/\/blocsenresidencia.bcn.cat\/sagrerasantandreu2023\/wp-content\/uploads\/2023\/01\/Video-Animacio-amb-dibuixos-pintats.gif\" alt=\"\" class=\"wp-image-46\"><\/figure>\n<\/figure>\n<\/div>\n","protected":false},"excerpt":{"rendered":"<p>Des de Martina Rogers EN RESiD\u00c8NCiA Durant les primeres sessions, la nostra artista, la Martina Rogers, ens va proposar fer una s\u00e8rie de dibuixos. Sense explicar-nos el perqu\u00e8, ens va proposar una s\u00e8rie de t\u00f2pics:El nostre nom, una forma, un ull, un ocell, un tema musical (amb el t\u00edtol i el grup), l\u00ednies, escriure una &hellip; <\/p>\n<p class=\"link-more\"><a href=\"https:\/\/blocsenresidencia.bcn.cat\/20222023\/2023\/01\/17\/pintem-fotogrames\/\" class=\"more-link\">Continua llegint <span class=\"screen-reader-text\">\u00abPINTEM FOTOGRAMES\u00bb<\/span><\/a><\/p>\n","protected":false},"author":5,"featured_media":0,"comment_status":"closed","ping_status":"closed","sticky":false,"template":"","format":"standard","meta":{"footnotes":""},"categories":[1],"tags":[],"class_list":["post-234","post","type-post","status-publish","format-standard","hentry","category-general"],"_links":{"self":[{"href":"https:\/\/blocsenresidencia.bcn.cat\/20222023\/wp-json\/wp\/v2\/posts\/234","targetHints":{"allow":["GET"]}}],"collection":[{"href":"https:\/\/blocsenresidencia.bcn.cat\/20222023\/wp-json\/wp\/v2\/posts"}],"about":[{"href":"https:\/\/blocsenresidencia.bcn.cat\/20222023\/wp-json\/wp\/v2\/types\/post"}],"author":[{"embeddable":true,"href":"https:\/\/blocsenresidencia.bcn.cat\/20222023\/wp-json\/wp\/v2\/users\/5"}],"replies":[{"embeddable":true,"href":"https:\/\/blocsenresidencia.bcn.cat\/20222023\/wp-json\/wp\/v2\/comments?post=234"}],"version-history":[{"count":0,"href":"https:\/\/blocsenresidencia.bcn.cat\/20222023\/wp-json\/wp\/v2\/posts\/234\/revisions"}],"wp:attachment":[{"href":"https:\/\/blocsenresidencia.bcn.cat\/20222023\/wp-json\/wp\/v2\/media?parent=234"}],"wp:term":[{"taxonomy":"category","embeddable":true,"href":"https:\/\/blocsenresidencia.bcn.cat\/20222023\/wp-json\/wp\/v2\/categories?post=234"},{"taxonomy":"post_tag","embeddable":true,"href":"https:\/\/blocsenresidencia.bcn.cat\/20222023\/wp-json\/wp\/v2\/tags?post=234"}],"curies":[{"name":"wp","href":"https:\/\/api.w.org\/{rel}","templated":true}]}}