{"id":237,"date":"2023-01-18T15:07:31","date_gmt":"2023-01-18T13:07:31","guid":{"rendered":"https:\/\/blocsenresidencia.bcn.cat\/20222023\/2023\/01\/18\/pais-utopic\/"},"modified":"2023-01-18T15:07:31","modified_gmt":"2023-01-18T13:07:31","slug":"pais-utopic","status":"publish","type":"post","link":"https:\/\/blocsenresidencia.bcn.cat\/20222023\/2023\/01\/18\/pais-utopic\/","title":{"rendered":"PA\u00cdS UT\u00d2PIC"},"content":{"rendered":"<p>Des de <a href=\"https:\/\/blocsenresidencia.bcn.cat\/dolorsaleu2023\/2023\/01\/18\/pais-utopic\/\">Miquel Barcelona EN RESiD\u00c8NCiA<\/a><\/p>\n<div>\n<p>Amb l\u2019alumnat i guiats per en Miquel, hem iniciat el nostre viatge cap a Utopia. Un pa\u00eds, un territori on viure de la manera que volem \u00e9s possible, on la dansa \u00e9s la protagonista, on el moviment acompanya els habitants d\u2019un espai creat per a viure-hi lliurement.<\/p>\n<figure class=\"wp-block-image size-full\"><img loading=\"lazy\" decoding=\"async\" width=\"981\" height=\"979\" src=\"https:\/\/blocsenresidencia.bcn.cat\/dolorsaleu2023\/wp-content\/uploads\/2023\/01\/image.png\" alt=\"\" class=\"wp-image-39\" srcset=\"https:\/\/blocsenresidencia.bcn.cat\/dolorsaleu2023\/wp-content\/uploads\/2023\/01\/image.png 981w, https:\/\/blocsenresidencia.bcn.cat\/dolorsaleu2023\/wp-content\/uploads\/2023\/01\/image-300x300.png 300w, https:\/\/blocsenresidencia.bcn.cat\/dolorsaleu2023\/wp-content\/uploads\/2023\/01\/image-150x150.png 150w, https:\/\/blocsenresidencia.bcn.cat\/dolorsaleu2023\/wp-content\/uploads\/2023\/01\/image-768x766.png 768w, https:\/\/blocsenresidencia.bcn.cat\/dolorsaleu2023\/wp-content\/uploads\/2023\/01\/image-100x100.png 100w\" sizes=\"auto, (max-width: 767px) 89vw, (max-width: 1000px) 54vw, (max-width: 1071px) 543px, 580px\"><\/figure>\n<\/div>\n","protected":false},"excerpt":{"rendered":"<p>Des de Miquel Barcelona EN RESiD\u00c8NCiA Amb l\u2019alumnat i guiats per en Miquel, hem iniciat el nostre viatge cap a Utopia. Un pa\u00eds, un territori on viure de la manera que volem \u00e9s possible, on la dansa \u00e9s la protagonista, on el moviment acompanya els habitants d\u2019un espai creat per a viure-hi lliurement.<\/p>\n","protected":false},"author":5,"featured_media":0,"comment_status":"closed","ping_status":"closed","sticky":false,"template":"","format":"standard","meta":{"footnotes":""},"categories":[1],"tags":[],"class_list":["post-237","post","type-post","status-publish","format-standard","hentry","category-general"],"_links":{"self":[{"href":"https:\/\/blocsenresidencia.bcn.cat\/20222023\/wp-json\/wp\/v2\/posts\/237","targetHints":{"allow":["GET"]}}],"collection":[{"href":"https:\/\/blocsenresidencia.bcn.cat\/20222023\/wp-json\/wp\/v2\/posts"}],"about":[{"href":"https:\/\/blocsenresidencia.bcn.cat\/20222023\/wp-json\/wp\/v2\/types\/post"}],"author":[{"embeddable":true,"href":"https:\/\/blocsenresidencia.bcn.cat\/20222023\/wp-json\/wp\/v2\/users\/5"}],"replies":[{"embeddable":true,"href":"https:\/\/blocsenresidencia.bcn.cat\/20222023\/wp-json\/wp\/v2\/comments?post=237"}],"version-history":[{"count":0,"href":"https:\/\/blocsenresidencia.bcn.cat\/20222023\/wp-json\/wp\/v2\/posts\/237\/revisions"}],"wp:attachment":[{"href":"https:\/\/blocsenresidencia.bcn.cat\/20222023\/wp-json\/wp\/v2\/media?parent=237"}],"wp:term":[{"taxonomy":"category","embeddable":true,"href":"https:\/\/blocsenresidencia.bcn.cat\/20222023\/wp-json\/wp\/v2\/categories?post=237"},{"taxonomy":"post_tag","embeddable":true,"href":"https:\/\/blocsenresidencia.bcn.cat\/20222023\/wp-json\/wp\/v2\/tags?post=237"}],"curies":[{"name":"wp","href":"https:\/\/api.w.org\/{rel}","templated":true}]}}