{"id":240,"date":"2023-01-24T09:47:32","date_gmt":"2023-01-24T07:47:32","guid":{"rendered":"https:\/\/blocsenresidencia.bcn.cat\/20222023\/2023\/01\/24\/primeres-setmanes-den-residencia-amb-sabina-witt\/"},"modified":"2023-01-24T09:47:32","modified_gmt":"2023-01-24T07:47:32","slug":"primeres-setmanes-den-residencia-amb-sabina-witt","status":"publish","type":"post","link":"https:\/\/blocsenresidencia.bcn.cat\/20222023\/2023\/01\/24\/primeres-setmanes-den-residencia-amb-sabina-witt\/","title":{"rendered":"Primeres setmanes d&#8217;\u201dEn Resid\u00e8ncia\u201d amb Sabina Witt"},"content":{"rendered":"<p>Des de <a href=\"https:\/\/blocsenresidencia.bcn.cat\/milaifontanals2023\/2023\/01\/24\/primeres-setmanes-den-residencia-amb-sabina-witt\/\">Sabina Witt EN RESiD\u00c8NCiA<\/a><\/p>\n<div>\n<p>Durant les primeres setmanes ens hem anat coneixent.  A causa dels \u201cgrups bombolla\u201d dels darrers cursos molts de nosaltres no ens coneix\u00edem b\u00e9 i per aix\u00f2 era dif\u00edcil sentir confian\u00e7a.<\/p>\n<p>Hem fet activitats molt diferents:<\/p>\n<ul>\n<li>Dibuixar i pintar escoltant m\u00fasiques diverses<\/li>\n<li>Explorar la nostra veu a trav\u00e9s d\u2019onomatopeies i sons diferents: riure, xiuxiuejar, plorar, cridar\u2026 Aix\u00f2 va ser divertit per a alguns, per\u00f2 altres van sentir molta vergonya.<\/li>\n<li>Escoltar la can\u00e7\u00f3 preferida de cada membre del grup<\/li>\n<li>Pensar en quina can\u00e7\u00f3 sentim que forma part de la nostra fam\u00edlia, que serveix per identificar-la. Hem escoltat les can\u00e7ons que cadasc\u00fa ha aportat. Aix\u00f2 ens ha costat: hem hagut de pensar en la nostra inf\u00e0ncia i en la m\u00fasica que m\u00e9s sent\u00edem a casa nostra.<\/li>\n<\/ul>\n<\/div>\n","protected":false},"excerpt":{"rendered":"<p>Des de Sabina Witt EN RESiD\u00c8NCiA Durant les primeres setmanes ens hem anat coneixent. A causa dels \u201cgrups bombolla\u201d dels darrers cursos molts de nosaltres no ens coneix\u00edem b\u00e9 i per aix\u00f2 era dif\u00edcil sentir confian\u00e7a. Hem fet activitats molt diferents: Dibuixar i pintar escoltant m\u00fasiques diverses Explorar la nostra veu a trav\u00e9s d\u2019onomatopeies i &hellip; <\/p>\n<p class=\"link-more\"><a href=\"https:\/\/blocsenresidencia.bcn.cat\/20222023\/2023\/01\/24\/primeres-setmanes-den-residencia-amb-sabina-witt\/\" class=\"more-link\">Continua llegint <span class=\"screen-reader-text\">\u00abPrimeres setmanes d&#8217;\u201dEn Resid\u00e8ncia\u201d amb Sabina Witt\u00bb<\/span><\/a><\/p>\n","protected":false},"author":5,"featured_media":0,"comment_status":"closed","ping_status":"closed","sticky":false,"template":"","format":"standard","meta":{"footnotes":""},"categories":[1],"tags":[],"class_list":["post-240","post","type-post","status-publish","format-standard","hentry","category-general"],"_links":{"self":[{"href":"https:\/\/blocsenresidencia.bcn.cat\/20222023\/wp-json\/wp\/v2\/posts\/240","targetHints":{"allow":["GET"]}}],"collection":[{"href":"https:\/\/blocsenresidencia.bcn.cat\/20222023\/wp-json\/wp\/v2\/posts"}],"about":[{"href":"https:\/\/blocsenresidencia.bcn.cat\/20222023\/wp-json\/wp\/v2\/types\/post"}],"author":[{"embeddable":true,"href":"https:\/\/blocsenresidencia.bcn.cat\/20222023\/wp-json\/wp\/v2\/users\/5"}],"replies":[{"embeddable":true,"href":"https:\/\/blocsenresidencia.bcn.cat\/20222023\/wp-json\/wp\/v2\/comments?post=240"}],"version-history":[{"count":0,"href":"https:\/\/blocsenresidencia.bcn.cat\/20222023\/wp-json\/wp\/v2\/posts\/240\/revisions"}],"wp:attachment":[{"href":"https:\/\/blocsenresidencia.bcn.cat\/20222023\/wp-json\/wp\/v2\/media?parent=240"}],"wp:term":[{"taxonomy":"category","embeddable":true,"href":"https:\/\/blocsenresidencia.bcn.cat\/20222023\/wp-json\/wp\/v2\/categories?post=240"},{"taxonomy":"post_tag","embeddable":true,"href":"https:\/\/blocsenresidencia.bcn.cat\/20222023\/wp-json\/wp\/v2\/tags?post=240"}],"curies":[{"name":"wp","href":"https:\/\/api.w.org\/{rel}","templated":true}]}}