{"id":242,"date":"2023-01-24T11:21:59","date_gmt":"2023-01-24T09:21:59","guid":{"rendered":"https:\/\/blocsenresidencia.bcn.cat\/20222023\/2023\/01\/24\/taller-de-percussio-corporal\/"},"modified":"2023-01-24T11:21:59","modified_gmt":"2023-01-24T09:21:59","slug":"taller-de-percussio-corporal","status":"publish","type":"post","link":"https:\/\/blocsenresidencia.bcn.cat\/20222023\/2023\/01\/24\/taller-de-percussio-corporal\/","title":{"rendered":"Taller de percussi\u00f3 corporal"},"content":{"rendered":"<p>Des de <a href=\"https:\/\/blocsenresidencia.bcn.cat\/milaifontanals2023\/2023\/01\/24\/taller-de-percussio-corporal\/\">Sabina Witt EN RESiD\u00c8NCiA<\/a><\/p>\n<div>\n<p>29 de novembre<\/p>\n<p>Avui hem fet un taller de percussi\u00f3 corporal amb Txus Eguilaz.<\/p>\n<p class=\"has-text-align-left\">Ha estat molt intens. Ens hem sentit molt c\u00f2modes perqu\u00e8 en Txus ens ha presentat i explicat molt b\u00e9 els exercicis: de molt f\u00e0cil a m\u00e9s complicat. Hem fet moltes din\u00e0miques d\u2019interacci\u00f3 amb el grup i aix\u00f2 ens ha fet sentir m\u00e9s units.<\/p>\n<figure class=\"wp-block-image size-large\"><img loading=\"lazy\" decoding=\"async\" width=\"1024\" height=\"768\" src=\"https:\/\/blocsenresidencia.bcn.cat\/milaifontanals2023\/wp-content\/uploads\/2023\/01\/Txus-1-1024x768.jpg\" alt=\"\" class=\"wp-image-48\" srcset=\"https:\/\/blocsenresidencia.bcn.cat\/milaifontanals2023\/wp-content\/uploads\/2023\/01\/Txus-1-1024x768.jpg 1024w, https:\/\/blocsenresidencia.bcn.cat\/milaifontanals2023\/wp-content\/uploads\/2023\/01\/Txus-1-300x225.jpg 300w, https:\/\/blocsenresidencia.bcn.cat\/milaifontanals2023\/wp-content\/uploads\/2023\/01\/Txus-1-768x576.jpg 768w, https:\/\/blocsenresidencia.bcn.cat\/milaifontanals2023\/wp-content\/uploads\/2023\/01\/Txus-1-1536x1152.jpg 1536w, https:\/\/blocsenresidencia.bcn.cat\/milaifontanals2023\/wp-content\/uploads\/2023\/01\/Txus-1.jpg 2048w\" sizes=\"auto, (max-width: 767px) 89vw, (max-width: 1000px) 54vw, (max-width: 1071px) 543px, 580px\"><\/figure>\n<p>\u2013<\/p>\n<figure class=\"wp-block-image size-large\"><img decoding=\"async\" loading=\"lazy\" width=\"1024\" height=\"768\" src=\"https:\/\/blocsenresidencia.bcn.cat\/milaifontanals2023\/wp-content\/uploads\/2023\/01\/Txus-2-1024x768.jpg\" alt=\"\" class=\"wp-image-49\" srcset=\"https:\/\/blocsenresidencia.bcn.cat\/milaifontanals2023\/wp-content\/uploads\/2023\/01\/Txus-2-1024x768.jpg 1024w, https:\/\/blocsenresidencia.bcn.cat\/milaifontanals2023\/wp-content\/uploads\/2023\/01\/Txus-2-300x225.jpg 300w, https:\/\/blocsenresidencia.bcn.cat\/milaifontanals2023\/wp-content\/uploads\/2023\/01\/Txus-2-768x576.jpg 768w, https:\/\/blocsenresidencia.bcn.cat\/milaifontanals2023\/wp-content\/uploads\/2023\/01\/Txus-2-1536x1152.jpg 1536w, https:\/\/blocsenresidencia.bcn.cat\/milaifontanals2023\/wp-content\/uploads\/2023\/01\/Txus-2.jpg 2048w\" sizes=\"auto, (max-width: 767px) 89vw, (max-width: 1000px) 54vw, (max-width: 1071px) 543px, 580px\"><\/figure>\n<\/div>\n","protected":false},"excerpt":{"rendered":"<p>Des de Sabina Witt EN RESiD\u00c8NCiA 29 de novembre Avui hem fet un taller de percussi\u00f3 corporal amb Txus Eguilaz. Ha estat molt intens. Ens hem sentit molt c\u00f2modes perqu\u00e8 en Txus ens ha presentat i explicat molt b\u00e9 els exercicis: de molt f\u00e0cil a m\u00e9s complicat. Hem fet moltes din\u00e0miques d\u2019interacci\u00f3 amb el grup &hellip; <\/p>\n<p class=\"link-more\"><a href=\"https:\/\/blocsenresidencia.bcn.cat\/20222023\/2023\/01\/24\/taller-de-percussio-corporal\/\" class=\"more-link\">Continua llegint <span class=\"screen-reader-text\">\u00abTaller de percussi\u00f3 corporal\u00bb<\/span><\/a><\/p>\n","protected":false},"author":5,"featured_media":0,"comment_status":"closed","ping_status":"closed","sticky":false,"template":"","format":"standard","meta":{"footnotes":""},"categories":[1],"tags":[],"class_list":["post-242","post","type-post","status-publish","format-standard","hentry","category-general"],"_links":{"self":[{"href":"https:\/\/blocsenresidencia.bcn.cat\/20222023\/wp-json\/wp\/v2\/posts\/242","targetHints":{"allow":["GET"]}}],"collection":[{"href":"https:\/\/blocsenresidencia.bcn.cat\/20222023\/wp-json\/wp\/v2\/posts"}],"about":[{"href":"https:\/\/blocsenresidencia.bcn.cat\/20222023\/wp-json\/wp\/v2\/types\/post"}],"author":[{"embeddable":true,"href":"https:\/\/blocsenresidencia.bcn.cat\/20222023\/wp-json\/wp\/v2\/users\/5"}],"replies":[{"embeddable":true,"href":"https:\/\/blocsenresidencia.bcn.cat\/20222023\/wp-json\/wp\/v2\/comments?post=242"}],"version-history":[{"count":0,"href":"https:\/\/blocsenresidencia.bcn.cat\/20222023\/wp-json\/wp\/v2\/posts\/242\/revisions"}],"wp:attachment":[{"href":"https:\/\/blocsenresidencia.bcn.cat\/20222023\/wp-json\/wp\/v2\/media?parent=242"}],"wp:term":[{"taxonomy":"category","embeddable":true,"href":"https:\/\/blocsenresidencia.bcn.cat\/20222023\/wp-json\/wp\/v2\/categories?post=242"},{"taxonomy":"post_tag","embeddable":true,"href":"https:\/\/blocsenresidencia.bcn.cat\/20222023\/wp-json\/wp\/v2\/tags?post=242"}],"curies":[{"name":"wp","href":"https:\/\/api.w.org\/{rel}","templated":true}]}}