{"id":251,"date":"2023-01-25T20:57:01","date_gmt":"2023-01-25T18:57:01","guid":{"rendered":"https:\/\/blocsenresidencia.bcn.cat\/20222023\/2023\/01\/25\/teatro\/"},"modified":"2023-01-25T20:57:01","modified_gmt":"2023-01-25T18:57:01","slug":"teatro","status":"publish","type":"post","link":"https:\/\/blocsenresidencia.bcn.cat\/20222023\/2023\/01\/25\/teatro\/","title":{"rendered":"\u00bfTEATRO?"},"content":{"rendered":"<p>Des de <a href=\"https:\/\/blocsenresidencia.bcn.cat\/salvadorespriu2023\/2023\/01\/25\/teatro\/\">Nus Teatre EN RESiD\u00c8NCiA<\/a><\/p>\n<div>\n<p>         Y as\u00ed comenzamos el curso. Vimos en clase la pel\u00edcula Noviembre que sorprendi\u00f3 mucho al alumnado y, sin quererlo, ten\u00edamos en frente nuestro prop\u00f3sito  con el proyecto Creadors en Resid\u00e8ncia: teatro social a la mano de Nus Teatre y con el soporte de Transeduca. <\/p>\n<figure class=\"wp-block-image size-full is-resized\"><img decoding=\"async\" loading=\"lazy\" src=\"https:\/\/blocsenresidencia.bcn.cat\/salvadorespriu2023\/wp-content\/uploads\/2023\/01\/noviembre.jpg\" alt=\"\" class=\"wp-image-42\" width=\"515\" height=\"288\"><\/figure>\n<figure class=\"wp-block-image size-full is-resized\"><img decoding=\"async\" loading=\"lazy\" src=\"https:\/\/blocsenresidencia.bcn.cat\/salvadorespriu2023\/wp-content\/uploads\/2023\/01\/nus.png\" alt=\"\" class=\"wp-image-43\" width=\"329\" height=\"227\"><\/figure>\n<p><strong>PRIMERA EVALUACI\u00d3N<\/strong><\/p>\n<p>A lo largo del primer trimestre los alumnos de 4r A del Salvador Espriu han trabajado con actividades l\u00fadicas el movimiento, la sincronizaci\u00f3n, vocalizaci\u00f3n, adem\u00e1s de reforzar la competencia social mediante los debates con la artista J\u00falia Cruz i nuestro gu\u00eda y comisario, Javier Rodrigo. <\/p>\n<figure class=\"wp-block-image size-large\"><img decoding=\"async\" loading=\"lazy\" width=\"1024\" height=\"498\" src=\"https:\/\/blocsenresidencia.bcn.cat\/salvadorespriu2023\/wp-content\/uploads\/2023\/01\/20230112_124528-1024x498.jpg\" alt=\"\" class=\"wp-image-44\" srcset=\"https:\/\/blocsenresidencia.bcn.cat\/salvadorespriu2023\/wp-content\/uploads\/2023\/01\/20230112_124528-1024x498.jpg 1024w, https:\/\/blocsenresidencia.bcn.cat\/salvadorespriu2023\/wp-content\/uploads\/2023\/01\/20230112_124528-300x146.jpg 300w, https:\/\/blocsenresidencia.bcn.cat\/salvadorespriu2023\/wp-content\/uploads\/2023\/01\/20230112_124528-768x373.jpg 768w, https:\/\/blocsenresidencia.bcn.cat\/salvadorespriu2023\/wp-content\/uploads\/2023\/01\/20230112_124528-1536x747.jpg 1536w, https:\/\/blocsenresidencia.bcn.cat\/salvadorespriu2023\/wp-content\/uploads\/2023\/01\/20230112_124528-2048x996.jpg 2048w\" sizes=\"auto, (max-width: 767px) 89vw, (max-width: 1000px) 54vw, (max-width: 1071px) 543px, 580px\"><\/figure>\n<p><strong>A lo largo del trimestre, el grupo iba cogiendo confianda y comenzaron las primeras improvisaciones entre las actividades l\u00fadicas.<\/strong><\/p>\n<figure class=\"is-layout-flex wp-block-gallery-1 wp-block-gallery has-nested-images columns-default is-cropped\">\n<figure class=\"wp-block-image size-large is-style-rounded\"><img decoding=\"async\" loading=\"lazy\" width=\"1024\" height=\"498\" data-id=\"46\" src=\"https:\/\/blocsenresidencia.bcn.cat\/salvadorespriu2023\/wp-content\/uploads\/2023\/01\/20221201_125645-1024x498.jpg\" alt=\"\" class=\"wp-image-46\" srcset=\"https:\/\/blocsenresidencia.bcn.cat\/salvadorespriu2023\/wp-content\/uploads\/2023\/01\/20221201_125645-1024x498.jpg 1024w, https:\/\/blocsenresidencia.bcn.cat\/salvadorespriu2023\/wp-content\/uploads\/2023\/01\/20221201_125645-300x146.jpg 300w, https:\/\/blocsenresidencia.bcn.cat\/salvadorespriu2023\/wp-content\/uploads\/2023\/01\/20221201_125645-768x373.jpg 768w, https:\/\/blocsenresidencia.bcn.cat\/salvadorespriu2023\/wp-content\/uploads\/2023\/01\/20221201_125645-1536x747.jpg 1536w, https:\/\/blocsenresidencia.bcn.cat\/salvadorespriu2023\/wp-content\/uploads\/2023\/01\/20221201_125645-2048x996.jpg 2048w\" sizes=\"auto, (max-width: 767px) 89vw, (max-width: 1000px) 54vw, (max-width: 1071px) 543px, 580px\"><\/figure>\n<\/figure>\n<div class=\"wp-block-media-text alignwide is-stacked-on-mobile\">\n<figure class=\"wp-block-media-text__media\"><img decoding=\"async\" loading=\"lazy\" width=\"1024\" height=\"498\" src=\"https:\/\/blocsenresidencia.bcn.cat\/salvadorespriu2023\/wp-content\/uploads\/2023\/01\/20221103_130513-1024x498.jpg\" alt=\"\" class=\"wp-image-47 size-full\" srcset=\"https:\/\/blocsenresidencia.bcn.cat\/salvadorespriu2023\/wp-content\/uploads\/2023\/01\/20221103_130513-1024x498.jpg 1024w, https:\/\/blocsenresidencia.bcn.cat\/salvadorespriu2023\/wp-content\/uploads\/2023\/01\/20221103_130513-300x146.jpg 300w, https:\/\/blocsenresidencia.bcn.cat\/salvadorespriu2023\/wp-content\/uploads\/2023\/01\/20221103_130513-768x373.jpg 768w, https:\/\/blocsenresidencia.bcn.cat\/salvadorespriu2023\/wp-content\/uploads\/2023\/01\/20221103_130513-1536x747.jpg 1536w, https:\/\/blocsenresidencia.bcn.cat\/salvadorespriu2023\/wp-content\/uploads\/2023\/01\/20221103_130513-2048x996.jpg 2048w\" sizes=\"auto, (max-width: 767px) 89vw, (max-width: 1000px) 54vw, (max-width: 1071px) 543px, 580px\"><\/figure>\n<div class=\"wp-block-media-text__content\">\n<p><strong>Una de las actividades que m\u00e1s gusta. EL LOBO<\/strong><\/p>\n<\/div>\n<\/div>\n<figure class=\"wp-block-image size-large is-resized\"><img decoding=\"async\" loading=\"lazy\" src=\"https:\/\/blocsenresidencia.bcn.cat\/salvadorespriu2023\/wp-content\/uploads\/2023\/01\/20221103_130427-1024x498.jpg\" alt=\"\" class=\"wp-image-48\" width=\"608\" height=\"294\" srcset=\"https:\/\/blocsenresidencia.bcn.cat\/salvadorespriu2023\/wp-content\/uploads\/2023\/01\/20221103_130427-300x146.jpg 300w, https:\/\/blocsenresidencia.bcn.cat\/salvadorespriu2023\/wp-content\/uploads\/2023\/01\/20221103_130427-768x373.jpg 768w\" sizes=\"auto, (max-width: 608px) 100vw, 608px\"><\/figure>\n<div class=\"wp-block-media-text alignwide is-stacked-on-mobile\">\n<figure class=\"wp-block-media-text__media\"><img decoding=\"async\" loading=\"lazy\" width=\"1024\" height=\"498\" src=\"https:\/\/blocsenresidencia.bcn.cat\/salvadorespriu2023\/wp-content\/uploads\/2023\/01\/20221103_142042-1024x498.jpg\" alt=\"\" class=\"wp-image-49 size-full\" srcset=\"https:\/\/blocsenresidencia.bcn.cat\/salvadorespriu2023\/wp-content\/uploads\/2023\/01\/20221103_142042-1024x498.jpg 1024w, https:\/\/blocsenresidencia.bcn.cat\/salvadorespriu2023\/wp-content\/uploads\/2023\/01\/20221103_142042-300x146.jpg 300w, https:\/\/blocsenresidencia.bcn.cat\/salvadorespriu2023\/wp-content\/uploads\/2023\/01\/20221103_142042-768x373.jpg 768w, https:\/\/blocsenresidencia.bcn.cat\/salvadorespriu2023\/wp-content\/uploads\/2023\/01\/20221103_142042-1536x747.jpg 1536w, https:\/\/blocsenresidencia.bcn.cat\/salvadorespriu2023\/wp-content\/uploads\/2023\/01\/20221103_142042-2048x996.jpg 2048w\" sizes=\"auto, (max-width: 767px) 89vw, (max-width: 1000px) 54vw, (max-width: 1071px) 543px, 580px\"><\/figure>\n<div class=\"wp-block-media-text__content\">\n<p><strong>Alumnos defendiendo su obra dram\u00e1tica.<\/strong><\/p>\n<\/div>\n<\/div>\n<\/div>\n","protected":false},"excerpt":{"rendered":"<p>Des de Nus Teatre EN RESiD\u00c8NCiA Y as\u00ed comenzamos el curso. Vimos en clase la pel\u00edcula Noviembre que sorprendi\u00f3 mucho al alumnado y, sin quererlo, ten\u00edamos en frente nuestro prop\u00f3sito con el proyecto Creadors en Resid\u00e8ncia: teatro social a la mano de Nus Teatre y con el soporte de Transeduca. PRIMERA EVALUACI\u00d3N A lo largo &hellip; <\/p>\n<p class=\"link-more\"><a href=\"https:\/\/blocsenresidencia.bcn.cat\/20222023\/2023\/01\/25\/teatro\/\" class=\"more-link\">Continua llegint <span class=\"screen-reader-text\">\u00ab\u00bfTEATRO?\u00bb<\/span><\/a><\/p>\n","protected":false},"author":5,"featured_media":0,"comment_status":"closed","ping_status":"closed","sticky":false,"template":"","format":"standard","meta":{"footnotes":""},"categories":[1],"tags":[],"class_list":["post-251","post","type-post","status-publish","format-standard","hentry","category-general"],"_links":{"self":[{"href":"https:\/\/blocsenresidencia.bcn.cat\/20222023\/wp-json\/wp\/v2\/posts\/251","targetHints":{"allow":["GET"]}}],"collection":[{"href":"https:\/\/blocsenresidencia.bcn.cat\/20222023\/wp-json\/wp\/v2\/posts"}],"about":[{"href":"https:\/\/blocsenresidencia.bcn.cat\/20222023\/wp-json\/wp\/v2\/types\/post"}],"author":[{"embeddable":true,"href":"https:\/\/blocsenresidencia.bcn.cat\/20222023\/wp-json\/wp\/v2\/users\/5"}],"replies":[{"embeddable":true,"href":"https:\/\/blocsenresidencia.bcn.cat\/20222023\/wp-json\/wp\/v2\/comments?post=251"}],"version-history":[{"count":0,"href":"https:\/\/blocsenresidencia.bcn.cat\/20222023\/wp-json\/wp\/v2\/posts\/251\/revisions"}],"wp:attachment":[{"href":"https:\/\/blocsenresidencia.bcn.cat\/20222023\/wp-json\/wp\/v2\/media?parent=251"}],"wp:term":[{"taxonomy":"category","embeddable":true,"href":"https:\/\/blocsenresidencia.bcn.cat\/20222023\/wp-json\/wp\/v2\/categories?post=251"},{"taxonomy":"post_tag","embeddable":true,"href":"https:\/\/blocsenresidencia.bcn.cat\/20222023\/wp-json\/wp\/v2\/tags?post=251"}],"curies":[{"name":"wp","href":"https:\/\/api.w.org\/{rel}","templated":true}]}}