{"id":255,"date":"2023-02-01T14:21:01","date_gmt":"2023-02-01T12:21:01","guid":{"rendered":"https:\/\/blocsenresidencia.bcn.cat\/20222023\/2023\/02\/01\/sintesi-subtractiva\/"},"modified":"2023-02-01T14:21:01","modified_gmt":"2023-02-01T12:21:01","slug":"sintesi-subtractiva","status":"publish","type":"post","link":"https:\/\/blocsenresidencia.bcn.cat\/20222023\/2023\/02\/01\/sintesi-subtractiva\/","title":{"rendered":"S\u00edntesi subtractiva"},"content":{"rendered":"<p>Des de <a href=\"https:\/\/blocsenresidencia.bcn.cat\/vapordelfil2023\/2023\/02\/01\/sintesi-subtractiva\/\">Estampa EN RESiD\u00c8NCiA<\/a><\/p>\n<div>\n<p><strong>Dani i Jes\u00fas<\/strong><\/p>\n<p>El dia 13 de desembre vam fer la s\u00edntesi subtractiva amb paper de celofan vermell i col\u00f3rs blau i vermell.<\/p>\n<figure class=\"wp-block-image size-large is-resized\"><img loading=\"lazy\" decoding=\"async\" src=\"https:\/\/blocsenresidencia.bcn.cat\/vapordelfil2023\/wp-content\/uploads\/2023\/02\/20221214_123941-2-768x1024.jpg\" alt=\"\" class=\"wp-image-285\" width=\"324\" height=\"431\" srcset=\"https:\/\/blocsenresidencia.bcn.cat\/vapordelfil2023\/wp-content\/uploads\/2023\/02\/20221214_123941-2-768x1024.jpg 768w, https:\/\/blocsenresidencia.bcn.cat\/vapordelfil2023\/wp-content\/uploads\/2023\/02\/20221214_123941-2-225x300.jpg 225w, https:\/\/blocsenresidencia.bcn.cat\/vapordelfil2023\/wp-content\/uploads\/2023\/02\/20221214_123941-2-1152x1536.jpg 1152w, https:\/\/blocsenresidencia.bcn.cat\/vapordelfil2023\/wp-content\/uploads\/2023\/02\/20221214_123941-2-1536x2048.jpg 1536w, https:\/\/blocsenresidencia.bcn.cat\/vapordelfil2023\/wp-content\/uploads\/2023\/02\/20221214_123941-2-scaled.jpg 1920w\" sizes=\"auto, (max-width: 324px) 100vw, 324px\"><\/figure>\n<figure class=\"wp-block-image size-large is-resized\"><img decoding=\"async\" loading=\"lazy\" src=\"https:\/\/blocsenresidencia.bcn.cat\/vapordelfil2023\/wp-content\/uploads\/2023\/02\/20221214_123948-1-768x1024.jpg\" alt=\"\" class=\"wp-image-294\" width=\"320\" height=\"426\" srcset=\"https:\/\/blocsenresidencia.bcn.cat\/vapordelfil2023\/wp-content\/uploads\/2023\/02\/20221214_123948-1-768x1024.jpg 768w, https:\/\/blocsenresidencia.bcn.cat\/vapordelfil2023\/wp-content\/uploads\/2023\/02\/20221214_123948-1-225x300.jpg 225w, https:\/\/blocsenresidencia.bcn.cat\/vapordelfil2023\/wp-content\/uploads\/2023\/02\/20221214_123948-1-1152x1536.jpg 1152w, https:\/\/blocsenresidencia.bcn.cat\/vapordelfil2023\/wp-content\/uploads\/2023\/02\/20221214_123948-1-1536x2048.jpg 1536w, https:\/\/blocsenresidencia.bcn.cat\/vapordelfil2023\/wp-content\/uploads\/2023\/02\/20221214_123948-1-scaled.jpg 1920w\" sizes=\"auto, (max-width: 320px) 100vw, 320px\"><\/figure>\n<p><strong><em>(afegiu les imatges que estan a la carpeta corresponent)<\/em><\/strong><\/p>\n<ol>\n<li> Primer hem descrit una paraula en blau i fem uns dibuixos de color vermell amagant les lletres<\/li>\n<li>Despr\u00e9s, combinant dos dibuixos amb diferent color, un vermell i un negre, fem dos dibuixos combinats.<\/li>\n<\/ol>\n<figure class=\"wp-block-image size-large is-resized\"><img decoding=\"async\" loading=\"lazy\" src=\"https:\/\/blocsenresidencia.bcn.cat\/vapordelfil2023\/wp-content\/uploads\/2023\/02\/20221214_124010-1-768x1024.jpg\" alt=\"\" class=\"wp-image-322\" width=\"325\" height=\"433\" srcset=\"https:\/\/blocsenresidencia.bcn.cat\/vapordelfil2023\/wp-content\/uploads\/2023\/02\/20221214_124010-1-768x1024.jpg 768w, https:\/\/blocsenresidencia.bcn.cat\/vapordelfil2023\/wp-content\/uploads\/2023\/02\/20221214_124010-1-225x300.jpg 225w, https:\/\/blocsenresidencia.bcn.cat\/vapordelfil2023\/wp-content\/uploads\/2023\/02\/20221214_124010-1-1152x1536.jpg 1152w, https:\/\/blocsenresidencia.bcn.cat\/vapordelfil2023\/wp-content\/uploads\/2023\/02\/20221214_124010-1-1536x2048.jpg 1536w, https:\/\/blocsenresidencia.bcn.cat\/vapordelfil2023\/wp-content\/uploads\/2023\/02\/20221214_124010-1-scaled.jpg 1920w\" sizes=\"auto, (max-width: 325px) 100vw, 325px\"><\/figure>\n<figure class=\"wp-block-image size-large is-resized\"><img decoding=\"async\" loading=\"lazy\" src=\"https:\/\/blocsenresidencia.bcn.cat\/vapordelfil2023\/wp-content\/uploads\/2023\/02\/20221214_124016-1-768x1024.jpg\" alt=\"\" class=\"wp-image-323\" width=\"327\" height=\"435\" srcset=\"https:\/\/blocsenresidencia.bcn.cat\/vapordelfil2023\/wp-content\/uploads\/2023\/02\/20221214_124016-1-768x1024.jpg 768w, https:\/\/blocsenresidencia.bcn.cat\/vapordelfil2023\/wp-content\/uploads\/2023\/02\/20221214_124016-1-225x300.jpg 225w, https:\/\/blocsenresidencia.bcn.cat\/vapordelfil2023\/wp-content\/uploads\/2023\/02\/20221214_124016-1-1152x1536.jpg 1152w, https:\/\/blocsenresidencia.bcn.cat\/vapordelfil2023\/wp-content\/uploads\/2023\/02\/20221214_124016-1-1536x2048.jpg 1536w, https:\/\/blocsenresidencia.bcn.cat\/vapordelfil2023\/wp-content\/uploads\/2023\/02\/20221214_124016-1-scaled.jpg 1920w\" sizes=\"auto, (max-width: 327px) 100vw, 327px\"><\/figure>\n<\/div>\n","protected":false},"excerpt":{"rendered":"<p>Des de Estampa EN RESiD\u00c8NCiA Dani i Jes\u00fas El dia 13 de desembre vam fer la s\u00edntesi subtractiva amb paper de celofan vermell i col\u00f3rs blau i vermell. (afegiu les imatges que estan a la carpeta corresponent) Primer hem descrit una paraula en blau i fem uns dibuixos de color vermell amagant les lletres Despr\u00e9s, &hellip; <\/p>\n<p class=\"link-more\"><a href=\"https:\/\/blocsenresidencia.bcn.cat\/20222023\/2023\/02\/01\/sintesi-subtractiva\/\" class=\"more-link\">Continua llegint <span class=\"screen-reader-text\">\u00abS\u00edntesi subtractiva\u00bb<\/span><\/a><\/p>\n","protected":false},"author":5,"featured_media":0,"comment_status":"closed","ping_status":"closed","sticky":false,"template":"","format":"standard","meta":{"footnotes":""},"categories":[1],"tags":[],"class_list":["post-255","post","type-post","status-publish","format-standard","hentry","category-general"],"_links":{"self":[{"href":"https:\/\/blocsenresidencia.bcn.cat\/20222023\/wp-json\/wp\/v2\/posts\/255","targetHints":{"allow":["GET"]}}],"collection":[{"href":"https:\/\/blocsenresidencia.bcn.cat\/20222023\/wp-json\/wp\/v2\/posts"}],"about":[{"href":"https:\/\/blocsenresidencia.bcn.cat\/20222023\/wp-json\/wp\/v2\/types\/post"}],"author":[{"embeddable":true,"href":"https:\/\/blocsenresidencia.bcn.cat\/20222023\/wp-json\/wp\/v2\/users\/5"}],"replies":[{"embeddable":true,"href":"https:\/\/blocsenresidencia.bcn.cat\/20222023\/wp-json\/wp\/v2\/comments?post=255"}],"version-history":[{"count":0,"href":"https:\/\/blocsenresidencia.bcn.cat\/20222023\/wp-json\/wp\/v2\/posts\/255\/revisions"}],"wp:attachment":[{"href":"https:\/\/blocsenresidencia.bcn.cat\/20222023\/wp-json\/wp\/v2\/media?parent=255"}],"wp:term":[{"taxonomy":"category","embeddable":true,"href":"https:\/\/blocsenresidencia.bcn.cat\/20222023\/wp-json\/wp\/v2\/categories?post=255"},{"taxonomy":"post_tag","embeddable":true,"href":"https:\/\/blocsenresidencia.bcn.cat\/20222023\/wp-json\/wp\/v2\/tags?post=255"}],"curies":[{"name":"wp","href":"https:\/\/api.w.org\/{rel}","templated":true}]}}