{"id":257,"date":"2023-02-05T15:26:16","date_gmt":"2023-02-05T13:26:16","guid":{"rendered":"https:\/\/blocsenresidencia.bcn.cat\/20222023\/2023\/02\/05\/fabra-i-coats-i-les-capes-de-la-historia\/"},"modified":"2023-02-05T15:26:16","modified_gmt":"2023-02-05T13:26:16","slug":"fabra-i-coats-i-les-capes-de-la-historia","status":"publish","type":"post","link":"https:\/\/blocsenresidencia.bcn.cat\/20222023\/2023\/02\/05\/fabra-i-coats-i-les-capes-de-la-historia\/","title":{"rendered":"Fabra i Coats\u00a0i les capes de la hist\u00f2ria"},"content":{"rendered":"<p>Des de <a href=\"https:\/\/blocsenresidencia.bcn.cat\/vapordelfil2023\/2023\/02\/05\/fabra-i-coats-i-les-capes-de-la-historia\/\">Estampa EN RESiD\u00c8NCiA<\/a><\/p>\n<div>\n<p><strong>\u00c0ngel, Guillem i Maroan<\/strong><\/p>\n<p>El nostre institut est\u00e0 dintre d\u2019aquest recinte, i per aix\u00f2  l\u2019estem estudiant.<\/p>\n<figure class=\"wp-block-image size-large is-resized\"><img loading=\"lazy\" decoding=\"async\" src=\"https:\/\/blocsenresidencia.bcn.cat\/vapordelfil2023\/wp-content\/uploads\/2023\/01\/Vapor-del-fil-1-1024x397.png\" alt=\"\" class=\"wp-image-220\" width=\"676\" height=\"261\" srcset=\"https:\/\/blocsenresidencia.bcn.cat\/vapordelfil2023\/wp-content\/uploads\/2023\/01\/Vapor-del-fil-1-1024x397.png 1024w, https:\/\/blocsenresidencia.bcn.cat\/vapordelfil2023\/wp-content\/uploads\/2023\/01\/Vapor-del-fil-1-300x116.png 300w, https:\/\/blocsenresidencia.bcn.cat\/vapordelfil2023\/wp-content\/uploads\/2023\/01\/Vapor-del-fil-1-768x298.png 768w, https:\/\/blocsenresidencia.bcn.cat\/vapordelfil2023\/wp-content\/uploads\/2023\/01\/Vapor-del-fil-1-1536x596.png 1536w, https:\/\/blocsenresidencia.bcn.cat\/vapordelfil2023\/wp-content\/uploads\/2023\/01\/Vapor-del-fil-1.png 1594w\" sizes=\"auto, (max-width: 676px) 100vw, 676px\"><\/figure>\n<figure class=\"wp-block-image size-full is-resized\"><img decoding=\"async\" loading=\"lazy\" src=\"https:\/\/blocsenresidencia.bcn.cat\/vapordelfil2023\/wp-content\/uploads\/2022\/12\/Screenshot-2022-12-14-12.39.20.png\" alt=\"\" class=\"wp-image-143\" width=\"674\" height=\"401\" srcset=\"https:\/\/blocsenresidencia.bcn.cat\/vapordelfil2023\/wp-content\/uploads\/2022\/12\/Screenshot-2022-12-14-12.39.20.png 626w, https:\/\/blocsenresidencia.bcn.cat\/vapordelfil2023\/wp-content\/uploads\/2022\/12\/Screenshot-2022-12-14-12.39.20-300x179.png 300w\" sizes=\"auto, (max-width: 674px) 100vw, 674px\"><\/figure>\n<p>Un dia vam mirar mapes de la Fabra i Coats des de l\u2019antiguitat fins avui i vam veure moltes difer\u00e8ncies entre el 1945 al 2022 van canviar moltes coses.<\/p>\n<figure class=\"wp-block-image size-full is-resized\"><img decoding=\"async\" loading=\"lazy\" src=\"https:\/\/blocsenresidencia.bcn.cat\/vapordelfil2023\/wp-content\/uploads\/2022\/12\/Screenshot-2022-12-14-12.35.40.png\" alt=\"\" class=\"wp-image-131\" width=\"648\" height=\"483\" srcset=\"https:\/\/blocsenresidencia.bcn.cat\/vapordelfil2023\/wp-content\/uploads\/2022\/12\/Screenshot-2022-12-14-12.35.40.png 1004w, https:\/\/blocsenresidencia.bcn.cat\/vapordelfil2023\/wp-content\/uploads\/2022\/12\/Screenshot-2022-12-14-12.35.40-300x224.png 300w, https:\/\/blocsenresidencia.bcn.cat\/vapordelfil2023\/wp-content\/uploads\/2022\/12\/Screenshot-2022-12-14-12.35.40-768x573.png 768w\" sizes=\"auto, (max-width: 648px) 100vw, 648px\"><\/figure>\n<figure class=\"wp-block-image size-full is-resized\"><img decoding=\"async\" loading=\"lazy\" src=\"https:\/\/blocsenresidencia.bcn.cat\/vapordelfil2023\/wp-content\/uploads\/2022\/12\/Screenshot-2022-12-14-12.33.44.png\" alt=\"\" class=\"wp-image-136\" width=\"655\" height=\"487\"><\/figure>\n<figure class=\"wp-block-image size-full is-resized\"><img decoding=\"async\" loading=\"lazy\" src=\"https:\/\/blocsenresidencia.bcn.cat\/vapordelfil2023\/wp-content\/uploads\/2022\/12\/Screenshot-2022-12-14-12.33.54-1.png\" alt=\"\" class=\"wp-image-157\" width=\"657\" height=\"489\" srcset=\"https:\/\/blocsenresidencia.bcn.cat\/vapordelfil2023\/wp-content\/uploads\/2022\/12\/Screenshot-2022-12-14-12.33.54-1.png 1004w, https:\/\/blocsenresidencia.bcn.cat\/vapordelfil2023\/wp-content\/uploads\/2022\/12\/Screenshot-2022-12-14-12.33.54-1-300x224.png 300w, https:\/\/blocsenresidencia.bcn.cat\/vapordelfil2023\/wp-content\/uploads\/2022\/12\/Screenshot-2022-12-14-12.33.54-1-768x573.png 768w\" sizes=\"auto, (max-width: 657px) 100vw, 657px\"><\/figure>\n<figure class=\"wp-block-image size-large is-resized\"><img decoding=\"async\" loading=\"lazy\" src=\"https:\/\/blocsenresidencia.bcn.cat\/vapordelfil2023\/wp-content\/uploads\/2023\/01\/20221214_125702-635x1024.jpg\" alt=\"\" class=\"wp-image-240\" width=\"660\" height=\"1064\" srcset=\"https:\/\/blocsenresidencia.bcn.cat\/vapordelfil2023\/wp-content\/uploads\/2023\/01\/20221214_125702-635x1024.jpg 635w, https:\/\/blocsenresidencia.bcn.cat\/vapordelfil2023\/wp-content\/uploads\/2023\/01\/20221214_125702-186x300.jpg 186w, https:\/\/blocsenresidencia.bcn.cat\/vapordelfil2023\/wp-content\/uploads\/2023\/01\/20221214_125702-768x1239.jpg 768w, https:\/\/blocsenresidencia.bcn.cat\/vapordelfil2023\/wp-content\/uploads\/2023\/01\/20221214_125702-952x1536.jpg 952w, https:\/\/blocsenresidencia.bcn.cat\/vapordelfil2023\/wp-content\/uploads\/2023\/01\/20221214_125702-1270x2048.jpg 1270w, https:\/\/blocsenresidencia.bcn.cat\/vapordelfil2023\/wp-content\/uploads\/2023\/01\/20221214_125702-scaled.jpg 1587w\" sizes=\"auto, (max-width: 660px) 100vw, 660px\"><\/figure>\n<div class=\"wp-block-image\">\n<figure class=\"alignleft size-large is-resized\"><img decoding=\"async\" loading=\"lazy\" src=\"https:\/\/blocsenresidencia.bcn.cat\/vapordelfil2023\/wp-content\/uploads\/2023\/01\/20221214_125447-736x1024.jpg\" alt=\"\" class=\"wp-image-242\" width=\"-284\" height=\"-395\" srcset=\"https:\/\/blocsenresidencia.bcn.cat\/vapordelfil2023\/wp-content\/uploads\/2023\/01\/20221214_125447-736x1024.jpg 736w, https:\/\/blocsenresidencia.bcn.cat\/vapordelfil2023\/wp-content\/uploads\/2023\/01\/20221214_125447-216x300.jpg 216w, https:\/\/blocsenresidencia.bcn.cat\/vapordelfil2023\/wp-content\/uploads\/2023\/01\/20221214_125447-768x1069.jpg 768w, https:\/\/blocsenresidencia.bcn.cat\/vapordelfil2023\/wp-content\/uploads\/2023\/01\/20221214_125447-1104x1536.jpg 1104w, https:\/\/blocsenresidencia.bcn.cat\/vapordelfil2023\/wp-content\/uploads\/2023\/01\/20221214_125447-1472x2048.jpg 1472w, https:\/\/blocsenresidencia.bcn.cat\/vapordelfil2023\/wp-content\/uploads\/2023\/01\/20221214_125447-scaled.jpg 1839w\" sizes=\"auto, (max-width: 736px) 100vw, 736px\"><\/figure>\n<\/div>\n<figure class=\"wp-block-image size-large is-resized\"><img decoding=\"async\" loading=\"lazy\" src=\"https:\/\/blocsenresidencia.bcn.cat\/vapordelfil2023\/wp-content\/uploads\/2023\/01\/20221214_125215-1-1024x662.jpg\" alt=\"\" class=\"wp-image-252\" width=\"658\" height=\"424\" srcset=\"https:\/\/blocsenresidencia.bcn.cat\/vapordelfil2023\/wp-content\/uploads\/2023\/01\/20221214_125215-1-1024x662.jpg 1024w, https:\/\/blocsenresidencia.bcn.cat\/vapordelfil2023\/wp-content\/uploads\/2023\/01\/20221214_125215-1-300x194.jpg 300w, https:\/\/blocsenresidencia.bcn.cat\/vapordelfil2023\/wp-content\/uploads\/2023\/01\/20221214_125215-1-768x496.jpg 768w, https:\/\/blocsenresidencia.bcn.cat\/vapordelfil2023\/wp-content\/uploads\/2023\/01\/20221214_125215-1-1536x993.jpg 1536w, https:\/\/blocsenresidencia.bcn.cat\/vapordelfil2023\/wp-content\/uploads\/2023\/01\/20221214_125215-1-2048x1324.jpg 2048w\" sizes=\"auto, (max-width: 658px) 100vw, 658px\"><\/figure>\n<p>Despr\u00e9s vam anar d\u2019excursi\u00f3 a la Fabra i Coats amb uns mapes antics, ens hav\u00edem de situar en el mapa antic, en parelles an\u00e0vem a llocs reals i els situ\u00e0vem en el mapa antic i escriv\u00edem qu\u00e8 hi havia actualment.<\/p>\n<figure class=\"wp-block-image size-large is-resized\"><img decoding=\"async\" loading=\"lazy\" src=\"https:\/\/blocsenresidencia.bcn.cat\/vapordelfil2023\/wp-content\/uploads\/2023\/02\/20230201_123157-768x1024.jpg\" alt=\"\" class=\"wp-image-344\" width=\"359\" height=\"475\"><\/figure>\n<figure class=\"wp-block-image size-large\"><img decoding=\"async\" loading=\"lazy\" width=\"768\" height=\"1024\" src=\"https:\/\/blocsenresidencia.bcn.cat\/vapordelfil2023\/wp-content\/uploads\/2023\/02\/20230201_123729-768x1024.jpg\" alt=\"\" class=\"wp-image-343\" srcset=\"https:\/\/blocsenresidencia.bcn.cat\/vapordelfil2023\/wp-content\/uploads\/2023\/02\/20230201_123729-768x1024.jpg 768w, https:\/\/blocsenresidencia.bcn.cat\/vapordelfil2023\/wp-content\/uploads\/2023\/02\/20230201_123729-225x300.jpg 225w, https:\/\/blocsenresidencia.bcn.cat\/vapordelfil2023\/wp-content\/uploads\/2023\/02\/20230201_123729-1152x1536.jpg 1152w, https:\/\/blocsenresidencia.bcn.cat\/vapordelfil2023\/wp-content\/uploads\/2023\/02\/20230201_123729-1536x2048.jpg 1536w, https:\/\/blocsenresidencia.bcn.cat\/vapordelfil2023\/wp-content\/uploads\/2023\/02\/20230201_123729-scaled.jpg 1920w\" sizes=\"auto, (max-width: 767px) 89vw, (max-width: 1000px) 54vw, (max-width: 1071px) 543px, 580px\"><\/figure>\n<\/div>\n","protected":false},"excerpt":{"rendered":"<p>Des de Estampa EN RESiD\u00c8NCiA \u00c0ngel, Guillem i Maroan El nostre institut est\u00e0 dintre d\u2019aquest recinte, i per aix\u00f2 l\u2019estem estudiant. Un dia vam mirar mapes de la Fabra i Coats des de l\u2019antiguitat fins avui i vam veure moltes difer\u00e8ncies entre el 1945 al 2022 van canviar moltes coses. Despr\u00e9s vam anar d\u2019excursi\u00f3 a &hellip; <\/p>\n<p class=\"link-more\"><a href=\"https:\/\/blocsenresidencia.bcn.cat\/20222023\/2023\/02\/05\/fabra-i-coats-i-les-capes-de-la-historia\/\" class=\"more-link\">Continua llegint <span class=\"screen-reader-text\">\u00abFabra i Coats\u00a0i les capes de la hist\u00f2ria\u00bb<\/span><\/a><\/p>\n","protected":false},"author":5,"featured_media":0,"comment_status":"closed","ping_status":"closed","sticky":false,"template":"","format":"standard","meta":{"footnotes":""},"categories":[1],"tags":[],"class_list":["post-257","post","type-post","status-publish","format-standard","hentry","category-general"],"_links":{"self":[{"href":"https:\/\/blocsenresidencia.bcn.cat\/20222023\/wp-json\/wp\/v2\/posts\/257","targetHints":{"allow":["GET"]}}],"collection":[{"href":"https:\/\/blocsenresidencia.bcn.cat\/20222023\/wp-json\/wp\/v2\/posts"}],"about":[{"href":"https:\/\/blocsenresidencia.bcn.cat\/20222023\/wp-json\/wp\/v2\/types\/post"}],"author":[{"embeddable":true,"href":"https:\/\/blocsenresidencia.bcn.cat\/20222023\/wp-json\/wp\/v2\/users\/5"}],"replies":[{"embeddable":true,"href":"https:\/\/blocsenresidencia.bcn.cat\/20222023\/wp-json\/wp\/v2\/comments?post=257"}],"version-history":[{"count":0,"href":"https:\/\/blocsenresidencia.bcn.cat\/20222023\/wp-json\/wp\/v2\/posts\/257\/revisions"}],"wp:attachment":[{"href":"https:\/\/blocsenresidencia.bcn.cat\/20222023\/wp-json\/wp\/v2\/media?parent=257"}],"wp:term":[{"taxonomy":"category","embeddable":true,"href":"https:\/\/blocsenresidencia.bcn.cat\/20222023\/wp-json\/wp\/v2\/categories?post=257"},{"taxonomy":"post_tag","embeddable":true,"href":"https:\/\/blocsenresidencia.bcn.cat\/20222023\/wp-json\/wp\/v2\/tags?post=257"}],"curies":[{"name":"wp","href":"https:\/\/api.w.org\/{rel}","templated":true}]}}