{"id":258,"date":"2023-02-06T18:51:07","date_gmt":"2023-02-06T16:51:07","guid":{"rendered":"https:\/\/blocsenresidencia.bcn.cat\/20222023\/2023\/02\/06\/presentacio-del-grup\/"},"modified":"2023-02-06T18:51:07","modified_gmt":"2023-02-06T16:51:07","slug":"presentacio-del-grup","status":"publish","type":"post","link":"https:\/\/blocsenresidencia.bcn.cat\/20222023\/2023\/02\/06\/presentacio-del-grup\/","title":{"rendered":"PRESENTACI\u00d3 del GRUP"},"content":{"rendered":"<p>Des de <a href=\"https:\/\/blocsenresidencia.bcn.cat\/narcismonturiol2023\/2023\/02\/06\/presentacio-del-grup\/\">STA EN RESiD\u00c8NCiA<\/a><\/p>\n<div>\n<p>Som alumnes del 4t C de l\u2019INS Narc\u00eds Monturiol. Som un grup redu\u00eft de 8 persones i aix\u00f2 t\u00e9 l\u2019avantatge de poder tenir una atenci\u00f3 m\u00e9s personalitzada, per\u00f2 tamb\u00e9 fa que les relacions entre nosaltres siguin m\u00e9s limitades. En tot cas, estem contents de formar-hi part.<\/p>\n<figure class=\"wp-block-image size-large\"><img loading=\"lazy\" decoding=\"async\" width=\"1024\" height=\"766\" src=\"https:\/\/blocsenresidencia.bcn.cat\/narcismonturiol2023\/wp-content\/uploads\/2023\/02\/IMG_20220919_123824-1024x766.jpg\" alt=\"\" class=\"wp-image-38\" srcset=\"https:\/\/blocsenresidencia.bcn.cat\/narcismonturiol2023\/wp-content\/uploads\/2023\/02\/IMG_20220919_123824-1024x766.jpg 1024w, https:\/\/blocsenresidencia.bcn.cat\/narcismonturiol2023\/wp-content\/uploads\/2023\/02\/IMG_20220919_123824-300x224.jpg 300w, https:\/\/blocsenresidencia.bcn.cat\/narcismonturiol2023\/wp-content\/uploads\/2023\/02\/IMG_20220919_123824-768x575.jpg 768w, https:\/\/blocsenresidencia.bcn.cat\/narcismonturiol2023\/wp-content\/uploads\/2023\/02\/IMG_20220919_123824-1536x1149.jpg 1536w, https:\/\/blocsenresidencia.bcn.cat\/narcismonturiol2023\/wp-content\/uploads\/2023\/02\/IMG_20220919_123824-2048x1532.jpg 2048w\" sizes=\"auto, (max-width: 767px) 89vw, (max-width: 1000px) 54vw, (max-width: 1071px) 543px, 580px\"><\/figure>\n<p>Aquest curs farem una optativa d\u2019art dintre del programa En Resid\u00e8ncia i l\u2019\u00fanica cosa que sabem \u00e9s que vindr\u00e0 el Pope, el l\u00edder del grup STA i que farem experimentaci\u00f3 sonora.<\/p>\n<p>Les nostres expectatives sobre el projecte s\u00f3n aquestes: <\/p>\n<p>1. Poder treballar des de l\u2019\u00f2ptica de la inform\u00e0tica\/tecnologia.<br \/>2. Aprendre coses noves<br \/>3. Incloure diverses disciplines: ball, cant\u2026<br \/>4. Divertir-nos molt i que sigui din\u00e0mic.<br \/>5. Con\u00e8ixer un nou estil de m\u00fasica.<\/p>\n<p><\/p>\n<figure class=\"wp-block-image\"><img alt=\"\"><\/figure>\n<figure class=\"wp-block-image\"><img alt=\"\"><\/figure>\n<figure class=\"wp-block-image\"><img alt=\"\"><\/figure>\n<\/div>\n","protected":false},"excerpt":{"rendered":"<p>Des de STA EN RESiD\u00c8NCiA Som alumnes del 4t C de l\u2019INS Narc\u00eds Monturiol. Som un grup redu\u00eft de 8 persones i aix\u00f2 t\u00e9 l\u2019avantatge de poder tenir una atenci\u00f3 m\u00e9s personalitzada, per\u00f2 tamb\u00e9 fa que les relacions entre nosaltres siguin m\u00e9s limitades. En tot cas, estem contents de formar-hi part. Aquest curs farem una &hellip; <\/p>\n<p class=\"link-more\"><a href=\"https:\/\/blocsenresidencia.bcn.cat\/20222023\/2023\/02\/06\/presentacio-del-grup\/\" class=\"more-link\">Continua llegint <span class=\"screen-reader-text\">\u00abPRESENTACI\u00d3 del GRUP\u00bb<\/span><\/a><\/p>\n","protected":false},"author":5,"featured_media":0,"comment_status":"closed","ping_status":"closed","sticky":false,"template":"","format":"standard","meta":{"footnotes":""},"categories":[1],"tags":[],"class_list":["post-258","post","type-post","status-publish","format-standard","hentry","category-general"],"_links":{"self":[{"href":"https:\/\/blocsenresidencia.bcn.cat\/20222023\/wp-json\/wp\/v2\/posts\/258","targetHints":{"allow":["GET"]}}],"collection":[{"href":"https:\/\/blocsenresidencia.bcn.cat\/20222023\/wp-json\/wp\/v2\/posts"}],"about":[{"href":"https:\/\/blocsenresidencia.bcn.cat\/20222023\/wp-json\/wp\/v2\/types\/post"}],"author":[{"embeddable":true,"href":"https:\/\/blocsenresidencia.bcn.cat\/20222023\/wp-json\/wp\/v2\/users\/5"}],"replies":[{"embeddable":true,"href":"https:\/\/blocsenresidencia.bcn.cat\/20222023\/wp-json\/wp\/v2\/comments?post=258"}],"version-history":[{"count":0,"href":"https:\/\/blocsenresidencia.bcn.cat\/20222023\/wp-json\/wp\/v2\/posts\/258\/revisions"}],"wp:attachment":[{"href":"https:\/\/blocsenresidencia.bcn.cat\/20222023\/wp-json\/wp\/v2\/media?parent=258"}],"wp:term":[{"taxonomy":"category","embeddable":true,"href":"https:\/\/blocsenresidencia.bcn.cat\/20222023\/wp-json\/wp\/v2\/categories?post=258"},{"taxonomy":"post_tag","embeddable":true,"href":"https:\/\/blocsenresidencia.bcn.cat\/20222023\/wp-json\/wp\/v2\/tags?post=258"}],"curies":[{"name":"wp","href":"https:\/\/api.w.org\/{rel}","templated":true}]}}