{"id":259,"date":"2023-02-06T23:24:16","date_gmt":"2023-02-06T21:24:16","guid":{"rendered":"https:\/\/blocsenresidencia.bcn.cat\/20222023\/2023\/02\/06\/ser-un-adolescent-10-1-2023\/"},"modified":"2023-02-06T23:24:16","modified_gmt":"2023-02-06T21:24:16","slug":"ser-un-adolescent-10-1-2023","status":"publish","type":"post","link":"https:\/\/blocsenresidencia.bcn.cat\/20222023\/2023\/02\/06\/ser-un-adolescent-10-1-2023\/","title":{"rendered":"Ser un adolescent (10\/1\/2023)"},"content":{"rendered":"<p>Des de <a href=\"https:\/\/blocsenresidencia.bcn.cat\/milaifontanals2023\/2023\/02\/06\/ser-un-adolescent-10-1-2023\/\">Sabina Witt EN RESiD\u00c8NCiA<\/a><\/p>\n<div>\n<p>Aquesta classe ens va semblar interessant perqu\u00e8 vam poder parlar sobre qu\u00e8 significa ser un adolescent i com ens veu la societat. Tothom va donar la seva opini\u00f3 i va ser interessant sentir com cadasc\u00fa s\u2019expressava. Va ser una bona experi\u00e8ncia poder expressar-nos lliurement sense sentir-nos jutjats. <\/p>\n<p>Per acabar vam cantar la can\u00e7\u00f3 <strong>Vida<\/strong> ( de Llu\u00eds Llach). \u00c9s un tema que hav\u00edem estat treballant una mica les darreres setmanes del primer trimestre. Ens costa cantar.<\/p>\n<\/div>\n","protected":false},"excerpt":{"rendered":"<p>Des de Sabina Witt EN RESiD\u00c8NCiA Aquesta classe ens va semblar interessant perqu\u00e8 vam poder parlar sobre qu\u00e8 significa ser un adolescent i com ens veu la societat. Tothom va donar la seva opini\u00f3 i va ser interessant sentir com cadasc\u00fa s\u2019expressava. Va ser una bona experi\u00e8ncia poder expressar-nos lliurement sense sentir-nos jutjats. Per acabar &hellip; <\/p>\n<p class=\"link-more\"><a href=\"https:\/\/blocsenresidencia.bcn.cat\/20222023\/2023\/02\/06\/ser-un-adolescent-10-1-2023\/\" class=\"more-link\">Continua llegint <span class=\"screen-reader-text\">\u00abSer un adolescent (10\/1\/2023)\u00bb<\/span><\/a><\/p>\n","protected":false},"author":5,"featured_media":0,"comment_status":"closed","ping_status":"closed","sticky":false,"template":"","format":"standard","meta":{"footnotes":""},"categories":[1],"tags":[],"class_list":["post-259","post","type-post","status-publish","format-standard","hentry","category-general"],"_links":{"self":[{"href":"https:\/\/blocsenresidencia.bcn.cat\/20222023\/wp-json\/wp\/v2\/posts\/259","targetHints":{"allow":["GET"]}}],"collection":[{"href":"https:\/\/blocsenresidencia.bcn.cat\/20222023\/wp-json\/wp\/v2\/posts"}],"about":[{"href":"https:\/\/blocsenresidencia.bcn.cat\/20222023\/wp-json\/wp\/v2\/types\/post"}],"author":[{"embeddable":true,"href":"https:\/\/blocsenresidencia.bcn.cat\/20222023\/wp-json\/wp\/v2\/users\/5"}],"replies":[{"embeddable":true,"href":"https:\/\/blocsenresidencia.bcn.cat\/20222023\/wp-json\/wp\/v2\/comments?post=259"}],"version-history":[{"count":0,"href":"https:\/\/blocsenresidencia.bcn.cat\/20222023\/wp-json\/wp\/v2\/posts\/259\/revisions"}],"wp:attachment":[{"href":"https:\/\/blocsenresidencia.bcn.cat\/20222023\/wp-json\/wp\/v2\/media?parent=259"}],"wp:term":[{"taxonomy":"category","embeddable":true,"href":"https:\/\/blocsenresidencia.bcn.cat\/20222023\/wp-json\/wp\/v2\/categories?post=259"},{"taxonomy":"post_tag","embeddable":true,"href":"https:\/\/blocsenresidencia.bcn.cat\/20222023\/wp-json\/wp\/v2\/tags?post=259"}],"curies":[{"name":"wp","href":"https:\/\/api.w.org\/{rel}","templated":true}]}}