{"id":262,"date":"2023-02-06T23:24:16","date_gmt":"2023-02-06T21:24:16","guid":{"rendered":"https:\/\/blocsenresidencia.bcn.cat\/20222023\/2023\/02\/06\/improvisacio-vocal-i-visita-a-xamfra-31-1-2023\/"},"modified":"2023-02-06T23:24:16","modified_gmt":"2023-02-06T21:24:16","slug":"improvisacio-vocal-i-visita-a-xamfra-31-1-2023","status":"publish","type":"post","link":"https:\/\/blocsenresidencia.bcn.cat\/20222023\/2023\/02\/06\/improvisacio-vocal-i-visita-a-xamfra-31-1-2023\/","title":{"rendered":"Improvisaci\u00f3 vocal i visita a Xamfr\u00e0 (31\/1\/2023)"},"content":{"rendered":"<p>Des de <a href=\"https:\/\/blocsenresidencia.bcn.cat\/milaifontanals2023\/2023\/02\/06\/improvisacio-vocal-i-visita-a-xamfra-31-1-2023\/\">Sabina Witt EN RESiD\u00c8NCiA<\/a><\/p>\n<div>\n<p>No \u00e9s la primera vegada que practiquem la improvisaci\u00f3 vocal. Ens costa molt ja que no ens sentim c\u00f2modes fent-ho i a quasi tots ens fa vergonya. A l\u2019aula tenim uns micros i ho hem provat amb els micros. No ha estat f\u00e0cil.<\/p>\n<p>Despr\u00e9s hem sortit i hem anat a fer una visita a Xamfr\u00e0. All\u00e0 hem tingut la sort de poder veure, escoltar i parlar amb dos professors d\u2019aquest centre que ens han tocat dues can\u00e7ons que estaven assajant. Tamb\u00e9 ens han explicat tot el que es fa a Xamfr\u00e0. Ha estat molt interessant.<\/p>\n<figure class=\"wp-block-image size-large\"><img loading=\"lazy\" decoding=\"async\" width=\"1024\" height=\"768\" src=\"https:\/\/blocsenresidencia.bcn.cat\/milaifontanals2023\/wp-content\/uploads\/2023\/02\/IMG-20230203-WA0003-1024x768.jpg\" alt=\"\" class=\"wp-image-59\" srcset=\"https:\/\/blocsenresidencia.bcn.cat\/milaifontanals2023\/wp-content\/uploads\/2023\/02\/IMG-20230203-WA0003-1024x768.jpg 1024w, https:\/\/blocsenresidencia.bcn.cat\/milaifontanals2023\/wp-content\/uploads\/2023\/02\/IMG-20230203-WA0003-300x225.jpg 300w, https:\/\/blocsenresidencia.bcn.cat\/milaifontanals2023\/wp-content\/uploads\/2023\/02\/IMG-20230203-WA0003-768x576.jpg 768w, https:\/\/blocsenresidencia.bcn.cat\/milaifontanals2023\/wp-content\/uploads\/2023\/02\/IMG-20230203-WA0003-1536x1152.jpg 1536w, https:\/\/blocsenresidencia.bcn.cat\/milaifontanals2023\/wp-content\/uploads\/2023\/02\/IMG-20230203-WA0003.jpg 2048w\" sizes=\"auto, (max-width: 767px) 89vw, (max-width: 1000px) 54vw, (max-width: 1071px) 543px, 580px\"><\/figure>\n<figure class=\"wp-block-image size-large\"><img decoding=\"async\" loading=\"lazy\" width=\"1024\" height=\"768\" src=\"https:\/\/blocsenresidencia.bcn.cat\/milaifontanals2023\/wp-content\/uploads\/2023\/02\/IMG-20230203-WA0005-1024x768.jpg\" alt=\"\" class=\"wp-image-60\" srcset=\"https:\/\/blocsenresidencia.bcn.cat\/milaifontanals2023\/wp-content\/uploads\/2023\/02\/IMG-20230203-WA0005-1024x768.jpg 1024w, https:\/\/blocsenresidencia.bcn.cat\/milaifontanals2023\/wp-content\/uploads\/2023\/02\/IMG-20230203-WA0005-300x225.jpg 300w, https:\/\/blocsenresidencia.bcn.cat\/milaifontanals2023\/wp-content\/uploads\/2023\/02\/IMG-20230203-WA0005-768x576.jpg 768w, https:\/\/blocsenresidencia.bcn.cat\/milaifontanals2023\/wp-content\/uploads\/2023\/02\/IMG-20230203-WA0005-1536x1152.jpg 1536w, https:\/\/blocsenresidencia.bcn.cat\/milaifontanals2023\/wp-content\/uploads\/2023\/02\/IMG-20230203-WA0005.jpg 2048w\" sizes=\"auto, (max-width: 767px) 89vw, (max-width: 1000px) 54vw, (max-width: 1071px) 543px, 580px\"><\/figure>\n<\/div>\n","protected":false},"excerpt":{"rendered":"<p>Des de Sabina Witt EN RESiD\u00c8NCiA No \u00e9s la primera vegada que practiquem la improvisaci\u00f3 vocal. Ens costa molt ja que no ens sentim c\u00f2modes fent-ho i a quasi tots ens fa vergonya. A l\u2019aula tenim uns micros i ho hem provat amb els micros. No ha estat f\u00e0cil. Despr\u00e9s hem sortit i hem anat &hellip; <\/p>\n<p class=\"link-more\"><a href=\"https:\/\/blocsenresidencia.bcn.cat\/20222023\/2023\/02\/06\/improvisacio-vocal-i-visita-a-xamfra-31-1-2023\/\" class=\"more-link\">Continua llegint <span class=\"screen-reader-text\">\u00abImprovisaci\u00f3 vocal i visita a Xamfr\u00e0 (31\/1\/2023)\u00bb<\/span><\/a><\/p>\n","protected":false},"author":5,"featured_media":0,"comment_status":"closed","ping_status":"closed","sticky":false,"template":"","format":"standard","meta":{"footnotes":""},"categories":[1],"tags":[],"class_list":["post-262","post","type-post","status-publish","format-standard","hentry","category-general"],"_links":{"self":[{"href":"https:\/\/blocsenresidencia.bcn.cat\/20222023\/wp-json\/wp\/v2\/posts\/262","targetHints":{"allow":["GET"]}}],"collection":[{"href":"https:\/\/blocsenresidencia.bcn.cat\/20222023\/wp-json\/wp\/v2\/posts"}],"about":[{"href":"https:\/\/blocsenresidencia.bcn.cat\/20222023\/wp-json\/wp\/v2\/types\/post"}],"author":[{"embeddable":true,"href":"https:\/\/blocsenresidencia.bcn.cat\/20222023\/wp-json\/wp\/v2\/users\/5"}],"replies":[{"embeddable":true,"href":"https:\/\/blocsenresidencia.bcn.cat\/20222023\/wp-json\/wp\/v2\/comments?post=262"}],"version-history":[{"count":0,"href":"https:\/\/blocsenresidencia.bcn.cat\/20222023\/wp-json\/wp\/v2\/posts\/262\/revisions"}],"wp:attachment":[{"href":"https:\/\/blocsenresidencia.bcn.cat\/20222023\/wp-json\/wp\/v2\/media?parent=262"}],"wp:term":[{"taxonomy":"category","embeddable":true,"href":"https:\/\/blocsenresidencia.bcn.cat\/20222023\/wp-json\/wp\/v2\/categories?post=262"},{"taxonomy":"post_tag","embeddable":true,"href":"https:\/\/blocsenresidencia.bcn.cat\/20222023\/wp-json\/wp\/v2\/tags?post=262"}],"curies":[{"name":"wp","href":"https:\/\/api.w.org\/{rel}","templated":true}]}}