{"id":267,"date":"2023-02-08T16:25:58","date_gmt":"2023-02-08T14:25:58","guid":{"rendered":"https:\/\/blocsenresidencia.bcn.cat\/20222023\/2023\/02\/08\/mapatge\/"},"modified":"2023-02-08T16:25:58","modified_gmt":"2023-02-08T14:25:58","slug":"mapatge","status":"publish","type":"post","link":"https:\/\/blocsenresidencia.bcn.cat\/20222023\/2023\/02\/08\/mapatge\/","title":{"rendered":"Mapatge"},"content":{"rendered":"<p>Des de <a href=\"https:\/\/blocsenresidencia.bcn.cat\/montjuic2023\/2023\/02\/08\/mapatge\/\">El globus vermell EN RESiD\u00c8NCiA<\/a><\/p>\n<div>\n<p>An\u00e9m a cartografiar el nostre barri: on vivim, per on ens moven, qu\u00e8 coneixem, etc..<\/p>\n<p>No tots els pl\u00e0nols d\u2019un mateix lloc, d\u2019una mateixa ciutat, s\u00f3n iguals. Cada pl\u00e0nol explica una cosa diferent.<\/p>\n<p>A partir d\u2019aqu\u00ed ens vam dividr en 3 grups d\u2019unes 6 persones <em><strong>(mentre uns fa el mapatge, els altres dibuixen, i  gir\u00e9m cada 25 min)<\/strong><\/em><\/p>\n<p>Al mapa vam possar:<\/p>\n<ul>\n<li>On viu cadasc\u00fa<\/li>\n<li>Recorregut que fem per venir fins l\u2019institut<\/li>\n<li>L\u2019escola de prim\u00e0ria on habiem anat<\/li>\n<li>Edificis de la nostra vida quotidiana <strong><em>(comer\u00e7os, cases de familiars o amics\u2026)<\/em><\/strong><\/li>\n<li>Equipaments de la vida quotidiana <strong><em>(biblioteca, poliesportiu, mercat\u2026)<\/em><\/strong><\/li>\n<li>Espais p\u00fablics de la quotidians <em><strong>(places, parcs, etc)<\/strong><\/em><\/li>\n<li>Noms dels carrers que coneixem <strong><em>(nom\u00e9s els noms que coneixen)<\/em><\/strong><\/li>\n<li>Altres ?<\/li>\n<\/ul>\n<p>Amb aix\u00f2 obtindrem un retrat del barri i tamb\u00e9 veureu clarament on es desenvolupa el nostre dia a dia. <\/p>\n<p>Cadasc\u00fa ha de fer dos dibuixos:<\/p>\n<ul>\n<li>L\u2019edifici on vivim<\/li>\n<li>Un edifici del barri que ens agradi especialment<\/li>\n<\/ul>\n<p>Al acabar tot vam possar els dibuixos dels edificis sobre el mapa. Vam debatir sobre el barri <strong><em>(qu\u00e8 ens agrada, qu\u00e8 no ens agrada, qu\u00e8 coneixem, que coneixem de la resta de Barcelona\u2026)<\/em><\/strong><\/p>\n<figure class=\"wp-block-image size-large is-resized\"><img decoding=\"async\" loading=\"lazy\" src=\"https:\/\/blocsenresidencia.bcn.cat\/montjuic2023\/wp-content\/uploads\/2023\/02\/IMG_20221018_120810-1024x575.jpg\" alt=\"\" class=\"wp-image-121\" width=\"445\" height=\"250\" srcset=\"https:\/\/blocsenresidencia.bcn.cat\/montjuic2023\/wp-content\/uploads\/2023\/02\/IMG_20221018_120810-1024x575.jpg 1024w, https:\/\/blocsenresidencia.bcn.cat\/montjuic2023\/wp-content\/uploads\/2023\/02\/IMG_20221018_120810-300x169.jpg 300w, https:\/\/blocsenresidencia.bcn.cat\/montjuic2023\/wp-content\/uploads\/2023\/02\/IMG_20221018_120810-768x432.jpg 768w, https:\/\/blocsenresidencia.bcn.cat\/montjuic2023\/wp-content\/uploads\/2023\/02\/IMG_20221018_120810-1536x863.jpg 1536w, https:\/\/blocsenresidencia.bcn.cat\/montjuic2023\/wp-content\/uploads\/2023\/02\/IMG_20221018_120810-2048x1151.jpg 2048w\" sizes=\"auto, (max-width: 445px) 100vw, 445px\"><\/figure>\n<figure class=\"wp-block-image size-large is-resized\"><img decoding=\"async\" loading=\"lazy\" src=\"https:\/\/blocsenresidencia.bcn.cat\/montjuic2023\/wp-content\/uploads\/2023\/02\/IMG_20221018_121623-1024x575.jpg\" alt=\"\" class=\"wp-image-120\" width=\"451\" height=\"253\" srcset=\"https:\/\/blocsenresidencia.bcn.cat\/montjuic2023\/wp-content\/uploads\/2023\/02\/IMG_20221018_121623-1024x575.jpg 1024w, https:\/\/blocsenresidencia.bcn.cat\/montjuic2023\/wp-content\/uploads\/2023\/02\/IMG_20221018_121623-300x169.jpg 300w, https:\/\/blocsenresidencia.bcn.cat\/montjuic2023\/wp-content\/uploads\/2023\/02\/IMG_20221018_121623-768x432.jpg 768w, https:\/\/blocsenresidencia.bcn.cat\/montjuic2023\/wp-content\/uploads\/2023\/02\/IMG_20221018_121623-1536x863.jpg 1536w, https:\/\/blocsenresidencia.bcn.cat\/montjuic2023\/wp-content\/uploads\/2023\/02\/IMG_20221018_121623-2048x1151.jpg 2048w\" sizes=\"auto, (max-width: 451px) 100vw, 451px\"><\/figure>\n<figure class=\"wp-block-image size-large is-resized\"><img decoding=\"async\" loading=\"lazy\" src=\"https:\/\/blocsenresidencia.bcn.cat\/montjuic2023\/wp-content\/uploads\/2023\/02\/IMG_20221018_112011-1-575x1024.jpg\" alt=\"\" class=\"wp-image-118\" width=\"324\" height=\"577\" srcset=\"https:\/\/blocsenresidencia.bcn.cat\/montjuic2023\/wp-content\/uploads\/2023\/02\/IMG_20221018_112011-1-575x1024.jpg 575w, https:\/\/blocsenresidencia.bcn.cat\/montjuic2023\/wp-content\/uploads\/2023\/02\/IMG_20221018_112011-1-169x300.jpg 169w, https:\/\/blocsenresidencia.bcn.cat\/montjuic2023\/wp-content\/uploads\/2023\/02\/IMG_20221018_112011-1-768x1367.jpg 768w, https:\/\/blocsenresidencia.bcn.cat\/montjuic2023\/wp-content\/uploads\/2023\/02\/IMG_20221018_112011-1-863x1536.jpg 863w, https:\/\/blocsenresidencia.bcn.cat\/montjuic2023\/wp-content\/uploads\/2023\/02\/IMG_20221018_112011-1-1151x2048.jpg 1151w, https:\/\/blocsenresidencia.bcn.cat\/montjuic2023\/wp-content\/uploads\/2023\/02\/IMG_20221018_112011-1-scaled.jpg 1439w\" sizes=\"auto, (max-width: 324px) 100vw, 324px\"><\/figure>\n<\/div>\n","protected":false},"excerpt":{"rendered":"<p>Des de El globus vermell EN RESiD\u00c8NCiA An\u00e9m a cartografiar el nostre barri: on vivim, per on ens moven, qu\u00e8 coneixem, etc.. No tots els pl\u00e0nols d\u2019un mateix lloc, d\u2019una mateixa ciutat, s\u00f3n iguals. Cada pl\u00e0nol explica una cosa diferent. A partir d\u2019aqu\u00ed ens vam dividr en 3 grups d\u2019unes 6 persones (mentre uns fa &hellip; <\/p>\n<p class=\"link-more\"><a href=\"https:\/\/blocsenresidencia.bcn.cat\/20222023\/2023\/02\/08\/mapatge\/\" class=\"more-link\">Continua llegint <span class=\"screen-reader-text\">\u00abMapatge\u00bb<\/span><\/a><\/p>\n","protected":false},"author":5,"featured_media":0,"comment_status":"closed","ping_status":"closed","sticky":false,"template":"","format":"standard","meta":{"footnotes":""},"categories":[1],"tags":[],"class_list":["post-267","post","type-post","status-publish","format-standard","hentry","category-general"],"_links":{"self":[{"href":"https:\/\/blocsenresidencia.bcn.cat\/20222023\/wp-json\/wp\/v2\/posts\/267","targetHints":{"allow":["GET"]}}],"collection":[{"href":"https:\/\/blocsenresidencia.bcn.cat\/20222023\/wp-json\/wp\/v2\/posts"}],"about":[{"href":"https:\/\/blocsenresidencia.bcn.cat\/20222023\/wp-json\/wp\/v2\/types\/post"}],"author":[{"embeddable":true,"href":"https:\/\/blocsenresidencia.bcn.cat\/20222023\/wp-json\/wp\/v2\/users\/5"}],"replies":[{"embeddable":true,"href":"https:\/\/blocsenresidencia.bcn.cat\/20222023\/wp-json\/wp\/v2\/comments?post=267"}],"version-history":[{"count":0,"href":"https:\/\/blocsenresidencia.bcn.cat\/20222023\/wp-json\/wp\/v2\/posts\/267\/revisions"}],"wp:attachment":[{"href":"https:\/\/blocsenresidencia.bcn.cat\/20222023\/wp-json\/wp\/v2\/media?parent=267"}],"wp:term":[{"taxonomy":"category","embeddable":true,"href":"https:\/\/blocsenresidencia.bcn.cat\/20222023\/wp-json\/wp\/v2\/categories?post=267"},{"taxonomy":"post_tag","embeddable":true,"href":"https:\/\/blocsenresidencia.bcn.cat\/20222023\/wp-json\/wp\/v2\/tags?post=267"}],"curies":[{"name":"wp","href":"https:\/\/api.w.org\/{rel}","templated":true}]}}