{"id":270,"date":"2023-02-08T19:18:23","date_gmt":"2023-02-08T17:18:23","guid":{"rendered":"https:\/\/blocsenresidencia.bcn.cat\/20222023\/2023\/02\/08\/autorretrats\/"},"modified":"2023-02-08T19:18:23","modified_gmt":"2023-02-08T17:18:23","slug":"autorretrats","status":"publish","type":"post","link":"https:\/\/blocsenresidencia.bcn.cat\/20222023\/2023\/02\/08\/autorretrats\/","title":{"rendered":"AUTORRETRATS."},"content":{"rendered":"<p>Des de <a href=\"https:\/\/blocsenresidencia.bcn.cat\/sagrerasantandreu2023\/2023\/02\/08\/autorretrats\/\">Martina Rogers EN RESiD\u00c8NCiA<\/a><\/p>\n<div>\n<p><em>Un retrat no nom\u00e9s ensenya el dibuix realitzat,<br \/>si no el seu significat emocional interior<\/em><\/p>\n<p>L\u2019inici de la classe d\u2019expressi\u00f3 art\u00edstica ha comen\u00e7at. Tots preparats, desitjant saber quina activitat anem a fer, ens col\u00b7loquem en les cadires, preparades per escoltar i poder iniciar la classe d\u2019avui.<\/p>\n<p>Despr\u00e9s d\u2019haver escoltat, em preparo els materials, llapis, carbonets, els fulls i fins i tot el cavallet!! Preparat per, com ens han explicat, fer i dibuixar un munt d\u2019autoretrats de diferents maneres, algunes de f\u00e0cils, r\u00e0pides i superdivertides amb els companys i companyes, i d\u2019altres m\u00e9s desenvolupades i aprofundides en el dibuix.<\/p>\n<p>El temps passa i la diversi\u00f3 que sento a trav\u00e9s de realitzar cada un d\u2019aquells retrats, es va augmentant a causa de saber que la classe est\u00e0 arribant al seu fi. Malgrat aix\u00f2, em sento molt orgull\u00f3s i alegre d\u2019haver pogut fer aquesta magn\u00edfica classe que dono gr\u00e0cies a l\u2019Anna i a la Martina d\u2019haver pensat i dut a terme una activitat espl\u00e8ndida on l\u2019he gaudit al m\u00e0xim.<\/p>\n<\/p>\n<figure class=\"is-layout-flex wp-block-gallery-7 wp-block-gallery has-nested-images columns-default is-cropped\">\n<figure class=\"wp-block-image size-full is-style-rounded\"><img decoding=\"async\" loading=\"lazy\" width=\"1920\" height=\"2560\" data-id=\"69\" src=\"https:\/\/blocsenresidencia.bcn.cat\/sagrerasantandreu2023\/wp-content\/uploads\/2023\/02\/selfie-2-1-scaled.jpg\" alt=\"\" class=\"wp-image-69\" srcset=\"https:\/\/blocsenresidencia.bcn.cat\/sagrerasantandreu2023\/wp-content\/uploads\/2023\/02\/selfie-2-1-scaled.jpg 1920w, https:\/\/blocsenresidencia.bcn.cat\/sagrerasantandreu2023\/wp-content\/uploads\/2023\/02\/selfie-2-1-225x300.jpg 225w, https:\/\/blocsenresidencia.bcn.cat\/sagrerasantandreu2023\/wp-content\/uploads\/2023\/02\/selfie-2-1-768x1024.jpg 768w, https:\/\/blocsenresidencia.bcn.cat\/sagrerasantandreu2023\/wp-content\/uploads\/2023\/02\/selfie-2-1-1152x1536.jpg 1152w, https:\/\/blocsenresidencia.bcn.cat\/sagrerasantandreu2023\/wp-content\/uploads\/2023\/02\/selfie-2-1-1536x2048.jpg 1536w\" sizes=\"auto, (max-width: 767px) 89vw, (max-width: 1000px) 54vw, (max-width: 1071px) 543px, 580px\"><\/figure>\n<\/figure>\n<figure class=\"wp-block-image size-full is-style-rounded\"><img decoding=\"async\" loading=\"lazy\" width=\"1920\" height=\"2560\" src=\"https:\/\/blocsenresidencia.bcn.cat\/sagrerasantandreu2023\/wp-content\/uploads\/2023\/02\/maga-scaled.jpg\" alt=\"\" class=\"wp-image-70\" srcset=\"https:\/\/blocsenresidencia.bcn.cat\/sagrerasantandreu2023\/wp-content\/uploads\/2023\/02\/maga-scaled.jpg 1920w, https:\/\/blocsenresidencia.bcn.cat\/sagrerasantandreu2023\/wp-content\/uploads\/2023\/02\/maga-225x300.jpg 225w, https:\/\/blocsenresidencia.bcn.cat\/sagrerasantandreu2023\/wp-content\/uploads\/2023\/02\/maga-768x1024.jpg 768w, https:\/\/blocsenresidencia.bcn.cat\/sagrerasantandreu2023\/wp-content\/uploads\/2023\/02\/maga-1152x1536.jpg 1152w, https:\/\/blocsenresidencia.bcn.cat\/sagrerasantandreu2023\/wp-content\/uploads\/2023\/02\/maga-1536x2048.jpg 1536w\" sizes=\"auto, (max-width: 767px) 89vw, (max-width: 1000px) 54vw, (max-width: 1071px) 543px, 580px\"><\/figure>\n<div class=\"wp-block-image is-style-rounded\">\n<figure class=\"alignright size-full is-resized\"><img decoding=\"async\" loading=\"lazy\" src=\"https:\/\/blocsenresidencia.bcn.cat\/sagrerasantandreu2023\/wp-content\/uploads\/2023\/02\/olalla-scaled.jpg\" alt=\"\" class=\"wp-image-71\" width=\"686\" height=\"914\" srcset=\"https:\/\/blocsenresidencia.bcn.cat\/sagrerasantandreu2023\/wp-content\/uploads\/2023\/02\/olalla-scaled.jpg 1920w, https:\/\/blocsenresidencia.bcn.cat\/sagrerasantandreu2023\/wp-content\/uploads\/2023\/02\/olalla-225x300.jpg 225w, https:\/\/blocsenresidencia.bcn.cat\/sagrerasantandreu2023\/wp-content\/uploads\/2023\/02\/olalla-768x1024.jpg 768w, https:\/\/blocsenresidencia.bcn.cat\/sagrerasantandreu2023\/wp-content\/uploads\/2023\/02\/olalla-1152x1536.jpg 1152w, https:\/\/blocsenresidencia.bcn.cat\/sagrerasantandreu2023\/wp-content\/uploads\/2023\/02\/olalla-1536x2048.jpg 1536w\" sizes=\"auto, (max-width: 686px) 100vw, 686px\"><\/figure>\n<\/div>\n<\/div>\n","protected":false},"excerpt":{"rendered":"<p>Des de Martina Rogers EN RESiD\u00c8NCiA Un retrat no nom\u00e9s ensenya el dibuix realitzat,si no el seu significat emocional interior L\u2019inici de la classe d\u2019expressi\u00f3 art\u00edstica ha comen\u00e7at. Tots preparats, desitjant saber quina activitat anem a fer, ens col\u00b7loquem en les cadires, preparades per escoltar i poder iniciar la classe d\u2019avui. Despr\u00e9s d\u2019haver escoltat, em &hellip; <\/p>\n<p class=\"link-more\"><a href=\"https:\/\/blocsenresidencia.bcn.cat\/20222023\/2023\/02\/08\/autorretrats\/\" class=\"more-link\">Continua llegint <span class=\"screen-reader-text\">\u00abAUTORRETRATS.\u00bb<\/span><\/a><\/p>\n","protected":false},"author":5,"featured_media":0,"comment_status":"closed","ping_status":"closed","sticky":false,"template":"","format":"standard","meta":{"footnotes":""},"categories":[1],"tags":[],"class_list":["post-270","post","type-post","status-publish","format-standard","hentry","category-general"],"_links":{"self":[{"href":"https:\/\/blocsenresidencia.bcn.cat\/20222023\/wp-json\/wp\/v2\/posts\/270","targetHints":{"allow":["GET"]}}],"collection":[{"href":"https:\/\/blocsenresidencia.bcn.cat\/20222023\/wp-json\/wp\/v2\/posts"}],"about":[{"href":"https:\/\/blocsenresidencia.bcn.cat\/20222023\/wp-json\/wp\/v2\/types\/post"}],"author":[{"embeddable":true,"href":"https:\/\/blocsenresidencia.bcn.cat\/20222023\/wp-json\/wp\/v2\/users\/5"}],"replies":[{"embeddable":true,"href":"https:\/\/blocsenresidencia.bcn.cat\/20222023\/wp-json\/wp\/v2\/comments?post=270"}],"version-history":[{"count":0,"href":"https:\/\/blocsenresidencia.bcn.cat\/20222023\/wp-json\/wp\/v2\/posts\/270\/revisions"}],"wp:attachment":[{"href":"https:\/\/blocsenresidencia.bcn.cat\/20222023\/wp-json\/wp\/v2\/media?parent=270"}],"wp:term":[{"taxonomy":"category","embeddable":true,"href":"https:\/\/blocsenresidencia.bcn.cat\/20222023\/wp-json\/wp\/v2\/categories?post=270"},{"taxonomy":"post_tag","embeddable":true,"href":"https:\/\/blocsenresidencia.bcn.cat\/20222023\/wp-json\/wp\/v2\/tags?post=270"}],"curies":[{"name":"wp","href":"https:\/\/api.w.org\/{rel}","templated":true}]}}