{"id":271,"date":"2023-02-08T19:18:23","date_gmt":"2023-02-08T17:18:23","guid":{"rendered":"https:\/\/blocsenresidencia.bcn.cat\/20222023\/2023\/02\/08\/selfies\/"},"modified":"2023-02-08T19:18:23","modified_gmt":"2023-02-08T17:18:23","slug":"selfies","status":"publish","type":"post","link":"https:\/\/blocsenresidencia.bcn.cat\/20222023\/2023\/02\/08\/selfies\/","title":{"rendered":"SELFIES"},"content":{"rendered":"<p>Des de <a href=\"https:\/\/blocsenresidencia.bcn.cat\/sagrerasantandreu2023\/2023\/02\/08\/selfies\/\">Martina Rogers EN RESiD\u00c8NCiA<\/a><\/p>\n<div>\n<p>Per comen\u00e7ar l\u2019activitat vam fer un test on ens vam ficar a provar i vam calcular el nostre percentatge de quantes fotos ens fem di\u00e0riament, era un mini test d\u2019unes 9-10 preguntes sobre selfies\/fotos.  <\/p>\n<p> Despr\u00e9s de fer aquest test, ens vam fer tres selfies i aquests selfies els vam fer servir per fer una animaci\u00f3 que havia de tenir una duraci\u00f3 aproximada d\u2019entre 30 segons i 1 minut.<br \/>L\u2019animaci\u00f3 consistia en el fet que amb sols tres selfies que ens vam fer cadasc\u00fa, hav\u00edem d\u2019inventar una mini animaci\u00f3 amb colors i una miqueta de tot del material que ten\u00edem a l\u2019aula.<\/p>\n<p>Pel que fa al funcionament i l\u2019\u00fas de materials de l\u2019animaci\u00f3, es podien fer de moltes maneres, retallant les fotos, es podien pintar, hi ha hagut molta variaci\u00f3 i creaci\u00f3 a l\u2019hora de fer aquesta activitat i veient tots els v\u00eddeos, ara veiem que han quedat molt xulos!<\/p>\n<figure class=\"is-layout-flex wp-block-gallery-1 wp-block-gallery has-nested-images columns-default is-cropped\">\n<figure class=\"wp-block-image size-large\"><img loading=\"lazy\" decoding=\"async\" width=\"640\" height=\"360\" data-id=\"75\" src=\"https:\/\/blocsenresidencia.bcn.cat\/sagrerasantandreu2023\/wp-content\/uploads\/2023\/02\/My_Movie_20_.gif\" alt=\"\" class=\"wp-image-75\"><\/figure>\n<\/figure>\n<figure class=\"is-layout-flex wp-block-gallery-3 wp-block-gallery has-nested-images columns-default is-cropped\">\n<figure class=\"wp-block-image size-large\"><img decoding=\"async\" loading=\"lazy\" width=\"640\" height=\"360\" data-id=\"77\" src=\"https:\/\/blocsenresidencia.bcn.cat\/sagrerasantandreu2023\/wp-content\/uploads\/2023\/02\/marcel.gif\" alt=\"\" class=\"wp-image-77\"><\/figure>\n<\/figure>\n<figure class=\"is-layout-flex wp-block-gallery-5 wp-block-gallery has-nested-images columns-default is-cropped\"><\/figure>\n<\/p>\n<\/div>\n","protected":false},"excerpt":{"rendered":"<p>Des de Martina Rogers EN RESiD\u00c8NCiA Per comen\u00e7ar l\u2019activitat vam fer un test on ens vam ficar a provar i vam calcular el nostre percentatge de quantes fotos ens fem di\u00e0riament, era un mini test d\u2019unes 9-10 preguntes sobre selfies\/fotos. Despr\u00e9s de fer aquest test, ens vam fer tres selfies i aquests selfies els vam &hellip; <\/p>\n<p class=\"link-more\"><a href=\"https:\/\/blocsenresidencia.bcn.cat\/20222023\/2023\/02\/08\/selfies\/\" class=\"more-link\">Continua llegint <span class=\"screen-reader-text\">\u00abSELFIES\u00bb<\/span><\/a><\/p>\n","protected":false},"author":5,"featured_media":0,"comment_status":"closed","ping_status":"closed","sticky":false,"template":"","format":"standard","meta":{"footnotes":""},"categories":[1],"tags":[],"class_list":["post-271","post","type-post","status-publish","format-standard","hentry","category-general"],"_links":{"self":[{"href":"https:\/\/blocsenresidencia.bcn.cat\/20222023\/wp-json\/wp\/v2\/posts\/271","targetHints":{"allow":["GET"]}}],"collection":[{"href":"https:\/\/blocsenresidencia.bcn.cat\/20222023\/wp-json\/wp\/v2\/posts"}],"about":[{"href":"https:\/\/blocsenresidencia.bcn.cat\/20222023\/wp-json\/wp\/v2\/types\/post"}],"author":[{"embeddable":true,"href":"https:\/\/blocsenresidencia.bcn.cat\/20222023\/wp-json\/wp\/v2\/users\/5"}],"replies":[{"embeddable":true,"href":"https:\/\/blocsenresidencia.bcn.cat\/20222023\/wp-json\/wp\/v2\/comments?post=271"}],"version-history":[{"count":0,"href":"https:\/\/blocsenresidencia.bcn.cat\/20222023\/wp-json\/wp\/v2\/posts\/271\/revisions"}],"wp:attachment":[{"href":"https:\/\/blocsenresidencia.bcn.cat\/20222023\/wp-json\/wp\/v2\/media?parent=271"}],"wp:term":[{"taxonomy":"category","embeddable":true,"href":"https:\/\/blocsenresidencia.bcn.cat\/20222023\/wp-json\/wp\/v2\/categories?post=271"},{"taxonomy":"post_tag","embeddable":true,"href":"https:\/\/blocsenresidencia.bcn.cat\/20222023\/wp-json\/wp\/v2\/tags?post=271"}],"curies":[{"name":"wp","href":"https:\/\/api.w.org\/{rel}","templated":true}]}}