{"id":274,"date":"2023-02-10T19:11:16","date_gmt":"2023-02-10T17:11:16","guid":{"rendered":"https:\/\/blocsenresidencia.bcn.cat\/20222023\/2023\/02\/10\/dimarts-31-1-23\/"},"modified":"2023-02-10T19:11:16","modified_gmt":"2023-02-10T17:11:16","slug":"dimarts-31-1-23","status":"publish","type":"post","link":"https:\/\/blocsenresidencia.bcn.cat\/20222023\/2023\/02\/10\/dimarts-31-1-23\/","title":{"rendered":"Dimarts 31-1-23"},"content":{"rendered":"<p>Des de <a href=\"https:\/\/blocsenresidencia.bcn.cat\/milaifontanals2023\/2023\/02\/10\/dimarts-31-1-23\/\">Sabina Witt EN RESiD\u00c8NCiA<\/a><\/p>\n<div>\n<p>Vam fer una activitat que consistia en fer una rotllana i posar tres  micr\u00f2fons fent com un triangle dins de la rotllana. Per torns, qui estava davant d\u2019un micro feia un motiu que la resta imitava.(Centre <\/p>\n<p>Despr\u00e9s vam sortir al carrer i una companya va proposar anar a Xamfr\u00e0 (Centre d\u2019arts esc\u00e8niques i m\u00fasica del Raval) ,un lloc on la companya fa m\u00fasica.  Quan vam arribar vam tenir la sort de qu\u00e8 vam trobar a una banda de m\u00fasica que estaven practicant i ens van cantar algunes de les seves can\u00e7ons i ens van mostrar els instruments que utilitzen: banjo, acordi\u00f3 diat\u00f2nic, guitarra.<\/p>\n<figure class=\"wp-block-image size-large is-resized\"><img decoding=\"async\" loading=\"lazy\" src=\"https:\/\/blocsenresidencia.bcn.cat\/milaifontanals2023\/wp-content\/uploads\/2023\/02\/IMG-20230203-WA0005-1024x768.jpg\" alt=\"\" class=\"wp-image-60\" width=\"630\" height=\"472\" srcset=\"https:\/\/blocsenresidencia.bcn.cat\/milaifontanals2023\/wp-content\/uploads\/2023\/02\/IMG-20230203-WA0005-1024x768.jpg 1024w, https:\/\/blocsenresidencia.bcn.cat\/milaifontanals2023\/wp-content\/uploads\/2023\/02\/IMG-20230203-WA0005-300x225.jpg 300w, https:\/\/blocsenresidencia.bcn.cat\/milaifontanals2023\/wp-content\/uploads\/2023\/02\/IMG-20230203-WA0005-768x576.jpg 768w, https:\/\/blocsenresidencia.bcn.cat\/milaifontanals2023\/wp-content\/uploads\/2023\/02\/IMG-20230203-WA0005-1536x1152.jpg 1536w, https:\/\/blocsenresidencia.bcn.cat\/milaifontanals2023\/wp-content\/uploads\/2023\/02\/IMG-20230203-WA0005.jpg 2048w\" sizes=\"auto, (max-width: 630px) 100vw, 630px\"><\/figure>\n<\/div>\n","protected":false},"excerpt":{"rendered":"<p>Des de Sabina Witt EN RESiD\u00c8NCiA Vam fer una activitat que consistia en fer una rotllana i posar tres micr\u00f2fons fent com un triangle dins de la rotllana. Per torns, qui estava davant d\u2019un micro feia un motiu que la resta imitava.(Centre Despr\u00e9s vam sortir al carrer i una companya va proposar anar a Xamfr\u00e0 &hellip; <\/p>\n<p class=\"link-more\"><a href=\"https:\/\/blocsenresidencia.bcn.cat\/20222023\/2023\/02\/10\/dimarts-31-1-23\/\" class=\"more-link\">Continua llegint <span class=\"screen-reader-text\">\u00abDimarts 31-1-23\u00bb<\/span><\/a><\/p>\n","protected":false},"author":5,"featured_media":0,"comment_status":"closed","ping_status":"closed","sticky":false,"template":"","format":"standard","meta":{"footnotes":""},"categories":[1],"tags":[],"class_list":["post-274","post","type-post","status-publish","format-standard","hentry","category-general"],"_links":{"self":[{"href":"https:\/\/blocsenresidencia.bcn.cat\/20222023\/wp-json\/wp\/v2\/posts\/274","targetHints":{"allow":["GET"]}}],"collection":[{"href":"https:\/\/blocsenresidencia.bcn.cat\/20222023\/wp-json\/wp\/v2\/posts"}],"about":[{"href":"https:\/\/blocsenresidencia.bcn.cat\/20222023\/wp-json\/wp\/v2\/types\/post"}],"author":[{"embeddable":true,"href":"https:\/\/blocsenresidencia.bcn.cat\/20222023\/wp-json\/wp\/v2\/users\/5"}],"replies":[{"embeddable":true,"href":"https:\/\/blocsenresidencia.bcn.cat\/20222023\/wp-json\/wp\/v2\/comments?post=274"}],"version-history":[{"count":0,"href":"https:\/\/blocsenresidencia.bcn.cat\/20222023\/wp-json\/wp\/v2\/posts\/274\/revisions"}],"wp:attachment":[{"href":"https:\/\/blocsenresidencia.bcn.cat\/20222023\/wp-json\/wp\/v2\/media?parent=274"}],"wp:term":[{"taxonomy":"category","embeddable":true,"href":"https:\/\/blocsenresidencia.bcn.cat\/20222023\/wp-json\/wp\/v2\/categories?post=274"},{"taxonomy":"post_tag","embeddable":true,"href":"https:\/\/blocsenresidencia.bcn.cat\/20222023\/wp-json\/wp\/v2\/tags?post=274"}],"curies":[{"name":"wp","href":"https:\/\/api.w.org\/{rel}","templated":true}]}}