{"id":275,"date":"2023-02-10T19:11:16","date_gmt":"2023-02-10T17:11:16","guid":{"rendered":"https:\/\/blocsenresidencia.bcn.cat\/20222023\/2023\/02\/10\/dimarts-7-de-febrer-preparant-la-sessio-de-contaminacio\/"},"modified":"2023-02-10T19:11:16","modified_gmt":"2023-02-10T17:11:16","slug":"dimarts-7-de-febrer-preparant-la-sessio-de-contaminacio","status":"publish","type":"post","link":"https:\/\/blocsenresidencia.bcn.cat\/20222023\/2023\/02\/10\/dimarts-7-de-febrer-preparant-la-sessio-de-contaminacio\/","title":{"rendered":"Dimarts 7 de febrer:  preparant la sessi\u00f3 de contaminaci\u00f3"},"content":{"rendered":"<p>Des de <a href=\"https:\/\/blocsenresidencia.bcn.cat\/milaifontanals2023\/2023\/02\/10\/dimarts-7-de-febrer-preparant-la-sessio-de-contaminacio\/\">Sabina Witt EN RESiD\u00c8NCiA<\/a><\/p>\n<div>\n<figure class=\"wp-block-image size-large\"><img loading=\"lazy\" decoding=\"async\" width=\"1024\" height=\"768\" src=\"https:\/\/blocsenresidencia.bcn.cat\/milaifontanals2023\/wp-content\/uploads\/2023\/02\/IMG-20230208-WA0006-1024x768.jpg\" alt=\"\" class=\"wp-image-68\" srcset=\"https:\/\/blocsenresidencia.bcn.cat\/milaifontanals2023\/wp-content\/uploads\/2023\/02\/IMG-20230208-WA0006-1024x768.jpg 1024w, https:\/\/blocsenresidencia.bcn.cat\/milaifontanals2023\/wp-content\/uploads\/2023\/02\/IMG-20230208-WA0006-300x225.jpg 300w, https:\/\/blocsenresidencia.bcn.cat\/milaifontanals2023\/wp-content\/uploads\/2023\/02\/IMG-20230208-WA0006-768x576.jpg 768w, https:\/\/blocsenresidencia.bcn.cat\/milaifontanals2023\/wp-content\/uploads\/2023\/02\/IMG-20230208-WA0006-1536x1152.jpg 1536w, https:\/\/blocsenresidencia.bcn.cat\/milaifontanals2023\/wp-content\/uploads\/2023\/02\/IMG-20230208-WA0006.jpg 2048w\" sizes=\"auto, (max-width: 767px) 89vw, (max-width: 1000px) 54vw, (max-width: 1071px) 543px, 580px\"><\/figure>\n<p>A continuaci\u00f3 us explicarem el que vam fer amb la Sabina, la Cristina i el mediador Marc a la classe de M\u00fasica el dia 7.2.23.<\/p>\n<p>Al comen\u00e7ament de la classe vam decidir qui faria cada cosa, m\u00e9s tard ens vam repartir en dos grups. Uns van crear un llenguatge de senyals per la direcci\u00f3 dels instruments quan treballem la improvisaci\u00f3 musical. Els altres van crear  un nou text utilitzant els que hav\u00edem escrit en altres classes per crear una nova can\u00e7\u00f3.<\/p>\n<p>Van fer aquestes tasques per presentar-les el dia 22.2.23 en la sessi\u00f3 de contaminaci\u00f3 davant de l\u2019equip docent. Vam acabar la classe tocant i cantant grupalment. Ens vam divertir molt perqu\u00e8 vam poder gaudir dels diferents sons dels instruments com: el piano, la bateria i la veu de les companyes.<\/p>\n<\/div>\n","protected":false},"excerpt":{"rendered":"<p>Des de Sabina Witt EN RESiD\u00c8NCiA A continuaci\u00f3 us explicarem el que vam fer amb la Sabina, la Cristina i el mediador Marc a la classe de M\u00fasica el dia 7.2.23. Al comen\u00e7ament de la classe vam decidir qui faria cada cosa, m\u00e9s tard ens vam repartir en dos grups. Uns van crear un llenguatge &hellip; <\/p>\n<p class=\"link-more\"><a href=\"https:\/\/blocsenresidencia.bcn.cat\/20222023\/2023\/02\/10\/dimarts-7-de-febrer-preparant-la-sessio-de-contaminacio\/\" class=\"more-link\">Continua llegint <span class=\"screen-reader-text\">\u00abDimarts 7 de febrer:  preparant la sessi\u00f3 de contaminaci\u00f3\u00bb<\/span><\/a><\/p>\n","protected":false},"author":5,"featured_media":0,"comment_status":"closed","ping_status":"closed","sticky":false,"template":"","format":"standard","meta":{"footnotes":""},"categories":[1],"tags":[],"class_list":["post-275","post","type-post","status-publish","format-standard","hentry","category-general"],"_links":{"self":[{"href":"https:\/\/blocsenresidencia.bcn.cat\/20222023\/wp-json\/wp\/v2\/posts\/275","targetHints":{"allow":["GET"]}}],"collection":[{"href":"https:\/\/blocsenresidencia.bcn.cat\/20222023\/wp-json\/wp\/v2\/posts"}],"about":[{"href":"https:\/\/blocsenresidencia.bcn.cat\/20222023\/wp-json\/wp\/v2\/types\/post"}],"author":[{"embeddable":true,"href":"https:\/\/blocsenresidencia.bcn.cat\/20222023\/wp-json\/wp\/v2\/users\/5"}],"replies":[{"embeddable":true,"href":"https:\/\/blocsenresidencia.bcn.cat\/20222023\/wp-json\/wp\/v2\/comments?post=275"}],"version-history":[{"count":0,"href":"https:\/\/blocsenresidencia.bcn.cat\/20222023\/wp-json\/wp\/v2\/posts\/275\/revisions"}],"wp:attachment":[{"href":"https:\/\/blocsenresidencia.bcn.cat\/20222023\/wp-json\/wp\/v2\/media?parent=275"}],"wp:term":[{"taxonomy":"category","embeddable":true,"href":"https:\/\/blocsenresidencia.bcn.cat\/20222023\/wp-json\/wp\/v2\/categories?post=275"},{"taxonomy":"post_tag","embeddable":true,"href":"https:\/\/blocsenresidencia.bcn.cat\/20222023\/wp-json\/wp\/v2\/tags?post=275"}],"curies":[{"name":"wp","href":"https:\/\/api.w.org\/{rel}","templated":true}]}}