{"id":277,"date":"2023-02-13T20:32:08","date_gmt":"2023-02-13T18:32:08","guid":{"rendered":"https:\/\/blocsenresidencia.bcn.cat\/20222023\/2023\/02\/13\/un-cor-fet-per-nosaltres\/"},"modified":"2023-02-13T20:32:08","modified_gmt":"2023-02-13T18:32:08","slug":"un-cor-fet-per-nosaltres","status":"publish","type":"post","link":"https:\/\/blocsenresidencia.bcn.cat\/20222023\/2023\/02\/13\/un-cor-fet-per-nosaltres\/","title":{"rendered":"Un cor fet per nosaltres"},"content":{"rendered":"<p>Des de <a href=\"https:\/\/blocsenresidencia.bcn.cat\/moisesbroggi2023\/2023\/02\/13\/un-cor-fet-per-nosaltres\/\">Victoria Szpunberg EN RESiD\u00c8NCiA<\/a><\/p>\n<div>\n<p>La Victoria Szpunberg i el David Arnaiz ens van dividir en grups, i ens va donar unes indicacions sobre quins personatges hav\u00edem de representar. A trav\u00e9s d\u2019aquesta informaci\u00f3 hav\u00edem de crear un cor fet per nosaltres. Primer hav\u00edem de pensar qu\u00e8 posar en el cor i sobre qu\u00e8 anava, despr\u00e9s comen\u00e7\u00e0vem a redactar el cor. Quan ja acab\u00e0vem de redactar el cor, el grup s\u2019havia de posar d\u2019acord\u00a0 sobre qu\u00e8 feia cadasc\u00fa. i per \u00faltim hav\u00edem de posar en pr\u00e0ctica el cor per despr\u00e9s representa-lo als companys de classe.<\/p>\n<figure class=\"wp-block-image size-large\"><img loading=\"lazy\" decoding=\"async\" width=\"1024\" height=\"768\" src=\"https:\/\/blocsenresidencia.bcn.cat\/moisesbroggi2023\/wp-content\/uploads\/2023\/02\/IMG202301191124041-1024x768.jpg\" alt=\"\" class=\"wp-image-72\" srcset=\"https:\/\/blocsenresidencia.bcn.cat\/moisesbroggi2023\/wp-content\/uploads\/2023\/02\/IMG202301191124041-1024x768.jpg 1024w, https:\/\/blocsenresidencia.bcn.cat\/moisesbroggi2023\/wp-content\/uploads\/2023\/02\/IMG202301191124041-300x225.jpg 300w, https:\/\/blocsenresidencia.bcn.cat\/moisesbroggi2023\/wp-content\/uploads\/2023\/02\/IMG202301191124041-768x576.jpg 768w, https:\/\/blocsenresidencia.bcn.cat\/moisesbroggi2023\/wp-content\/uploads\/2023\/02\/IMG202301191124041-1536x1152.jpg 1536w, https:\/\/blocsenresidencia.bcn.cat\/moisesbroggi2023\/wp-content\/uploads\/2023\/02\/IMG202301191124041-2048x1536.jpg 2048w\" sizes=\"auto, (max-width: 767px) 89vw, (max-width: 1000px) 54vw, (max-width: 1071px) 543px, 580px\"><\/figure>\n<p>Jo crec que l\u2019objectiu \u00e9s treure\u2019ns la vergonya de sobre i practicar per fer l\u2019obra. Gr\u00e0cies a aquestes activitats he apr\u00e8s moltes coses com: saber escriure un cor, situar-me a l\u2019escenari, perdre la vergonya a l\u2019hora d\u2019actuar .<\/p>\n<p>El m\u00e9s rellevant de l\u2019activitat crec que \u00e9s el final perqu\u00e8 et dones compte que el teatre t\u00e9 un procediment i totes les activitats que fem servir serveixen per preparar-te a fer l\u2019obra final.<\/p>\n<p class=\"has-text-align-right\"><strong>Rub\u00e9n Pantani<\/strong><\/p>\n<\/div>\n","protected":false},"excerpt":{"rendered":"<p>Des de Victoria Szpunberg EN RESiD\u00c8NCiA La Victoria Szpunberg i el David Arnaiz ens van dividir en grups, i ens va donar unes indicacions sobre quins personatges hav\u00edem de representar. A trav\u00e9s d\u2019aquesta informaci\u00f3 hav\u00edem de crear un cor fet per nosaltres. Primer hav\u00edem de pensar qu\u00e8 posar en el cor i sobre qu\u00e8 anava, &hellip; <\/p>\n<p class=\"link-more\"><a href=\"https:\/\/blocsenresidencia.bcn.cat\/20222023\/2023\/02\/13\/un-cor-fet-per-nosaltres\/\" class=\"more-link\">Continua llegint <span class=\"screen-reader-text\">\u00abUn cor fet per nosaltres\u00bb<\/span><\/a><\/p>\n","protected":false},"author":5,"featured_media":0,"comment_status":"closed","ping_status":"closed","sticky":false,"template":"","format":"standard","meta":{"footnotes":""},"categories":[1],"tags":[],"class_list":["post-277","post","type-post","status-publish","format-standard","hentry","category-general"],"_links":{"self":[{"href":"https:\/\/blocsenresidencia.bcn.cat\/20222023\/wp-json\/wp\/v2\/posts\/277","targetHints":{"allow":["GET"]}}],"collection":[{"href":"https:\/\/blocsenresidencia.bcn.cat\/20222023\/wp-json\/wp\/v2\/posts"}],"about":[{"href":"https:\/\/blocsenresidencia.bcn.cat\/20222023\/wp-json\/wp\/v2\/types\/post"}],"author":[{"embeddable":true,"href":"https:\/\/blocsenresidencia.bcn.cat\/20222023\/wp-json\/wp\/v2\/users\/5"}],"replies":[{"embeddable":true,"href":"https:\/\/blocsenresidencia.bcn.cat\/20222023\/wp-json\/wp\/v2\/comments?post=277"}],"version-history":[{"count":0,"href":"https:\/\/blocsenresidencia.bcn.cat\/20222023\/wp-json\/wp\/v2\/posts\/277\/revisions"}],"wp:attachment":[{"href":"https:\/\/blocsenresidencia.bcn.cat\/20222023\/wp-json\/wp\/v2\/media?parent=277"}],"wp:term":[{"taxonomy":"category","embeddable":true,"href":"https:\/\/blocsenresidencia.bcn.cat\/20222023\/wp-json\/wp\/v2\/categories?post=277"},{"taxonomy":"post_tag","embeddable":true,"href":"https:\/\/blocsenresidencia.bcn.cat\/20222023\/wp-json\/wp\/v2\/tags?post=277"}],"curies":[{"name":"wp","href":"https:\/\/api.w.org\/{rel}","templated":true}]}}