{"id":282,"date":"2023-02-17T09:01:51","date_gmt":"2023-02-17T07:01:51","guid":{"rendered":"https:\/\/blocsenresidencia.bcn.cat\/20222023\/2023\/02\/17\/sesion-de-puertas-abiertas-en-el-instituto\/"},"modified":"2023-02-17T09:01:51","modified_gmt":"2023-02-17T07:01:51","slug":"sesion-de-puertas-abiertas-en-el-instituto","status":"publish","type":"post","link":"https:\/\/blocsenresidencia.bcn.cat\/20222023\/2023\/02\/17\/sesion-de-puertas-abiertas-en-el-instituto\/","title":{"rendered":"Sesi\u00f3n de puertas abiertas en el Instituto"},"content":{"rendered":"<p>Des de <a href=\"https:\/\/blocsenresidencia.bcn.cat\/sants2023\/2023\/02\/17\/sesion-de-puertas-abiertas-en-el-instituto\/\">P\u00eda Sommer EN RESiD\u00c8NCiA<\/a><\/p>\n<div>\n<p>El pasado s\u00e1bado 11 de febrero algunos de los alumnos que participan en el proyecto lo explicaron a las familias que acudieron y mostraron las siguientes fotograf\u00edas. \u00a1Lo presentaron muy bien y  gener\u00f3 mucho inter\u00e9s entre el p\u00fablico asistente!<\/p>\n<\/p>\n<\/div>\n","protected":false},"excerpt":{"rendered":"<p>Des de P\u00eda Sommer EN RESiD\u00c8NCiA El pasado s\u00e1bado 11 de febrero algunos de los alumnos que participan en el proyecto lo explicaron a las familias que acudieron y mostraron las siguientes fotograf\u00edas. \u00a1Lo presentaron muy bien y gener\u00f3 mucho inter\u00e9s entre el p\u00fablico asistente!<\/p>\n","protected":false},"author":5,"featured_media":0,"comment_status":"closed","ping_status":"closed","sticky":false,"template":"","format":"standard","meta":{"footnotes":""},"categories":[1],"tags":[],"class_list":["post-282","post","type-post","status-publish","format-standard","hentry","category-general"],"_links":{"self":[{"href":"https:\/\/blocsenresidencia.bcn.cat\/20222023\/wp-json\/wp\/v2\/posts\/282","targetHints":{"allow":["GET"]}}],"collection":[{"href":"https:\/\/blocsenresidencia.bcn.cat\/20222023\/wp-json\/wp\/v2\/posts"}],"about":[{"href":"https:\/\/blocsenresidencia.bcn.cat\/20222023\/wp-json\/wp\/v2\/types\/post"}],"author":[{"embeddable":true,"href":"https:\/\/blocsenresidencia.bcn.cat\/20222023\/wp-json\/wp\/v2\/users\/5"}],"replies":[{"embeddable":true,"href":"https:\/\/blocsenresidencia.bcn.cat\/20222023\/wp-json\/wp\/v2\/comments?post=282"}],"version-history":[{"count":0,"href":"https:\/\/blocsenresidencia.bcn.cat\/20222023\/wp-json\/wp\/v2\/posts\/282\/revisions"}],"wp:attachment":[{"href":"https:\/\/blocsenresidencia.bcn.cat\/20222023\/wp-json\/wp\/v2\/media?parent=282"}],"wp:term":[{"taxonomy":"category","embeddable":true,"href":"https:\/\/blocsenresidencia.bcn.cat\/20222023\/wp-json\/wp\/v2\/categories?post=282"},{"taxonomy":"post_tag","embeddable":true,"href":"https:\/\/blocsenresidencia.bcn.cat\/20222023\/wp-json\/wp\/v2\/tags?post=282"}],"curies":[{"name":"wp","href":"https:\/\/api.w.org\/{rel}","templated":true}]}}