{"id":287,"date":"2023-03-01T00:01:44","date_gmt":"2023-02-28T22:01:44","guid":{"rendered":"https:\/\/blocsenresidencia.bcn.cat\/20222023\/2023\/03\/01\/sessio-de-contaminacio-22-de-febrer\/"},"modified":"2023-03-01T00:01:44","modified_gmt":"2023-02-28T22:01:44","slug":"sessio-de-contaminacio-22-de-febrer","status":"publish","type":"post","link":"https:\/\/blocsenresidencia.bcn.cat\/20222023\/2023\/03\/01\/sessio-de-contaminacio-22-de-febrer\/","title":{"rendered":"Sessi\u00f3 de Contaminaci\u00f3 (22 de febrer)"},"content":{"rendered":"<p>Des de <a href=\"https:\/\/blocsenresidencia.bcn.cat\/milaifontanals2023\/2023\/02\/28\/sessio-de-contaminacio-22-de-febrer\/\">Sabina Witt EN RESiD\u00c8NCiA<\/a><\/p>\n<div>\n<p>El dimecres 22 de febrer vam exposar al teatre del nostre institut el treball que hem estat fent amb la Sabina des de l\u2019inici del curs.<\/p>\n<p>La mostra es va iniciar amb un text molt bonic sobre l\u2019adolesc\u00e8ncia,  escrit per una de nosaltres,  que parlava de com \u00e9s la realitat de l\u2019adolesc\u00e8ncia en aquesta \u00e8poca.   Despr\u00e9s vam fer una improvisaci\u00f3 musical dirigida, en la que dos de nosaltres erem els directors. Dirigiem  basant-nos en un codi de senyals,  que hav\u00edem creat nosaltres i que vam exposar en uns cartells. Despr\u00e9s de la improvisaci\u00f3 dirigida 4 alumnes  vam recitar una selecci\u00f3 de  textos que hav\u00edem estat escrivint durant el primer trimestre. Els textos eren molt diversos, alguns parlaven dels objectes que s\u00f3n importants per nosaltres, altres sobre l\u2019adolesc\u00e8ncia,  i altres expressaven sensacions i pensaments,\u2026 Vam acabar amb una altra improvisaci\u00f3 dirigida en la que vam convidar a participar als professors assistents.<\/p>\n<p>Ens hem adonat que hem fet un proc\u00e9s ja que al principi ens costava molt participar, potser perqu\u00e8 no ens coneix\u00edem gaire i no ten\u00edem molta confian\u00e7a.  Per\u00f2, a mida que el temps ha ant passant hem aconseguit treure coses molt maques de cadascun de nosaltres. Gr\u00e0cies a la Sabina hem apr\u00e8s moltes coses i estem amb ganes d\u2019apndre m\u00e9s a les seg\u00fcents classes amb ella.<\/p>\n<figure class=\"is-layout-flex wp-block-gallery-1 wp-block-gallery has-nested-images columns-default is-cropped\">\n<figure class=\"wp-block-image size-large\"><img loading=\"lazy\" decoding=\"async\" width=\"1024\" height=\"768\" data-id=\"82\" src=\"https:\/\/blocsenresidencia.bcn.cat\/milaifontanals2023\/wp-content\/uploads\/2023\/02\/IMG-20230227-WA0007-1024x768.jpg\" alt=\"\" class=\"wp-image-82\" srcset=\"https:\/\/blocsenresidencia.bcn.cat\/milaifontanals2023\/wp-content\/uploads\/2023\/02\/IMG-20230227-WA0007-1024x768.jpg 1024w, https:\/\/blocsenresidencia.bcn.cat\/milaifontanals2023\/wp-content\/uploads\/2023\/02\/IMG-20230227-WA0007-300x225.jpg 300w, https:\/\/blocsenresidencia.bcn.cat\/milaifontanals2023\/wp-content\/uploads\/2023\/02\/IMG-20230227-WA0007-768x576.jpg 768w, https:\/\/blocsenresidencia.bcn.cat\/milaifontanals2023\/wp-content\/uploads\/2023\/02\/IMG-20230227-WA0007-1536x1152.jpg 1536w, https:\/\/blocsenresidencia.bcn.cat\/milaifontanals2023\/wp-content\/uploads\/2023\/02\/IMG-20230227-WA0007.jpg 2048w\" sizes=\"auto, (max-width: 767px) 89vw, (max-width: 1000px) 54vw, (max-width: 1071px) 543px, 580px\"><\/figure>\n<figure class=\"wp-block-image size-large\"><img decoding=\"async\" loading=\"lazy\" width=\"1024\" height=\"768\" data-id=\"85\" src=\"https:\/\/blocsenresidencia.bcn.cat\/milaifontanals2023\/wp-content\/uploads\/2023\/02\/IMG-20230227-WA0008-1024x768.jpg\" alt=\"\" class=\"wp-image-85\" srcset=\"https:\/\/blocsenresidencia.bcn.cat\/milaifontanals2023\/wp-content\/uploads\/2023\/02\/IMG-20230227-WA0008-1024x768.jpg 1024w, https:\/\/blocsenresidencia.bcn.cat\/milaifontanals2023\/wp-content\/uploads\/2023\/02\/IMG-20230227-WA0008-300x225.jpg 300w, https:\/\/blocsenresidencia.bcn.cat\/milaifontanals2023\/wp-content\/uploads\/2023\/02\/IMG-20230227-WA0008-768x576.jpg 768w, https:\/\/blocsenresidencia.bcn.cat\/milaifontanals2023\/wp-content\/uploads\/2023\/02\/IMG-20230227-WA0008-1536x1152.jpg 1536w, https:\/\/blocsenresidencia.bcn.cat\/milaifontanals2023\/wp-content\/uploads\/2023\/02\/IMG-20230227-WA0008.jpg 2048w\" sizes=\"auto, (max-width: 767px) 89vw, (max-width: 1000px) 54vw, (max-width: 1071px) 543px, 580px\"><\/figure>\n<figure class=\"wp-block-image size-large\"><img decoding=\"async\" loading=\"lazy\" width=\"1024\" height=\"768\" data-id=\"86\" src=\"https:\/\/blocsenresidencia.bcn.cat\/milaifontanals2023\/wp-content\/uploads\/2023\/02\/IMG-20230227-WA0006-1024x768.jpg\" alt=\"\" class=\"wp-image-86\" srcset=\"https:\/\/blocsenresidencia.bcn.cat\/milaifontanals2023\/wp-content\/uploads\/2023\/02\/IMG-20230227-WA0006-1024x768.jpg 1024w, https:\/\/blocsenresidencia.bcn.cat\/milaifontanals2023\/wp-content\/uploads\/2023\/02\/IMG-20230227-WA0006-300x225.jpg 300w, https:\/\/blocsenresidencia.bcn.cat\/milaifontanals2023\/wp-content\/uploads\/2023\/02\/IMG-20230227-WA0006-768x576.jpg 768w, https:\/\/blocsenresidencia.bcn.cat\/milaifontanals2023\/wp-content\/uploads\/2023\/02\/IMG-20230227-WA0006-1536x1152.jpg 1536w, https:\/\/blocsenresidencia.bcn.cat\/milaifontanals2023\/wp-content\/uploads\/2023\/02\/IMG-20230227-WA0006.jpg 2048w\" sizes=\"auto, (max-width: 767px) 89vw, (max-width: 1000px) 54vw, (max-width: 1071px) 543px, 580px\"><\/figure>\n<figure class=\"wp-block-image size-large\"><img decoding=\"async\" loading=\"lazy\" width=\"1024\" height=\"768\" data-id=\"81\" src=\"https:\/\/blocsenresidencia.bcn.cat\/milaifontanals2023\/wp-content\/uploads\/2023\/02\/IMG-20230227-WA0005-1024x768.jpg\" alt=\"\" class=\"wp-image-81\" srcset=\"https:\/\/blocsenresidencia.bcn.cat\/milaifontanals2023\/wp-content\/uploads\/2023\/02\/IMG-20230227-WA0005-1024x768.jpg 1024w, https:\/\/blocsenresidencia.bcn.cat\/milaifontanals2023\/wp-content\/uploads\/2023\/02\/IMG-20230227-WA0005-300x225.jpg 300w, https:\/\/blocsenresidencia.bcn.cat\/milaifontanals2023\/wp-content\/uploads\/2023\/02\/IMG-20230227-WA0005-768x576.jpg 768w, https:\/\/blocsenresidencia.bcn.cat\/milaifontanals2023\/wp-content\/uploads\/2023\/02\/IMG-20230227-WA0005-1536x1152.jpg 1536w, https:\/\/blocsenresidencia.bcn.cat\/milaifontanals2023\/wp-content\/uploads\/2023\/02\/IMG-20230227-WA0005.jpg 2048w\" sizes=\"auto, (max-width: 767px) 89vw, (max-width: 1000px) 54vw, (max-width: 1071px) 543px, 580px\"><\/figure>\n<figure class=\"wp-block-image size-large\"><img decoding=\"async\" loading=\"lazy\" width=\"1024\" height=\"768\" data-id=\"84\" src=\"https:\/\/blocsenresidencia.bcn.cat\/milaifontanals2023\/wp-content\/uploads\/2023\/02\/IMG-20230227-WA0003-1024x768.jpg\" alt=\"\" class=\"wp-image-84\" srcset=\"https:\/\/blocsenresidencia.bcn.cat\/milaifontanals2023\/wp-content\/uploads\/2023\/02\/IMG-20230227-WA0003-1024x768.jpg 1024w, https:\/\/blocsenresidencia.bcn.cat\/milaifontanals2023\/wp-content\/uploads\/2023\/02\/IMG-20230227-WA0003-300x225.jpg 300w, https:\/\/blocsenresidencia.bcn.cat\/milaifontanals2023\/wp-content\/uploads\/2023\/02\/IMG-20230227-WA0003-768x576.jpg 768w, https:\/\/blocsenresidencia.bcn.cat\/milaifontanals2023\/wp-content\/uploads\/2023\/02\/IMG-20230227-WA0003-1536x1152.jpg 1536w, https:\/\/blocsenresidencia.bcn.cat\/milaifontanals2023\/wp-content\/uploads\/2023\/02\/IMG-20230227-WA0003.jpg 2048w\" sizes=\"auto, (max-width: 767px) 89vw, (max-width: 1000px) 54vw, (max-width: 1071px) 543px, 580px\"><\/figure>\n<\/figure>\n<\/div>\n","protected":false},"excerpt":{"rendered":"<p>Des de Sabina Witt EN RESiD\u00c8NCiA El dimecres 22 de febrer vam exposar al teatre del nostre institut el treball que hem estat fent amb la Sabina des de l\u2019inici del curs. La mostra es va iniciar amb un text molt bonic sobre l\u2019adolesc\u00e8ncia, escrit per una de nosaltres, que parlava de com \u00e9s la &hellip; <\/p>\n<p class=\"link-more\"><a href=\"https:\/\/blocsenresidencia.bcn.cat\/20222023\/2023\/03\/01\/sessio-de-contaminacio-22-de-febrer\/\" class=\"more-link\">Continua llegint <span class=\"screen-reader-text\">\u00abSessi\u00f3 de Contaminaci\u00f3 (22 de febrer)\u00bb<\/span><\/a><\/p>\n","protected":false},"author":5,"featured_media":0,"comment_status":"closed","ping_status":"closed","sticky":false,"template":"","format":"standard","meta":{"footnotes":""},"categories":[1],"tags":[],"class_list":["post-287","post","type-post","status-publish","format-standard","hentry","category-general"],"_links":{"self":[{"href":"https:\/\/blocsenresidencia.bcn.cat\/20222023\/wp-json\/wp\/v2\/posts\/287","targetHints":{"allow":["GET"]}}],"collection":[{"href":"https:\/\/blocsenresidencia.bcn.cat\/20222023\/wp-json\/wp\/v2\/posts"}],"about":[{"href":"https:\/\/blocsenresidencia.bcn.cat\/20222023\/wp-json\/wp\/v2\/types\/post"}],"author":[{"embeddable":true,"href":"https:\/\/blocsenresidencia.bcn.cat\/20222023\/wp-json\/wp\/v2\/users\/5"}],"replies":[{"embeddable":true,"href":"https:\/\/blocsenresidencia.bcn.cat\/20222023\/wp-json\/wp\/v2\/comments?post=287"}],"version-history":[{"count":0,"href":"https:\/\/blocsenresidencia.bcn.cat\/20222023\/wp-json\/wp\/v2\/posts\/287\/revisions"}],"wp:attachment":[{"href":"https:\/\/blocsenresidencia.bcn.cat\/20222023\/wp-json\/wp\/v2\/media?parent=287"}],"wp:term":[{"taxonomy":"category","embeddable":true,"href":"https:\/\/blocsenresidencia.bcn.cat\/20222023\/wp-json\/wp\/v2\/categories?post=287"},{"taxonomy":"post_tag","embeddable":true,"href":"https:\/\/blocsenresidencia.bcn.cat\/20222023\/wp-json\/wp\/v2\/tags?post=287"}],"curies":[{"name":"wp","href":"https:\/\/api.w.org\/{rel}","templated":true}]}}