{"id":288,"date":"2023-03-02T14:23:59","date_gmt":"2023-03-02T12:23:59","guid":{"rendered":"https:\/\/blocsenresidencia.bcn.cat\/20222023\/2023\/03\/02\/continuem-el-viatge\/"},"modified":"2023-03-02T14:23:59","modified_gmt":"2023-03-02T12:23:59","slug":"continuem-el-viatge","status":"publish","type":"post","link":"https:\/\/blocsenresidencia.bcn.cat\/20222023\/2023\/03\/02\/continuem-el-viatge\/","title":{"rendered":"CONTINUEM EL VIATGE"},"content":{"rendered":"<p>Des de <a href=\"https:\/\/blocsenresidencia.bcn.cat\/dolorsaleu2023\/2023\/03\/02\/continuem-el-viatge\/\">Miquel Barcelona EN RESiD\u00c8NCiA<\/a><\/p>\n<div>\n<p>Hem arribat al mes de mar\u00e7 plenament \u201c<em>ut<\/em>opitzats\u201d. <\/p>\n<p>Hem anat fent cam\u00ed fins aqu\u00ed a trav\u00e9s d\u2019un bosc fer\u00e9stec on hem trobat ombres, llum, moments salvatges, moments tranquils, calma, consci\u00e8ncia, inconsci\u00e8ncia i emocions, moltes emocions.<\/p>\n<p>Hem anat creuant el bosc recollint tot el que hem trobat, tot el que hem plantat, tot el que hem creat, i d\u2019aquesta manera ens dirigim cap a la sessi\u00f3 de contaminaci\u00f3 que ens permetr\u00e0 compartir amb d\u2019altres el pas per aquest bosc fer\u00e9stec i salvatge que ens t\u00e9 atrapats i que no ens deixar\u00e0 sortir fins al mes de maig.<\/p>\n<figure class=\"wp-block-image size-full\"><img loading=\"lazy\" decoding=\"async\" width=\"922\" height=\"615\" src=\"https:\/\/blocsenresidencia.bcn.cat\/dolorsaleu2023\/wp-content\/uploads\/2023\/03\/image.png\" alt=\"\" class=\"wp-image-44\" srcset=\"https:\/\/blocsenresidencia.bcn.cat\/dolorsaleu2023\/wp-content\/uploads\/2023\/03\/image.png 922w, https:\/\/blocsenresidencia.bcn.cat\/dolorsaleu2023\/wp-content\/uploads\/2023\/03\/image-300x200.png 300w, https:\/\/blocsenresidencia.bcn.cat\/dolorsaleu2023\/wp-content\/uploads\/2023\/03\/image-768x512.png 768w\" sizes=\"auto, (max-width: 767px) 89vw, (max-width: 1000px) 54vw, (max-width: 1071px) 543px, 580px\"><\/figure>\n<\/div>\n","protected":false},"excerpt":{"rendered":"<p>Des de Miquel Barcelona EN RESiD\u00c8NCiA Hem arribat al mes de mar\u00e7 plenament \u201cutopitzats\u201d. Hem anat fent cam\u00ed fins aqu\u00ed a trav\u00e9s d\u2019un bosc fer\u00e9stec on hem trobat ombres, llum, moments salvatges, moments tranquils, calma, consci\u00e8ncia, inconsci\u00e8ncia i emocions, moltes emocions. Hem anat creuant el bosc recollint tot el que hem trobat, tot el que &hellip; <\/p>\n<p class=\"link-more\"><a href=\"https:\/\/blocsenresidencia.bcn.cat\/20222023\/2023\/03\/02\/continuem-el-viatge\/\" class=\"more-link\">Continua llegint <span class=\"screen-reader-text\">\u00abCONTINUEM EL VIATGE\u00bb<\/span><\/a><\/p>\n","protected":false},"author":5,"featured_media":0,"comment_status":"closed","ping_status":"closed","sticky":false,"template":"","format":"standard","meta":{"footnotes":""},"categories":[1],"tags":[],"class_list":["post-288","post","type-post","status-publish","format-standard","hentry","category-general"],"_links":{"self":[{"href":"https:\/\/blocsenresidencia.bcn.cat\/20222023\/wp-json\/wp\/v2\/posts\/288","targetHints":{"allow":["GET"]}}],"collection":[{"href":"https:\/\/blocsenresidencia.bcn.cat\/20222023\/wp-json\/wp\/v2\/posts"}],"about":[{"href":"https:\/\/blocsenresidencia.bcn.cat\/20222023\/wp-json\/wp\/v2\/types\/post"}],"author":[{"embeddable":true,"href":"https:\/\/blocsenresidencia.bcn.cat\/20222023\/wp-json\/wp\/v2\/users\/5"}],"replies":[{"embeddable":true,"href":"https:\/\/blocsenresidencia.bcn.cat\/20222023\/wp-json\/wp\/v2\/comments?post=288"}],"version-history":[{"count":0,"href":"https:\/\/blocsenresidencia.bcn.cat\/20222023\/wp-json\/wp\/v2\/posts\/288\/revisions"}],"wp:attachment":[{"href":"https:\/\/blocsenresidencia.bcn.cat\/20222023\/wp-json\/wp\/v2\/media?parent=288"}],"wp:term":[{"taxonomy":"category","embeddable":true,"href":"https:\/\/blocsenresidencia.bcn.cat\/20222023\/wp-json\/wp\/v2\/categories?post=288"},{"taxonomy":"post_tag","embeddable":true,"href":"https:\/\/blocsenresidencia.bcn.cat\/20222023\/wp-json\/wp\/v2\/tags?post=288"}],"curies":[{"name":"wp","href":"https:\/\/api.w.org\/{rel}","templated":true}]}}