{"id":304,"date":"2023-03-10T17:30:38","date_gmt":"2023-03-10T15:30:38","guid":{"rendered":"https:\/\/blocsenresidencia.bcn.cat\/20222023\/2023\/03\/10\/els-camils-i-la-merce-vidal\/"},"modified":"2023-03-10T17:30:38","modified_gmt":"2023-03-10T15:30:38","slug":"els-camils-i-la-merce-vidal","status":"publish","type":"post","link":"https:\/\/blocsenresidencia.bcn.cat\/20222023\/2023\/03\/10\/els-camils-i-la-merce-vidal\/","title":{"rendered":"\u201cEls Camils\u201d i la Merc\u00e8 Vidal"},"content":{"rendered":"<p>Des de <a href=\"https:\/\/blocsenresidencia.bcn.cat\/joanbrossa2023\/2023\/03\/10\/els-camils\/\">Curro Claret EN RESiD\u00c8NCiA<\/a><\/p>\n<div>\n<p>Fa\u00a0uns dies vam anar al centre ocupacional taller Sant Camil, de la Fundaci\u00f3 Santa Creu, que est\u00e0 molt a prop del parc del Guinard\u00f3. Aqu\u00ed ens va atendre l\u2019Amadeu, que \u00e9s el seu director. \u00c9s un centre on van persones amb discapacitats intel\u00b7lectuals. Els ensenyen coses b\u00e0siques i fan activitats de tota mena, tamb\u00e9 esportives.<\/p>\n<p>Al mateix recinte, hi ha un espai on viuen joves migrants, i els ajuden a estudiar i els acompanyen fins que s\u2019incorporen al m\u00f3n laboral.<\/p>\n<p>Tamb\u00e9 tenen habitatges per rebre fam\u00edlies desnonades, fins que troben on viure.<\/p>\n<div class=\"is-layout-flex wp-container-4 wp-block-columns\">\n<div class=\"is-layout-flow wp-block-column\" style=\"flex-basis:100%\">\n<figure class=\"is-layout-flex wp-block-gallery-1 wp-block-gallery has-nested-images columns-default is-cropped\">\n<figure class=\"wp-block-image size-large\"><img loading=\"lazy\" decoding=\"async\" width=\"1024\" height=\"768\" src=\"https:\/\/blocsenresidencia.bcn.cat\/joanbrossa2023\/wp-content\/uploads\/2023\/03\/aa-2-1024x768.jpg\" alt=\"\" class=\"wp-image-215\" srcset=\"https:\/\/blocsenresidencia.bcn.cat\/joanbrossa2023\/wp-content\/uploads\/2023\/03\/aa-2-1024x768.jpg 1024w, https:\/\/blocsenresidencia.bcn.cat\/joanbrossa2023\/wp-content\/uploads\/2023\/03\/aa-2-300x225.jpg 300w, https:\/\/blocsenresidencia.bcn.cat\/joanbrossa2023\/wp-content\/uploads\/2023\/03\/aa-2-768x576.jpg 768w, https:\/\/blocsenresidencia.bcn.cat\/joanbrossa2023\/wp-content\/uploads\/2023\/03\/aa-2-1536x1152.jpg 1536w, https:\/\/blocsenresidencia.bcn.cat\/joanbrossa2023\/wp-content\/uploads\/2023\/03\/aa-2-2048x1536.jpg 2048w\" sizes=\"auto, (max-width: 767px) 89vw, (max-width: 1000px) 54vw, (max-width: 1071px) 543px, 580px\"><\/figure>\n<figure class=\"wp-block-image size-large\"><img decoding=\"async\" loading=\"lazy\" width=\"1024\" height=\"768\" src=\"https:\/\/blocsenresidencia.bcn.cat\/joanbrossa2023\/wp-content\/uploads\/2023\/03\/20230209_113827-1-1024x768.jpg\" alt=\"\" class=\"wp-image-214\" srcset=\"https:\/\/blocsenresidencia.bcn.cat\/joanbrossa2023\/wp-content\/uploads\/2023\/03\/20230209_113827-1-1024x768.jpg 1024w, https:\/\/blocsenresidencia.bcn.cat\/joanbrossa2023\/wp-content\/uploads\/2023\/03\/20230209_113827-1-300x225.jpg 300w, https:\/\/blocsenresidencia.bcn.cat\/joanbrossa2023\/wp-content\/uploads\/2023\/03\/20230209_113827-1-768x576.jpg 768w, https:\/\/blocsenresidencia.bcn.cat\/joanbrossa2023\/wp-content\/uploads\/2023\/03\/20230209_113827-1-1536x1152.jpg 1536w, https:\/\/blocsenresidencia.bcn.cat\/joanbrossa2023\/wp-content\/uploads\/2023\/03\/20230209_113827-1-2048x1536.jpg 2048w\" sizes=\"auto, (max-width: 767px) 89vw, (max-width: 1000px) 54vw, (max-width: 1071px) 543px, 580px\"><\/figure>\n<\/figure>\n<\/div>\n<\/div>\n<p>Uns dies despr\u00e9s vam rebre la visita la Merc\u00e8 Vidal de l\u2019associaci\u00f3 Nou Horitz\u00f3 de gent gran. Ens va explicar com tractaven a la gent gran en algunes resid\u00e8ncies. Tamb\u00e9 va dir que a les resid\u00e8ncies privades no poden anar gaires avis perqu\u00e8 s\u00f3n molt cares i que tot aix\u00f2 s\u2019hauria de canviar.<\/p>\n<p>Ens va comentar que la gent gran \u00e9s molt divertida, t\u00e9 ganes de fer coses i d\u2019estar m\u00e9s integrada i relacionar-se amb altres generacions. El que m\u00e9s em va cridar l\u2019atenci\u00f3 \u00e9s quan va explicar que es fan projectes en qu\u00e8 gent jove visita les resid\u00e8ncies, fan riure a la gent. Als avis els va b\u00e9, perqu\u00e8 s\u00f3n com nens petits, juguen, riuen i es distreuen.<\/p>\n<\/div>\n","protected":false},"excerpt":{"rendered":"<p>Des de Curro Claret EN RESiD\u00c8NCiA Fa\u00a0uns dies vam anar al centre ocupacional taller Sant Camil, de la Fundaci\u00f3 Santa Creu, que est\u00e0 molt a prop del parc del Guinard\u00f3. Aqu\u00ed ens va atendre l\u2019Amadeu, que \u00e9s el seu director. \u00c9s un centre on van persones amb discapacitats intel\u00b7lectuals. Els ensenyen coses b\u00e0siques i fan &hellip; <\/p>\n<p class=\"link-more\"><a href=\"https:\/\/blocsenresidencia.bcn.cat\/20222023\/2023\/03\/10\/els-camils-i-la-merce-vidal\/\" class=\"more-link\">Continua llegint <span class=\"screen-reader-text\">\u00ab\u201cEls Camils\u201d i la Merc\u00e8 Vidal\u00bb<\/span><\/a><\/p>\n","protected":false},"author":5,"featured_media":0,"comment_status":"open","ping_status":"closed","sticky":false,"template":"","format":"standard","meta":{"footnotes":""},"categories":[1],"tags":[],"class_list":["post-304","post","type-post","status-publish","format-standard","hentry","category-general"],"_links":{"self":[{"href":"https:\/\/blocsenresidencia.bcn.cat\/20222023\/wp-json\/wp\/v2\/posts\/304","targetHints":{"allow":["GET"]}}],"collection":[{"href":"https:\/\/blocsenresidencia.bcn.cat\/20222023\/wp-json\/wp\/v2\/posts"}],"about":[{"href":"https:\/\/blocsenresidencia.bcn.cat\/20222023\/wp-json\/wp\/v2\/types\/post"}],"author":[{"embeddable":true,"href":"https:\/\/blocsenresidencia.bcn.cat\/20222023\/wp-json\/wp\/v2\/users\/5"}],"replies":[{"embeddable":true,"href":"https:\/\/blocsenresidencia.bcn.cat\/20222023\/wp-json\/wp\/v2\/comments?post=304"}],"version-history":[{"count":0,"href":"https:\/\/blocsenresidencia.bcn.cat\/20222023\/wp-json\/wp\/v2\/posts\/304\/revisions"}],"wp:attachment":[{"href":"https:\/\/blocsenresidencia.bcn.cat\/20222023\/wp-json\/wp\/v2\/media?parent=304"}],"wp:term":[{"taxonomy":"category","embeddable":true,"href":"https:\/\/blocsenresidencia.bcn.cat\/20222023\/wp-json\/wp\/v2\/categories?post=304"},{"taxonomy":"post_tag","embeddable":true,"href":"https:\/\/blocsenresidencia.bcn.cat\/20222023\/wp-json\/wp\/v2\/tags?post=304"}],"curies":[{"name":"wp","href":"https:\/\/api.w.org\/{rel}","templated":true}]}}