{"id":308,"date":"2023-03-13T12:36:35","date_gmt":"2023-03-13T10:36:35","guid":{"rendered":"https:\/\/blocsenresidencia.bcn.cat\/20222023\/2023\/03\/13\/sessio-vigilia\/"},"modified":"2023-03-13T12:36:35","modified_gmt":"2023-03-13T10:36:35","slug":"sessio-vigilia","status":"publish","type":"post","link":"https:\/\/blocsenresidencia.bcn.cat\/20222023\/2023\/03\/13\/sessio-vigilia\/","title":{"rendered":"SESSI\u00d3 VIGILIA"},"content":{"rendered":"<p>Des de <a href=\"https:\/\/blocsenresidencia.bcn.cat\/sagrerasantandreu2023\/2023\/03\/13\/autoconsciencia-amb-un-got-daigua\/\">Martina Rogers EN RESiD\u00c8NCiA<\/a><\/p>\n<div>\n<p>En aquesta sessi\u00f3 hem posat a prova el nostre cos en estat de vig\u00edlia, on el sentim en tensi\u00f3, amb inquietud, actiu, accelerat, mantenint l\u2019atenci\u00f3 cap enfora, el cap actiu, sensaci\u00f3 d\u2019esgotament i amb els m\u00fasculs preparades per \u201cFER\u201d.<\/p>\n<p>Per entrar en aquest estat, vam comen\u00e7ar a caminar per l\u2019aula d\u2019art, incrementant la velocitat, on xoc\u00e0vem entre nosaltres de manera suau. Despr\u00e9s vam donar voltes sobre nosaltres mateixos, cada vegada m\u00e9s r\u00e0pid.<br \/>Mirant-nos, vam pensar un gest amb el cos que vam interpretar en bucle, una vegada i una altra, quedant-nos atrapades en aquest gest antinatural.<\/p>\n<p>Un cop comen\u00e7\u00e0vem a entrar en aquest estat d\u2019alerta, tancant els ulls, vam pensar en les nostres rutines, que cada dia s\u00f3n les mateixes, i que molts cops quan en sortim, ens sentim perdudes. Camines per la mateixa vorera per anar a l\u2019institut? Et pares en els mateixos sem\u00e0fors? Modifiques la teva ruta quan et dirigeixes a casa?<\/p>\n<p>En grups de tres, vam treballar v\u00e0ries din\u00e0miques per arribar en aquest estat de vig\u00edlia, com parlar-nos sense parar, parlar-nos molt r\u00e0pid sense callar, vam cridar, seguirem repetint el mateix gest, i dient paraules sense sentit movent les mans.<\/p>\n<p>El cos ja havia entrat en vig\u00edlia. Quines emocions sentim? Aclaparament, estr\u00e8s, angoixa, inquietud o intranquil\u00b7litat. Qu\u00e8 \u00e9s per tu la vig\u00edlia? Van sortir moltes frases de reflexi\u00f3, per\u00f2 en resum: \u201cque tot estigui perfecte i preparat\u201d, \u201cper quan ho necessites?, per ahir\u201d, \u201cencara \u00e9s dilluns\u201d, \u201cno tinc temps\u201d, \u201cestic a tope\u201d, \u201ctinc feina infinita\u201d. <\/p>\n<p>A partir d\u2019aqu\u00ed vam comen\u00e7ar a treballar amb el concepte de qu\u00e8 ens fa perdre la son de forma individual, fent una animaci\u00f3 amb Stop Motion d\u2019aquest estat corporal i mental, per a materialitzar totes aquestes emocions. A vegades aquest estat ens fa guixar els llibres o l\u2019agenda mentre som a classe. Podem fer una animaci\u00f3 a partir dels nostres apunts de classe, agenda o material de l\u2019institut? <br \/>Vam comen\u00e7ar a realitzar tires de dibuix i pintura abstracta de vig\u00edlia.<\/p>\n<p>De forma col\u00b7lectiva vam comen\u00e7ar una animaci\u00f3 directa amb una pe\u00e7a de fang per mitj\u00e0 de gestos que pogu\u00e9ssim transmetre aquesta idea o sensaci\u00f3 i utilitzant eines com una forquilla, un ganivet, eines esmolades, paper arrugat, dur\u2026<\/p>\n<p>En acabar, per sortir d\u2019aquest estat nervi\u00f3s, vam dedicar 10 minuts a fer especial atenci\u00f3 a la cloenda de la sessi\u00f3, escoltant m\u00fasica relaxada totes juntes.<\/p>\n<figure class=\"wp-block-image size-large\"><img decoding=\"async\" loading=\"lazy\" width=\"1024\" height=\"683\" src=\"https:\/\/blocsenresidencia.bcn.cat\/sagrerasantandreu2023\/wp-content\/uploads\/2023\/03\/image-1-1024x683.png\" alt=\"\" class=\"wp-image-108\" srcset=\"https:\/\/blocsenresidencia.bcn.cat\/sagrerasantandreu2023\/wp-content\/uploads\/2023\/03\/image-1-1024x683.png 1024w, https:\/\/blocsenresidencia.bcn.cat\/sagrerasantandreu2023\/wp-content\/uploads\/2023\/03\/image-1-300x200.png 300w, https:\/\/blocsenresidencia.bcn.cat\/sagrerasantandreu2023\/wp-content\/uploads\/2023\/03\/image-1-768x512.png 768w, https:\/\/blocsenresidencia.bcn.cat\/sagrerasantandreu2023\/wp-content\/uploads\/2023\/03\/image-1.png 1200w\" sizes=\"auto, (max-width: 767px) 89vw, (max-width: 1000px) 54vw, (max-width: 1071px) 543px, 580px\"><\/figure>\n<\/div>\n","protected":false},"excerpt":{"rendered":"<p>Des de Martina Rogers EN RESiD\u00c8NCiA En aquesta sessi\u00f3 hem posat a prova el nostre cos en estat de vig\u00edlia, on el sentim en tensi\u00f3, amb inquietud, actiu, accelerat, mantenint l\u2019atenci\u00f3 cap enfora, el cap actiu, sensaci\u00f3 d\u2019esgotament i amb els m\u00fasculs preparades per \u201cFER\u201d. Per entrar en aquest estat, vam comen\u00e7ar a caminar per &hellip; <\/p>\n<p class=\"link-more\"><a href=\"https:\/\/blocsenresidencia.bcn.cat\/20222023\/2023\/03\/13\/sessio-vigilia\/\" class=\"more-link\">Continua llegint <span class=\"screen-reader-text\">\u00abSESSI\u00d3 VIGILIA\u00bb<\/span><\/a><\/p>\n","protected":false},"author":5,"featured_media":0,"comment_status":"closed","ping_status":"closed","sticky":false,"template":"","format":"standard","meta":{"footnotes":""},"categories":[1],"tags":[],"class_list":["post-308","post","type-post","status-publish","format-standard","hentry","category-general"],"_links":{"self":[{"href":"https:\/\/blocsenresidencia.bcn.cat\/20222023\/wp-json\/wp\/v2\/posts\/308","targetHints":{"allow":["GET"]}}],"collection":[{"href":"https:\/\/blocsenresidencia.bcn.cat\/20222023\/wp-json\/wp\/v2\/posts"}],"about":[{"href":"https:\/\/blocsenresidencia.bcn.cat\/20222023\/wp-json\/wp\/v2\/types\/post"}],"author":[{"embeddable":true,"href":"https:\/\/blocsenresidencia.bcn.cat\/20222023\/wp-json\/wp\/v2\/users\/5"}],"replies":[{"embeddable":true,"href":"https:\/\/blocsenresidencia.bcn.cat\/20222023\/wp-json\/wp\/v2\/comments?post=308"}],"version-history":[{"count":0,"href":"https:\/\/blocsenresidencia.bcn.cat\/20222023\/wp-json\/wp\/v2\/posts\/308\/revisions"}],"wp:attachment":[{"href":"https:\/\/blocsenresidencia.bcn.cat\/20222023\/wp-json\/wp\/v2\/media?parent=308"}],"wp:term":[{"taxonomy":"category","embeddable":true,"href":"https:\/\/blocsenresidencia.bcn.cat\/20222023\/wp-json\/wp\/v2\/categories?post=308"},{"taxonomy":"post_tag","embeddable":true,"href":"https:\/\/blocsenresidencia.bcn.cat\/20222023\/wp-json\/wp\/v2\/tags?post=308"}],"curies":[{"name":"wp","href":"https:\/\/api.w.org\/{rel}","templated":true}]}}