{"id":312,"date":"2023-03-20T14:32:10","date_gmt":"2023-03-20T12:32:10","guid":{"rendered":"https:\/\/blocsenresidencia.bcn.cat\/20222023\/2023\/03\/20\/llums-camera-rodant\/"},"modified":"2023-03-20T14:32:10","modified_gmt":"2023-03-20T12:32:10","slug":"llums-camera-rodant","status":"publish","type":"post","link":"https:\/\/blocsenresidencia.bcn.cat\/20222023\/2023\/03\/20\/llums-camera-rodant\/","title":{"rendered":"LLUMS, C\u00c0MERA\u2026 RODANT"},"content":{"rendered":"<p>Des de <a href=\"https:\/\/blocsenresidencia.bcn.cat\/alzina2023\/2023\/03\/20\/llums-camera-rodant\/\">Sara Manubens EN RESiD\u00c8NCiA<\/a><\/p>\n<div>\n<p>Ja portem tres jornades de rodatge de la nostra pel\u00b7l\u00edcula \u201cTeen Horror\u201d (t\u00edtol provisional). <\/p>\n<figure class=\"wp-block-image size-large\"><img loading=\"lazy\" decoding=\"async\" width=\"1024\" height=\"768\" src=\"https:\/\/blocsenresidencia.bcn.cat\/alzina2023\/wp-content\/uploads\/2023\/03\/IMG_20230306_124436-1024x768.jpg\" alt=\"\" class=\"wp-image-78\" srcset=\"https:\/\/blocsenresidencia.bcn.cat\/alzina2023\/wp-content\/uploads\/2023\/03\/IMG_20230306_124436-1024x768.jpg 1024w, https:\/\/blocsenresidencia.bcn.cat\/alzina2023\/wp-content\/uploads\/2023\/03\/IMG_20230306_124436-300x225.jpg 300w, https:\/\/blocsenresidencia.bcn.cat\/alzina2023\/wp-content\/uploads\/2023\/03\/IMG_20230306_124436-768x576.jpg 768w, https:\/\/blocsenresidencia.bcn.cat\/alzina2023\/wp-content\/uploads\/2023\/03\/IMG_20230306_124436-1536x1152.jpg 1536w, https:\/\/blocsenresidencia.bcn.cat\/alzina2023\/wp-content\/uploads\/2023\/03\/IMG_20230306_124436-2048x1536.jpg 2048w\" sizes=\"auto, (max-width: 767px) 89vw, (max-width: 1000px) 54vw, (max-width: 1071px) 543px, 580px\"><\/figure>\n<p>Hem rodat a casa d\u2019algunes companyes i  al soterrani de l\u2019institut, aquest \u00faltim ja us l\u2019ensenyarem un altre dia, perqu\u00e8 feia massa por!!<\/p>\n<figure class=\"wp-block-image size-large\"><img decoding=\"async\" loading=\"lazy\" width=\"1024\" height=\"768\" src=\"https:\/\/blocsenresidencia.bcn.cat\/alzina2023\/wp-content\/uploads\/2023\/03\/IMG_20230306_124523-1024x768.jpg\" alt=\"\" class=\"wp-image-79\" srcset=\"https:\/\/blocsenresidencia.bcn.cat\/alzina2023\/wp-content\/uploads\/2023\/03\/IMG_20230306_124523-1024x768.jpg 1024w, https:\/\/blocsenresidencia.bcn.cat\/alzina2023\/wp-content\/uploads\/2023\/03\/IMG_20230306_124523-300x225.jpg 300w, https:\/\/blocsenresidencia.bcn.cat\/alzina2023\/wp-content\/uploads\/2023\/03\/IMG_20230306_124523-768x576.jpg 768w, https:\/\/blocsenresidencia.bcn.cat\/alzina2023\/wp-content\/uploads\/2023\/03\/IMG_20230306_124523-1536x1152.jpg 1536w, https:\/\/blocsenresidencia.bcn.cat\/alzina2023\/wp-content\/uploads\/2023\/03\/IMG_20230306_124523-2048x1536.jpg 2048w\" sizes=\"auto, (max-width: 767px) 89vw, (max-width: 1000px) 54vw, (max-width: 1071px) 543px, 580px\"><\/figure>\n<p>I encara hem d\u2019anar a rodar al bosc, les aules, al carrer, i no sabem on m\u00e9s. <\/p>\n<figure class=\"wp-block-image size-large\"><img decoding=\"async\" loading=\"lazy\" width=\"1024\" height=\"576\" src=\"https:\/\/blocsenresidencia.bcn.cat\/alzina2023\/wp-content\/uploads\/2023\/03\/Foto-de-Xavier-C-1024x576.jpg\" alt=\"\" class=\"wp-image-80\" srcset=\"https:\/\/blocsenresidencia.bcn.cat\/alzina2023\/wp-content\/uploads\/2023\/03\/Foto-de-Xavier-C-1024x576.jpg 1024w, https:\/\/blocsenresidencia.bcn.cat\/alzina2023\/wp-content\/uploads\/2023\/03\/Foto-de-Xavier-C-300x169.jpg 300w, https:\/\/blocsenresidencia.bcn.cat\/alzina2023\/wp-content\/uploads\/2023\/03\/Foto-de-Xavier-C-768x432.jpg 768w, https:\/\/blocsenresidencia.bcn.cat\/alzina2023\/wp-content\/uploads\/2023\/03\/Foto-de-Xavier-C-1536x864.jpg 1536w, https:\/\/blocsenresidencia.bcn.cat\/alzina2023\/wp-content\/uploads\/2023\/03\/Foto-de-Xavier-C.jpg 1920w\" sizes=\"auto, (max-width: 767px) 89vw, (max-width: 1000px) 54vw, (max-width: 1071px) 543px, 580px\"><\/figure>\n<figure class=\"wp-block-image size-large\"><img decoding=\"async\" loading=\"lazy\" width=\"1024\" height=\"771\" src=\"https:\/\/blocsenresidencia.bcn.cat\/alzina2023\/wp-content\/uploads\/2023\/03\/1677694910552-1024x771.jpg\" alt=\"\" class=\"wp-image-81\" srcset=\"https:\/\/blocsenresidencia.bcn.cat\/alzina2023\/wp-content\/uploads\/2023\/03\/1677694910552-1024x771.jpg 1024w, https:\/\/blocsenresidencia.bcn.cat\/alzina2023\/wp-content\/uploads\/2023\/03\/1677694910552-300x226.jpg 300w, https:\/\/blocsenresidencia.bcn.cat\/alzina2023\/wp-content\/uploads\/2023\/03\/1677694910552-768x578.jpg 768w, https:\/\/blocsenresidencia.bcn.cat\/alzina2023\/wp-content\/uploads\/2023\/03\/1677694910552-1536x1157.jpg 1536w, https:\/\/blocsenresidencia.bcn.cat\/alzina2023\/wp-content\/uploads\/2023\/03\/1677694910552-2048x1542.jpg 2048w\" sizes=\"auto, (max-width: 767px) 89vw, (max-width: 1000px) 54vw, (max-width: 1071px) 543px, 580px\"><\/figure>\n<p>Aix\u00f2 ja est\u00e0 en marxa i ens queda molt de cam\u00ed encara, que no s\u2019acabi!!<\/p>\n<\/div>\n","protected":false},"excerpt":{"rendered":"<p>Des de Sara Manubens EN RESiD\u00c8NCiA Ja portem tres jornades de rodatge de la nostra pel\u00b7l\u00edcula \u201cTeen Horror\u201d (t\u00edtol provisional). Hem rodat a casa d\u2019algunes companyes i al soterrani de l\u2019institut, aquest \u00faltim ja us l\u2019ensenyarem un altre dia, perqu\u00e8 feia massa por!! I encara hem d\u2019anar a rodar al bosc, les aules, al carrer, &hellip; <\/p>\n<p class=\"link-more\"><a href=\"https:\/\/blocsenresidencia.bcn.cat\/20222023\/2023\/03\/20\/llums-camera-rodant\/\" class=\"more-link\">Continua llegint <span class=\"screen-reader-text\">\u00abLLUMS, C\u00c0MERA\u2026 RODANT\u00bb<\/span><\/a><\/p>\n","protected":false},"author":5,"featured_media":0,"comment_status":"closed","ping_status":"closed","sticky":false,"template":"","format":"standard","meta":{"footnotes":""},"categories":[1],"tags":[],"class_list":["post-312","post","type-post","status-publish","format-standard","hentry","category-general"],"_links":{"self":[{"href":"https:\/\/blocsenresidencia.bcn.cat\/20222023\/wp-json\/wp\/v2\/posts\/312","targetHints":{"allow":["GET"]}}],"collection":[{"href":"https:\/\/blocsenresidencia.bcn.cat\/20222023\/wp-json\/wp\/v2\/posts"}],"about":[{"href":"https:\/\/blocsenresidencia.bcn.cat\/20222023\/wp-json\/wp\/v2\/types\/post"}],"author":[{"embeddable":true,"href":"https:\/\/blocsenresidencia.bcn.cat\/20222023\/wp-json\/wp\/v2\/users\/5"}],"replies":[{"embeddable":true,"href":"https:\/\/blocsenresidencia.bcn.cat\/20222023\/wp-json\/wp\/v2\/comments?post=312"}],"version-history":[{"count":0,"href":"https:\/\/blocsenresidencia.bcn.cat\/20222023\/wp-json\/wp\/v2\/posts\/312\/revisions"}],"wp:attachment":[{"href":"https:\/\/blocsenresidencia.bcn.cat\/20222023\/wp-json\/wp\/v2\/media?parent=312"}],"wp:term":[{"taxonomy":"category","embeddable":true,"href":"https:\/\/blocsenresidencia.bcn.cat\/20222023\/wp-json\/wp\/v2\/categories?post=312"},{"taxonomy":"post_tag","embeddable":true,"href":"https:\/\/blocsenresidencia.bcn.cat\/20222023\/wp-json\/wp\/v2\/tags?post=312"}],"curies":[{"name":"wp","href":"https:\/\/api.w.org\/{rel}","templated":true}]}}