{"id":314,"date":"2023-03-22T15:40:02","date_gmt":"2023-03-22T13:40:02","guid":{"rendered":"https:\/\/blocsenresidencia.bcn.cat\/20222023\/2023\/03\/22\/sessio-dexpansio\/"},"modified":"2023-03-22T15:40:02","modified_gmt":"2023-03-22T13:40:02","slug":"sessio-dexpansio","status":"publish","type":"post","link":"https:\/\/blocsenresidencia.bcn.cat\/20222023\/2023\/03\/22\/sessio-dexpansio\/","title":{"rendered":"Sessi\u00f3 d\u2019Expansi\u00f3"},"content":{"rendered":"<p>Des de <a href=\"https:\/\/blocsenresidencia.bcn.cat\/montjuic2023\/2023\/03\/22\/sessio-dexpansio\/\">El globus vermell EN RESiD\u00c8NCiA<\/a><\/p>\n<div>\n<figure class=\"wp-block-image\"><img alt=\"\"><\/figure>\n<pre class=\"wp-block-code\"><code>Nosaltres els alumnes del montjuic(3rc d'ESO)a mes a mes de fer la sessio de contaminacio per els profes vam idear un altre sessio per els alumnes companys i companyes de 2nd d'ESO vam estar treballant amb aquest proyecte durant setmanes i vam a crear una jornada de difusio a l'institut.\n\nVan aprendre a gestionar per grups i comissions de treball i pendre moltes decisions com les \ndates de l\u2019acci\u00f3 Resid\u00e8ncia en Expansi\u00f3 i del simulacre com els cursos participants i organitzaci\u00f3 de la gent\n,desenvolupament de la gimcana: proves, espais, rols i material\n i el pl\u00e0nol: desenvolupament de l\u2019acci\u00f3, lloc f\u00edsic i moment en qu\u00e8 es treballar\u00e0\n amb altres: accions de comunicaci\u00f3, v\u00eddeo, esmorzar, material.\n\n\n\nLa Sessio en expansio va ser el dia 14 de marzo de 2023,les primeres hores van ser de preparacio i de fer els ultims retocs a les 11 00 es van reunir tots els alumnes de 2nd d'ESO i es va donar una petita explicacio de lo que seria la gimcana<\/code><\/pre>\n<figure class=\"wp-block-image size-large\"><img decoding=\"async\" loading=\"lazy\" width=\"1024\" height=\"347\" src=\"https:\/\/blocsenresidencia.bcn.cat\/montjuic2023\/wp-content\/uploads\/2023\/03\/IMG_5301-3-1024x347.jpg\" alt=\"\" class=\"wp-image-166\" srcset=\"https:\/\/blocsenresidencia.bcn.cat\/montjuic2023\/wp-content\/uploads\/2023\/03\/IMG_5301-3-1024x347.jpg 1024w, https:\/\/blocsenresidencia.bcn.cat\/montjuic2023\/wp-content\/uploads\/2023\/03\/IMG_5301-3-300x102.jpg 300w, https:\/\/blocsenresidencia.bcn.cat\/montjuic2023\/wp-content\/uploads\/2023\/03\/IMG_5301-3-768x260.jpg 768w, https:\/\/blocsenresidencia.bcn.cat\/montjuic2023\/wp-content\/uploads\/2023\/03\/IMG_5301-3-1536x520.jpg 1536w, https:\/\/blocsenresidencia.bcn.cat\/montjuic2023\/wp-content\/uploads\/2023\/03\/IMG_5301-3-2048x694.jpg 2048w\" sizes=\"auto, (max-width: 767px) 89vw, (max-width: 1000px) 54vw, (max-width: 1071px) 543px, 580px\"><\/figure>\n<p>A l\u2019institut es va convertir en un espai de joc la clase del A es va convertir en cantina, el terra de la pista es va convertir en un dibuix gegant, la biblioteca es va convertir en un joc de preguntes de l\u2019institut,el pati petit es va convertir en un lloc de feria de les pomes, l\u2019institut es va viure de una forma difernet i m\u00e9s divertida.<\/p>\n<figure class=\"wp-block-image size-large is-resized\"><img decoding=\"async\" loading=\"lazy\" src=\"https:\/\/blocsenresidencia.bcn.cat\/montjuic2023\/wp-content\/uploads\/2023\/03\/IMG_5298-768x1024.jpg\" alt=\"\" class=\"wp-image-167\" width=\"587\" height=\"782\" srcset=\"https:\/\/blocsenresidencia.bcn.cat\/montjuic2023\/wp-content\/uploads\/2023\/03\/IMG_5298-768x1024.jpg 768w, https:\/\/blocsenresidencia.bcn.cat\/montjuic2023\/wp-content\/uploads\/2023\/03\/IMG_5298-225x300.jpg 225w, https:\/\/blocsenresidencia.bcn.cat\/montjuic2023\/wp-content\/uploads\/2023\/03\/IMG_5298-1152x1536.jpg 1152w, https:\/\/blocsenresidencia.bcn.cat\/montjuic2023\/wp-content\/uploads\/2023\/03\/IMG_5298-1536x2048.jpg 1536w, https:\/\/blocsenresidencia.bcn.cat\/montjuic2023\/wp-content\/uploads\/2023\/03\/IMG_5298-scaled.jpg 1920w\" sizes=\"auto, (max-width: 587px) 100vw, 587px\"><figcaption class=\"wp-element-caption\">montaje dibujo gigante<\/figcaption><\/figure>\n<figure class=\"wp-block-image size-large\"><img decoding=\"async\" loading=\"lazy\" width=\"1024\" height=\"768\" src=\"https:\/\/blocsenresidencia.bcn.cat\/montjuic2023\/wp-content\/uploads\/2023\/03\/IMG_5300-1024x768.jpg\" alt=\"\" class=\"wp-image-168\" srcset=\"https:\/\/blocsenresidencia.bcn.cat\/montjuic2023\/wp-content\/uploads\/2023\/03\/IMG_5300-1024x768.jpg 1024w, https:\/\/blocsenresidencia.bcn.cat\/montjuic2023\/wp-content\/uploads\/2023\/03\/IMG_5300-300x225.jpg 300w, https:\/\/blocsenresidencia.bcn.cat\/montjuic2023\/wp-content\/uploads\/2023\/03\/IMG_5300-768x576.jpg 768w, https:\/\/blocsenresidencia.bcn.cat\/montjuic2023\/wp-content\/uploads\/2023\/03\/IMG_5300-1536x1152.jpg 1536w, https:\/\/blocsenresidencia.bcn.cat\/montjuic2023\/wp-content\/uploads\/2023\/03\/IMG_5300-2048x1536.jpg 2048w\" sizes=\"auto, (max-width: 767px) 89vw, (max-width: 1000px) 54vw, (max-width: 1071px) 543px, 580px\"><figcaption class=\"wp-element-caption\">classe cantina<\/figcaption><\/figure>\n<figure class=\"wp-block-image size-large\"><img decoding=\"async\" loading=\"lazy\" width=\"1024\" height=\"768\" src=\"https:\/\/blocsenresidencia.bcn.cat\/montjuic2023\/wp-content\/uploads\/2023\/03\/IMG_5314-1-1024x768.jpg\" alt=\"\" class=\"wp-image-170\" srcset=\"https:\/\/blocsenresidencia.bcn.cat\/montjuic2023\/wp-content\/uploads\/2023\/03\/IMG_5314-1-1024x768.jpg 1024w, https:\/\/blocsenresidencia.bcn.cat\/montjuic2023\/wp-content\/uploads\/2023\/03\/IMG_5314-1-300x225.jpg 300w, https:\/\/blocsenresidencia.bcn.cat\/montjuic2023\/wp-content\/uploads\/2023\/03\/IMG_5314-1-768x576.jpg 768w, https:\/\/blocsenresidencia.bcn.cat\/montjuic2023\/wp-content\/uploads\/2023\/03\/IMG_5314-1-1536x1152.jpg 1536w, https:\/\/blocsenresidencia.bcn.cat\/montjuic2023\/wp-content\/uploads\/2023\/03\/IMG_5314-1-2048x1536.jpg 2048w\" sizes=\"auto, (max-width: 767px) 89vw, (max-width: 1000px) 54vw, (max-width: 1071px) 543px, 580px\"><figcaption class=\"wp-element-caption\">dibuix planol gegant del barri<\/figcaption><\/figure>\n<figure class=\"wp-block-image size-large\"><img decoding=\"async\" loading=\"lazy\" width=\"1024\" height=\"768\" src=\"https:\/\/blocsenresidencia.bcn.cat\/montjuic2023\/wp-content\/uploads\/2023\/03\/IMG_5324-1024x768.jpg\" alt=\"\" class=\"wp-image-171\" srcset=\"https:\/\/blocsenresidencia.bcn.cat\/montjuic2023\/wp-content\/uploads\/2023\/03\/IMG_5324-1024x768.jpg 1024w, https:\/\/blocsenresidencia.bcn.cat\/montjuic2023\/wp-content\/uploads\/2023\/03\/IMG_5324-300x225.jpg 300w, https:\/\/blocsenresidencia.bcn.cat\/montjuic2023\/wp-content\/uploads\/2023\/03\/IMG_5324-768x576.jpg 768w, https:\/\/blocsenresidencia.bcn.cat\/montjuic2023\/wp-content\/uploads\/2023\/03\/IMG_5324-1536x1152.jpg 1536w, https:\/\/blocsenresidencia.bcn.cat\/montjuic2023\/wp-content\/uploads\/2023\/03\/IMG_5324-2048x1536.jpg 2048w\" sizes=\"auto, (max-width: 767px) 89vw, (max-width: 1000px) 54vw, (max-width: 1071px) 543px, 580px\"><\/figure>\n<\/p>\n<p> \u201cCreo que podr\u00edamos haberlo hecho mejor, porque nos falt\u00f3 preparaci\u00f3n y coordinaci\u00f3n, pero la sesi\u00f3n fue divertida y con una idea muy buena\u201d. Owen Martinez<\/p>\n<p>\u201d La sesi\u00f3n ha sido muy divertida aunque algunos no hac\u00edan caso. En general ha estado divertido y emocionante porque hicimos algo que no siempre se suele hacer y me gust\u00f3 mucho\u201d. <em>Bilal hanafi<\/em><\/p>\n<p>\u201d La sesi\u00f3n fue estresante, ya que fue un proyecto grande y tuvimos que controlar a muchos alumnos, nos confundimos con varias cosas, pero al final todo fue bien y tuvimos un buen momento, todos los alumnos se fueron satifechos y al final todos nos divertimos\u201d. Paul Legaspi<\/p>\n<\/div>\n","protected":false},"excerpt":{"rendered":"<p>Des de El globus vermell EN RESiD\u00c8NCiA Nosaltres els alumnes del montjuic(3rc d&#8217;ESO)a mes a mes de fer la sessio de contaminacio per els profes vam idear un altre sessio per els alumnes companys i companyes de 2nd d&#8217;ESO vam estar treballant amb aquest proyecte durant setmanes i vam a crear una jornada de difusio &hellip; <\/p>\n<p class=\"link-more\"><a href=\"https:\/\/blocsenresidencia.bcn.cat\/20222023\/2023\/03\/22\/sessio-dexpansio\/\" class=\"more-link\">Continua llegint <span class=\"screen-reader-text\">\u00abSessi\u00f3 d\u2019Expansi\u00f3\u00bb<\/span><\/a><\/p>\n","protected":false},"author":5,"featured_media":0,"comment_status":"closed","ping_status":"closed","sticky":false,"template":"","format":"standard","meta":{"footnotes":""},"categories":[1],"tags":[],"class_list":["post-314","post","type-post","status-publish","format-standard","hentry","category-general"],"_links":{"self":[{"href":"https:\/\/blocsenresidencia.bcn.cat\/20222023\/wp-json\/wp\/v2\/posts\/314","targetHints":{"allow":["GET"]}}],"collection":[{"href":"https:\/\/blocsenresidencia.bcn.cat\/20222023\/wp-json\/wp\/v2\/posts"}],"about":[{"href":"https:\/\/blocsenresidencia.bcn.cat\/20222023\/wp-json\/wp\/v2\/types\/post"}],"author":[{"embeddable":true,"href":"https:\/\/blocsenresidencia.bcn.cat\/20222023\/wp-json\/wp\/v2\/users\/5"}],"replies":[{"embeddable":true,"href":"https:\/\/blocsenresidencia.bcn.cat\/20222023\/wp-json\/wp\/v2\/comments?post=314"}],"version-history":[{"count":0,"href":"https:\/\/blocsenresidencia.bcn.cat\/20222023\/wp-json\/wp\/v2\/posts\/314\/revisions"}],"wp:attachment":[{"href":"https:\/\/blocsenresidencia.bcn.cat\/20222023\/wp-json\/wp\/v2\/media?parent=314"}],"wp:term":[{"taxonomy":"category","embeddable":true,"href":"https:\/\/blocsenresidencia.bcn.cat\/20222023\/wp-json\/wp\/v2\/categories?post=314"},{"taxonomy":"post_tag","embeddable":true,"href":"https:\/\/blocsenresidencia.bcn.cat\/20222023\/wp-json\/wp\/v2\/tags?post=314"}],"curies":[{"name":"wp","href":"https:\/\/api.w.org\/{rel}","templated":true}]}}