{"id":315,"date":"2023-03-23T11:03:43","date_gmt":"2023-03-23T09:03:43","guid":{"rendered":"https:\/\/blocsenresidencia.bcn.cat\/20222023\/2023\/03\/23\/obrim-mires-a-la-caldera-les-corts\/"},"modified":"2023-03-23T11:03:43","modified_gmt":"2023-03-23T09:03:43","slug":"obrim-mires-a-la-caldera-les-corts","status":"publish","type":"post","link":"https:\/\/blocsenresidencia.bcn.cat\/20222023\/2023\/03\/23\/obrim-mires-a-la-caldera-les-corts\/","title":{"rendered":"Obrim mires a \u201cLa Caldera\u201d les Corts"},"content":{"rendered":"<p>Des de <a href=\"https:\/\/blocsenresidencia.bcn.cat\/eixample2023\/2023\/03\/23\/obrim-mires-a-la-caldera-les-corts\/\">Urati laboratori EN RESiD\u00c8NCiA<\/a><\/p>\n<div>\n<p>Aquest dimarts hem tingut una sessi\u00f3 extra de \u201cCreadors\u201d i hem anat a la Caldera les Corts per veure una representaci\u00f3 art\u00edstica que ens ha deixat en xoc\u2026ha estat una sorpresa!<\/p>\n<p>L\u2019Alice ens ho explica aix\u00ed; \u201cCuando llegamos sent\u00ed un estado de comodidad pero cuando comenz\u00f3 fue una mezcla de emociones, al principio fue vergonzoso pero divertido, casi parec\u00eda que se quer\u00eda burlar de nosotros, hab\u00eda cosas que percib\u00eda como molestas\u201d. I \u00e9s que la proposta ha estat una barreja entre el que vol explicar l\u2019artista, el que nosaltres percebem i el que finalment hem experimentat a nivell de sensacions. Dif\u00edcil de definir.<\/p>\n<p>El fet de veure alguna cosa al que no hi tenim acc\u00e9s de manera habitual ens va fer plantejar qu\u00e8 entenem per representaci\u00f3 art\u00edstica o, com a m\u00ednim, ens va fer veure que hi ha molts tipus de manifestacions. \u201c\u2026para mi fue una obra, tipo de comedia, me dio mucha risa, la ver\u00eda de nuevo, pero a veces me confund\u00eda\u2026\u201d \u00e9s el que l\u2019Am\u00e0lia va percebre, mentre que la B\u00e0rbara ho explica dient; \u00a0\u201c\u2026 vam anar a veure un espectacle de \u201cball\u201d que no s\u2019entenia massa el context. Em va agradar que l\u2019artista experiment\u00e9s amb la m\u00fasica i els sons i ho feia amb ritmes constants i repetitius que em van fer sentir estranya i curiosa respecte al que veia\u201d<\/p>\n<p>Ha estat una experi\u00e8ncia diferent amb una rebuda molt variable per part de tot el grup. Des del \u00a0\u201cLo vi m\u00e1s como un arrebato personal de \u00e9lla (la actriz) que una representaci\u00f3n con el prop\u00f3sito de hacer sentir al p\u00fablico diferentes emociones\u201d de l\u2019Alice, fins al \u201d En conclusi\u00f3 que va ser una obra una mica estranya per\u00f2 a mi em va agradar perqu\u00e8 al cap i a la fi, cada artista interpreta el que vol com vol\u201d d\u2019en Bruno.<\/p>\n<figure class=\"wp-block-image size-large\"><img loading=\"lazy\" decoding=\"async\" width=\"1024\" height=\"768\" src=\"https:\/\/blocsenresidencia.bcn.cat\/eixample2023\/wp-content\/uploads\/2023\/03\/20230321_120401-1024x768.jpg\" alt=\"\" class=\"wp-image-66\" srcset=\"https:\/\/blocsenresidencia.bcn.cat\/eixample2023\/wp-content\/uploads\/2023\/03\/20230321_120401-1024x768.jpg 1024w, https:\/\/blocsenresidencia.bcn.cat\/eixample2023\/wp-content\/uploads\/2023\/03\/20230321_120401-300x225.jpg 300w, https:\/\/blocsenresidencia.bcn.cat\/eixample2023\/wp-content\/uploads\/2023\/03\/20230321_120401-768x576.jpg 768w, https:\/\/blocsenresidencia.bcn.cat\/eixample2023\/wp-content\/uploads\/2023\/03\/20230321_120401-1536x1152.jpg 1536w, https:\/\/blocsenresidencia.bcn.cat\/eixample2023\/wp-content\/uploads\/2023\/03\/20230321_120401-2048x1536.jpg 2048w\" sizes=\"auto, (max-width: 767px) 89vw, (max-width: 1000px) 54vw, (max-width: 1071px) 543px, 580px\"><\/figure>\n<\/div>\n","protected":false},"excerpt":{"rendered":"<p>Des de Urati laboratori EN RESiD\u00c8NCiA Aquest dimarts hem tingut una sessi\u00f3 extra de \u201cCreadors\u201d i hem anat a la Caldera les Corts per veure una representaci\u00f3 art\u00edstica que ens ha deixat en xoc\u2026ha estat una sorpresa! L\u2019Alice ens ho explica aix\u00ed; \u201cCuando llegamos sent\u00ed un estado de comodidad pero cuando comenz\u00f3 fue una mezcla &hellip; <\/p>\n<p class=\"link-more\"><a href=\"https:\/\/blocsenresidencia.bcn.cat\/20222023\/2023\/03\/23\/obrim-mires-a-la-caldera-les-corts\/\" class=\"more-link\">Continua llegint <span class=\"screen-reader-text\">\u00abObrim mires a \u201cLa Caldera\u201d les Corts\u00bb<\/span><\/a><\/p>\n","protected":false},"author":5,"featured_media":0,"comment_status":"closed","ping_status":"closed","sticky":false,"template":"","format":"standard","meta":{"footnotes":""},"categories":[1],"tags":[],"class_list":["post-315","post","type-post","status-publish","format-standard","hentry","category-general"],"_links":{"self":[{"href":"https:\/\/blocsenresidencia.bcn.cat\/20222023\/wp-json\/wp\/v2\/posts\/315","targetHints":{"allow":["GET"]}}],"collection":[{"href":"https:\/\/blocsenresidencia.bcn.cat\/20222023\/wp-json\/wp\/v2\/posts"}],"about":[{"href":"https:\/\/blocsenresidencia.bcn.cat\/20222023\/wp-json\/wp\/v2\/types\/post"}],"author":[{"embeddable":true,"href":"https:\/\/blocsenresidencia.bcn.cat\/20222023\/wp-json\/wp\/v2\/users\/5"}],"replies":[{"embeddable":true,"href":"https:\/\/blocsenresidencia.bcn.cat\/20222023\/wp-json\/wp\/v2\/comments?post=315"}],"version-history":[{"count":0,"href":"https:\/\/blocsenresidencia.bcn.cat\/20222023\/wp-json\/wp\/v2\/posts\/315\/revisions"}],"wp:attachment":[{"href":"https:\/\/blocsenresidencia.bcn.cat\/20222023\/wp-json\/wp\/v2\/media?parent=315"}],"wp:term":[{"taxonomy":"category","embeddable":true,"href":"https:\/\/blocsenresidencia.bcn.cat\/20222023\/wp-json\/wp\/v2\/categories?post=315"},{"taxonomy":"post_tag","embeddable":true,"href":"https:\/\/blocsenresidencia.bcn.cat\/20222023\/wp-json\/wp\/v2\/tags?post=315"}],"curies":[{"name":"wp","href":"https:\/\/api.w.org\/{rel}","templated":true}]}}