{"id":319,"date":"2023-03-27T13:49:31","date_gmt":"2023-03-27T11:49:31","guid":{"rendered":"https:\/\/blocsenresidencia.bcn.cat\/20222023\/2023\/03\/27\/sessio-6-25-doctubre\/"},"modified":"2023-03-27T13:49:31","modified_gmt":"2023-03-27T11:49:31","slug":"sessio-6-25-doctubre","status":"publish","type":"post","link":"https:\/\/blocsenresidencia.bcn.cat\/20222023\/2023\/03\/27\/sessio-6-25-doctubre\/","title":{"rendered":"Sessi\u00f3 6 \u2013 25 d\u2019octubre"},"content":{"rendered":"<p>Des de <a href=\"https:\/\/blocsenresidencia.bcn.cat\/narcismonturiol2023\/2023\/03\/27\/sessio-6-25-doctubre\/\">STA EN RESiD\u00c8NCiA<\/a><\/p>\n<div>\n<p>Aquest dia amb el Pope vam tocar xil\u00f2fons, panderetes, maraques, tambors i el piano per fer una melodia tots junts. Cadasc\u00fa va escollir l\u2019instrument que va preferir dels del departament de m\u00fasica. Al comen\u00e7ament ens feia molta vergonya tocar, per\u00f2 despr\u00e9s ens vam anar relaxant i ens ho vam passar molt b\u00e9.<\/p>\n<p>Vam fer tres grups: el de percussi\u00f3, el de xil\u00f2fons i el piano. Ens va costar una estona organitzar-nos i saber quan era el nostre torn per tocar. Amb tot i aix\u00f2, al final de la classe ho vam aconseguir.<\/p>\n<figure class=\"wp-block-image size-large\"><img loading=\"lazy\" decoding=\"async\" width=\"1024\" height=\"769\" src=\"https:\/\/blocsenresidencia.bcn.cat\/narcismonturiol2023\/wp-content\/uploads\/2023\/03\/IMG_20221025_115023-1024x769.jpg\" alt=\"\" class=\"wp-image-87\" srcset=\"https:\/\/blocsenresidencia.bcn.cat\/narcismonturiol2023\/wp-content\/uploads\/2023\/03\/IMG_20221025_115023-1024x769.jpg 1024w, https:\/\/blocsenresidencia.bcn.cat\/narcismonturiol2023\/wp-content\/uploads\/2023\/03\/IMG_20221025_115023-300x225.jpg 300w, https:\/\/blocsenresidencia.bcn.cat\/narcismonturiol2023\/wp-content\/uploads\/2023\/03\/IMG_20221025_115023-768x577.jpg 768w, https:\/\/blocsenresidencia.bcn.cat\/narcismonturiol2023\/wp-content\/uploads\/2023\/03\/IMG_20221025_115023-1536x1154.jpg 1536w, https:\/\/blocsenresidencia.bcn.cat\/narcismonturiol2023\/wp-content\/uploads\/2023\/03\/IMG_20221025_115023-2048x1538.jpg 2048w\" sizes=\"auto, (max-width: 767px) 89vw, (max-width: 1000px) 54vw, (max-width: 1071px) 543px, 580px\"><\/figure>\n<p><\/p>\n<\/div>\n","protected":false},"excerpt":{"rendered":"<p>Des de STA EN RESiD\u00c8NCiA Aquest dia amb el Pope vam tocar xil\u00f2fons, panderetes, maraques, tambors i el piano per fer una melodia tots junts. Cadasc\u00fa va escollir l\u2019instrument que va preferir dels del departament de m\u00fasica. Al comen\u00e7ament ens feia molta vergonya tocar, per\u00f2 despr\u00e9s ens vam anar relaxant i ens ho vam passar &hellip; <\/p>\n<p class=\"link-more\"><a href=\"https:\/\/blocsenresidencia.bcn.cat\/20222023\/2023\/03\/27\/sessio-6-25-doctubre\/\" class=\"more-link\">Continua llegint <span class=\"screen-reader-text\">\u00abSessi\u00f3 6 \u2013 25 d\u2019octubre\u00bb<\/span><\/a><\/p>\n","protected":false},"author":5,"featured_media":0,"comment_status":"closed","ping_status":"closed","sticky":false,"template":"","format":"standard","meta":{"footnotes":""},"categories":[1],"tags":[],"class_list":["post-319","post","type-post","status-publish","format-standard","hentry","category-general"],"_links":{"self":[{"href":"https:\/\/blocsenresidencia.bcn.cat\/20222023\/wp-json\/wp\/v2\/posts\/319","targetHints":{"allow":["GET"]}}],"collection":[{"href":"https:\/\/blocsenresidencia.bcn.cat\/20222023\/wp-json\/wp\/v2\/posts"}],"about":[{"href":"https:\/\/blocsenresidencia.bcn.cat\/20222023\/wp-json\/wp\/v2\/types\/post"}],"author":[{"embeddable":true,"href":"https:\/\/blocsenresidencia.bcn.cat\/20222023\/wp-json\/wp\/v2\/users\/5"}],"replies":[{"embeddable":true,"href":"https:\/\/blocsenresidencia.bcn.cat\/20222023\/wp-json\/wp\/v2\/comments?post=319"}],"version-history":[{"count":0,"href":"https:\/\/blocsenresidencia.bcn.cat\/20222023\/wp-json\/wp\/v2\/posts\/319\/revisions"}],"wp:attachment":[{"href":"https:\/\/blocsenresidencia.bcn.cat\/20222023\/wp-json\/wp\/v2\/media?parent=319"}],"wp:term":[{"taxonomy":"category","embeddable":true,"href":"https:\/\/blocsenresidencia.bcn.cat\/20222023\/wp-json\/wp\/v2\/categories?post=319"},{"taxonomy":"post_tag","embeddable":true,"href":"https:\/\/blocsenresidencia.bcn.cat\/20222023\/wp-json\/wp\/v2\/tags?post=319"}],"curies":[{"name":"wp","href":"https:\/\/api.w.org\/{rel}","templated":true}]}}