{"id":326,"date":"2023-04-05T13:44:34","date_gmt":"2023-04-05T11:44:34","guid":{"rendered":"https:\/\/blocsenresidencia.bcn.cat\/20222023\/2023\/04\/05\/sessio-contaminacio\/"},"modified":"2023-04-05T13:44:34","modified_gmt":"2023-04-05T11:44:34","slug":"sessio-contaminacio","status":"publish","type":"post","link":"https:\/\/blocsenresidencia.bcn.cat\/20222023\/2023\/04\/05\/sessio-contaminacio\/","title":{"rendered":"Sessi\u00f3 contaminaci\u00f3"},"content":{"rendered":"<p>Des de <a href=\"https:\/\/blocsenresidencia.bcn.cat\/eljoncar2023\/2023\/04\/05\/sessio-contaminacio\/\">Marta Bisbal EN RESiD\u00c8NCiA<\/a><\/p>\n<div>\n<p>El dimecres  1 de mar\u00e7 vam compartir als docents del centre el proc\u00e9s que fins ara hav\u00edem fet amb l\u2019artista Marta Bisbal, les derives pel barri, la pla\u00e7a Prim, les trobades amb persones del barri\u2026 <\/p>\n<p>Tamb\u00e9 vam fer una pr\u00e0ctica que hav\u00edem fet en una de les primeres sessions, que per nosaltres representa el proc\u00e9s que fins ara hem anat teixint.<\/p>\n<figure class=\"wp-block-image size-large\"><img loading=\"lazy\" decoding=\"async\" width=\"1024\" height=\"683\" src=\"https:\/\/blocsenresidencia.bcn.cat\/eljoncar2023\/wp-content\/uploads\/2023\/04\/230301_SessioContaminacio5-1024x683.jpg\" alt=\"\" class=\"wp-image-145\" srcset=\"https:\/\/blocsenresidencia.bcn.cat\/eljoncar2023\/wp-content\/uploads\/2023\/04\/230301_SessioContaminacio5-1024x683.jpg 1024w, https:\/\/blocsenresidencia.bcn.cat\/eljoncar2023\/wp-content\/uploads\/2023\/04\/230301_SessioContaminacio5-300x200.jpg 300w, https:\/\/blocsenresidencia.bcn.cat\/eljoncar2023\/wp-content\/uploads\/2023\/04\/230301_SessioContaminacio5-768x512.jpg 768w\" sizes=\"auto, (max-width: 767px) 89vw, (max-width: 1000px) 54vw, (max-width: 1071px) 543px, 580px\"><\/figure>\n<figure class=\"wp-block-image size-large\"><img decoding=\"async\" loading=\"lazy\" width=\"1024\" height=\"683\" src=\"https:\/\/blocsenresidencia.bcn.cat\/eljoncar2023\/wp-content\/uploads\/2023\/04\/230301_SessioContaminacio6-1024x683.jpg\" alt=\"\" class=\"wp-image-143\" srcset=\"https:\/\/blocsenresidencia.bcn.cat\/eljoncar2023\/wp-content\/uploads\/2023\/04\/230301_SessioContaminacio6-1024x683.jpg 1024w, https:\/\/blocsenresidencia.bcn.cat\/eljoncar2023\/wp-content\/uploads\/2023\/04\/230301_SessioContaminacio6-300x200.jpg 300w, https:\/\/blocsenresidencia.bcn.cat\/eljoncar2023\/wp-content\/uploads\/2023\/04\/230301_SessioContaminacio6-768x512.jpg 768w\" sizes=\"auto, (max-width: 767px) 89vw, (max-width: 1000px) 54vw, (max-width: 1071px) 543px, 580px\"><\/figure>\n<figure class=\"wp-block-image size-large\"><img decoding=\"async\" loading=\"lazy\" width=\"1024\" height=\"683\" src=\"https:\/\/blocsenresidencia.bcn.cat\/eljoncar2023\/wp-content\/uploads\/2023\/04\/230301_SessioContaminacio17-1024x683.jpg\" alt=\"\" class=\"wp-image-146\" srcset=\"https:\/\/blocsenresidencia.bcn.cat\/eljoncar2023\/wp-content\/uploads\/2023\/04\/230301_SessioContaminacio17-1024x683.jpg 1024w, https:\/\/blocsenresidencia.bcn.cat\/eljoncar2023\/wp-content\/uploads\/2023\/04\/230301_SessioContaminacio17-300x200.jpg 300w, https:\/\/blocsenresidencia.bcn.cat\/eljoncar2023\/wp-content\/uploads\/2023\/04\/230301_SessioContaminacio17-768x512.jpg 768w\" sizes=\"auto, (max-width: 767px) 89vw, (max-width: 1000px) 54vw, (max-width: 1071px) 543px, 580px\"><\/figure>\n<figure class=\"wp-block-image size-large\"><img decoding=\"async\" loading=\"lazy\" width=\"1024\" height=\"683\" src=\"https:\/\/blocsenresidencia.bcn.cat\/eljoncar2023\/wp-content\/uploads\/2023\/04\/230301_SessioContaminacio15-1024x683.jpg\" alt=\"\" class=\"wp-image-142\" srcset=\"https:\/\/blocsenresidencia.bcn.cat\/eljoncar2023\/wp-content\/uploads\/2023\/04\/230301_SessioContaminacio15-1024x683.jpg 1024w, https:\/\/blocsenresidencia.bcn.cat\/eljoncar2023\/wp-content\/uploads\/2023\/04\/230301_SessioContaminacio15-300x200.jpg 300w, https:\/\/blocsenresidencia.bcn.cat\/eljoncar2023\/wp-content\/uploads\/2023\/04\/230301_SessioContaminacio15-768x512.jpg 768w, https:\/\/blocsenresidencia.bcn.cat\/eljoncar2023\/wp-content\/uploads\/2023\/04\/230301_SessioContaminacio15-1536x1024.jpg 1536w, https:\/\/blocsenresidencia.bcn.cat\/eljoncar2023\/wp-content\/uploads\/2023\/04\/230301_SessioContaminacio15-2048x1365.jpg 2048w\" sizes=\"auto, (max-width: 767px) 89vw, (max-width: 1000px) 54vw, (max-width: 1071px) 543px, 580px\"><\/figure>\n<figure class=\"wp-block-image size-large\"><img decoding=\"async\" loading=\"lazy\" width=\"1024\" height=\"683\" src=\"https:\/\/blocsenresidencia.bcn.cat\/eljoncar2023\/wp-content\/uploads\/2023\/04\/230301_SessioContaminacio21-1024x683.jpg\" alt=\"\" class=\"wp-image-144\" srcset=\"https:\/\/blocsenresidencia.bcn.cat\/eljoncar2023\/wp-content\/uploads\/2023\/04\/230301_SessioContaminacio21-1024x683.jpg 1024w, https:\/\/blocsenresidencia.bcn.cat\/eljoncar2023\/wp-content\/uploads\/2023\/04\/230301_SessioContaminacio21-300x200.jpg 300w, https:\/\/blocsenresidencia.bcn.cat\/eljoncar2023\/wp-content\/uploads\/2023\/04\/230301_SessioContaminacio21-768x512.jpg 768w\" sizes=\"auto, (max-width: 767px) 89vw, (max-width: 1000px) 54vw, (max-width: 1071px) 543px, 580px\"><\/figure>\n<\/div>\n","protected":false},"excerpt":{"rendered":"<p>Des de Marta Bisbal EN RESiD\u00c8NCiA El dimecres 1 de mar\u00e7 vam compartir als docents del centre el proc\u00e9s que fins ara hav\u00edem fet amb l\u2019artista Marta Bisbal, les derives pel barri, la pla\u00e7a Prim, les trobades amb persones del barri\u2026 Tamb\u00e9 vam fer una pr\u00e0ctica que hav\u00edem fet en una de les primeres sessions, &hellip; <\/p>\n<p class=\"link-more\"><a href=\"https:\/\/blocsenresidencia.bcn.cat\/20222023\/2023\/04\/05\/sessio-contaminacio\/\" class=\"more-link\">Continua llegint <span class=\"screen-reader-text\">\u00abSessi\u00f3 contaminaci\u00f3\u00bb<\/span><\/a><\/p>\n","protected":false},"author":5,"featured_media":0,"comment_status":"closed","ping_status":"closed","sticky":false,"template":"","format":"standard","meta":{"footnotes":""},"categories":[1],"tags":[],"class_list":["post-326","post","type-post","status-publish","format-standard","hentry","category-general"],"_links":{"self":[{"href":"https:\/\/blocsenresidencia.bcn.cat\/20222023\/wp-json\/wp\/v2\/posts\/326","targetHints":{"allow":["GET"]}}],"collection":[{"href":"https:\/\/blocsenresidencia.bcn.cat\/20222023\/wp-json\/wp\/v2\/posts"}],"about":[{"href":"https:\/\/blocsenresidencia.bcn.cat\/20222023\/wp-json\/wp\/v2\/types\/post"}],"author":[{"embeddable":true,"href":"https:\/\/blocsenresidencia.bcn.cat\/20222023\/wp-json\/wp\/v2\/users\/5"}],"replies":[{"embeddable":true,"href":"https:\/\/blocsenresidencia.bcn.cat\/20222023\/wp-json\/wp\/v2\/comments?post=326"}],"version-history":[{"count":0,"href":"https:\/\/blocsenresidencia.bcn.cat\/20222023\/wp-json\/wp\/v2\/posts\/326\/revisions"}],"wp:attachment":[{"href":"https:\/\/blocsenresidencia.bcn.cat\/20222023\/wp-json\/wp\/v2\/media?parent=326"}],"wp:term":[{"taxonomy":"category","embeddable":true,"href":"https:\/\/blocsenresidencia.bcn.cat\/20222023\/wp-json\/wp\/v2\/categories?post=326"},{"taxonomy":"post_tag","embeddable":true,"href":"https:\/\/blocsenresidencia.bcn.cat\/20222023\/wp-json\/wp\/v2\/tags?post=326"}],"curies":[{"name":"wp","href":"https:\/\/api.w.org\/{rel}","templated":true}]}}