{"id":327,"date":"2023-04-05T14:15:20","date_gmt":"2023-04-05T12:15:20","guid":{"rendered":"https:\/\/blocsenresidencia.bcn.cat\/20222023\/2023\/04\/05\/coneixem-la-historia-del-barri-amb-els-voluntaris-de-larxiu-historic-de-poblenou\/"},"modified":"2023-04-05T14:15:20","modified_gmt":"2023-04-05T12:15:20","slug":"coneixem-la-historia-del-barri-amb-els-voluntaris-de-larxiu-historic-de-poblenou","status":"publish","type":"post","link":"https:\/\/blocsenresidencia.bcn.cat\/20222023\/2023\/04\/05\/coneixem-la-historia-del-barri-amb-els-voluntaris-de-larxiu-historic-de-poblenou\/","title":{"rendered":"Coneixem la hist\u00f2ria del barri amb els voluntaris de l\u2019Arxiu Hist\u00f2ric de Poblenou"},"content":{"rendered":"<p>Des de <a href=\"https:\/\/blocsenresidencia.bcn.cat\/eljoncar2023\/2023\/04\/05\/profunditzem-sobre-el-barri-amb-els-voluntaris-de-larxiu-historic-de-poblenou\/\">Marta Bisbal EN RESiD\u00c8NCiA<\/a><\/p>\n<div>\n<p>El passat dijous 30 de mar\u00e7, vam anar a visitar l\u2019Arxiu Hist\u00f2ric de Poblenou, on tres volunt\u00e0ris, en Ram\u00f3n, en Quique i en Rosendo ens van explicar com va n\u00e9ixer el barri, i com ha anat canviant fins avui dia. Vam quedar sorpresos com utilitzaven els mapes per veure el creixement del barri, com canviaven els camins, com la terra va guanyar terreny al mar\u2026 <\/p>\n<figure class=\"wp-block-image size-large is-resized\"><img loading=\"lazy\" decoding=\"async\" src=\"https:\/\/blocsenresidencia.bcn.cat\/eljoncar2023\/wp-content\/uploads\/2023\/04\/230330_Sortida_ArxiuPoblenou_01-1024x680.jpg\" alt=\"\" class=\"wp-image-151\" width=\"674\" height=\"447\" srcset=\"https:\/\/blocsenresidencia.bcn.cat\/eljoncar2023\/wp-content\/uploads\/2023\/04\/230330_Sortida_ArxiuPoblenou_01-1024x680.jpg 1024w, https:\/\/blocsenresidencia.bcn.cat\/eljoncar2023\/wp-content\/uploads\/2023\/04\/230330_Sortida_ArxiuPoblenou_01-300x199.jpg 300w, https:\/\/blocsenresidencia.bcn.cat\/eljoncar2023\/wp-content\/uploads\/2023\/04\/230330_Sortida_ArxiuPoblenou_01-768x510.jpg 768w, https:\/\/blocsenresidencia.bcn.cat\/eljoncar2023\/wp-content\/uploads\/2023\/04\/230330_Sortida_ArxiuPoblenou_01-1536x1021.jpg 1536w, https:\/\/blocsenresidencia.bcn.cat\/eljoncar2023\/wp-content\/uploads\/2023\/04\/230330_Sortida_ArxiuPoblenou_01-2048x1361.jpg 2048w\" sizes=\"auto, (max-width: 674px) 100vw, 674px\"><\/figure>\n<figure class=\"wp-block-gallery has-nested-images columns-default is-cropped wp-block-gallery-1 is-layout-flex\">\n<figure class=\"wp-block-image size-large\"><img decoding=\"async\" loading=\"lazy\" width=\"1024\" height=\"681\" data-id=\"159\" src=\"https:\/\/blocsenresidencia.bcn.cat\/eljoncar2023\/wp-content\/uploads\/2023\/04\/230330_Sortida_ArxiuPoblenou_02-1-1024x681.jpg\" alt=\"\" class=\"wp-image-159\" srcset=\"https:\/\/blocsenresidencia.bcn.cat\/eljoncar2023\/wp-content\/uploads\/2023\/04\/230330_Sortida_ArxiuPoblenou_02-1-1024x681.jpg 1024w, https:\/\/blocsenresidencia.bcn.cat\/eljoncar2023\/wp-content\/uploads\/2023\/04\/230330_Sortida_ArxiuPoblenou_02-1-300x199.jpg 300w, https:\/\/blocsenresidencia.bcn.cat\/eljoncar2023\/wp-content\/uploads\/2023\/04\/230330_Sortida_ArxiuPoblenou_02-1-768x510.jpg 768w, https:\/\/blocsenresidencia.bcn.cat\/eljoncar2023\/wp-content\/uploads\/2023\/04\/230330_Sortida_ArxiuPoblenou_02-1-1536x1021.jpg 1536w, https:\/\/blocsenresidencia.bcn.cat\/eljoncar2023\/wp-content\/uploads\/2023\/04\/230330_Sortida_ArxiuPoblenou_02-1-2048x1361.jpg 2048w\" sizes=\"auto, (max-width: 767px) 89vw, (max-width: 1000px) 54vw, (max-width: 1071px) 543px, 580px\"><\/figure>\n<figure class=\"wp-block-image size-large\"><img decoding=\"async\" loading=\"lazy\" width=\"1024\" height=\"680\" data-id=\"161\" src=\"https:\/\/blocsenresidencia.bcn.cat\/eljoncar2023\/wp-content\/uploads\/2023\/04\/230330_Sortida_ArxiuPoblenou_07-1-1024x680.jpg\" alt=\"\" class=\"wp-image-161\" srcset=\"https:\/\/blocsenresidencia.bcn.cat\/eljoncar2023\/wp-content\/uploads\/2023\/04\/230330_Sortida_ArxiuPoblenou_07-1-1024x680.jpg 1024w, https:\/\/blocsenresidencia.bcn.cat\/eljoncar2023\/wp-content\/uploads\/2023\/04\/230330_Sortida_ArxiuPoblenou_07-1-300x199.jpg 300w, https:\/\/blocsenresidencia.bcn.cat\/eljoncar2023\/wp-content\/uploads\/2023\/04\/230330_Sortida_ArxiuPoblenou_07-1-768x510.jpg 768w, https:\/\/blocsenresidencia.bcn.cat\/eljoncar2023\/wp-content\/uploads\/2023\/04\/230330_Sortida_ArxiuPoblenou_07-1-1536x1021.jpg 1536w, https:\/\/blocsenresidencia.bcn.cat\/eljoncar2023\/wp-content\/uploads\/2023\/04\/230330_Sortida_ArxiuPoblenou_07-1-2048x1361.jpg 2048w\" sizes=\"auto, (max-width: 767px) 89vw, (max-width: 1000px) 54vw, (max-width: 1071px) 543px, 580px\"><\/figure>\n<figure class=\"wp-block-image size-large\"><img decoding=\"async\" loading=\"lazy\" width=\"2560\" height=\"1701\" data-id=\"157\" src=\"https:\/\/blocsenresidencia.bcn.cat\/eljoncar2023\/wp-content\/uploads\/2023\/04\/230330_Sortida_ArxiuPoblenou_11-1-scaled.jpg\" alt=\"\" class=\"wp-image-157\"><\/figure>\n<figure class=\"wp-block-image size-large\"><img decoding=\"async\" loading=\"lazy\" width=\"1024\" height=\"681\" data-id=\"160\" src=\"https:\/\/blocsenresidencia.bcn.cat\/eljoncar2023\/wp-content\/uploads\/2023\/04\/230330_Sortida_ArxiuPoblenou_28-1-1024x681.jpg\" alt=\"\" class=\"wp-image-160\" srcset=\"https:\/\/blocsenresidencia.bcn.cat\/eljoncar2023\/wp-content\/uploads\/2023\/04\/230330_Sortida_ArxiuPoblenou_28-1-1024x681.jpg 1024w, https:\/\/blocsenresidencia.bcn.cat\/eljoncar2023\/wp-content\/uploads\/2023\/04\/230330_Sortida_ArxiuPoblenou_28-1-300x199.jpg 300w, https:\/\/blocsenresidencia.bcn.cat\/eljoncar2023\/wp-content\/uploads\/2023\/04\/230330_Sortida_ArxiuPoblenou_28-1-768x510.jpg 768w, https:\/\/blocsenresidencia.bcn.cat\/eljoncar2023\/wp-content\/uploads\/2023\/04\/230330_Sortida_ArxiuPoblenou_28-1-1536x1021.jpg 1536w, https:\/\/blocsenresidencia.bcn.cat\/eljoncar2023\/wp-content\/uploads\/2023\/04\/230330_Sortida_ArxiuPoblenou_28-1-2048x1361.jpg 2048w\" sizes=\"auto, (max-width: 767px) 89vw, (max-width: 1000px) 54vw, (max-width: 1071px) 543px, 580px\"><\/figure>\n<\/figure>\n<p>Despr\u00e9s de la sortida vam tornar a l\u2019aula i vam compartir totes les sensacions que ens havien generat les diferents descobertes fins al moment. Compartim amb  vosaltres una imatge de com va quedar la pissarra! <\/p>\n<figure class=\"wp-block-image size-large\"><img decoding=\"async\" loading=\"lazy\" width=\"1024\" height=\"410\" src=\"https:\/\/blocsenresidencia.bcn.cat\/eljoncar2023\/wp-content\/uploads\/2023\/04\/230330_Pissarra_ElJoncar_2-1024x410.jpeg\" alt=\"\" class=\"wp-image-162\" srcset=\"https:\/\/blocsenresidencia.bcn.cat\/eljoncar2023\/wp-content\/uploads\/2023\/04\/230330_Pissarra_ElJoncar_2-1024x410.jpeg 1024w, https:\/\/blocsenresidencia.bcn.cat\/eljoncar2023\/wp-content\/uploads\/2023\/04\/230330_Pissarra_ElJoncar_2-300x120.jpeg 300w, https:\/\/blocsenresidencia.bcn.cat\/eljoncar2023\/wp-content\/uploads\/2023\/04\/230330_Pissarra_ElJoncar_2-768x307.jpeg 768w, https:\/\/blocsenresidencia.bcn.cat\/eljoncar2023\/wp-content\/uploads\/2023\/04\/230330_Pissarra_ElJoncar_2.jpeg 1464w\" sizes=\"auto, (max-width: 767px) 89vw, (max-width: 1000px) 54vw, (max-width: 1071px) 543px, 580px\"><\/figure>\n<\/div>\n","protected":false},"excerpt":{"rendered":"<p>Des de Marta Bisbal EN RESiD\u00c8NCiA El passat dijous 30 de mar\u00e7, vam anar a visitar l\u2019Arxiu Hist\u00f2ric de Poblenou, on tres volunt\u00e0ris, en Ram\u00f3n, en Quique i en Rosendo ens van explicar com va n\u00e9ixer el barri, i com ha anat canviant fins avui dia. Vam quedar sorpresos com utilitzaven els mapes per veure &hellip; <\/p>\n<p class=\"link-more\"><a href=\"https:\/\/blocsenresidencia.bcn.cat\/20222023\/2023\/04\/05\/coneixem-la-historia-del-barri-amb-els-voluntaris-de-larxiu-historic-de-poblenou\/\" class=\"more-link\">Continua llegint <span class=\"screen-reader-text\">\u00abConeixem la hist\u00f2ria del barri amb els voluntaris de l\u2019Arxiu Hist\u00f2ric de Poblenou\u00bb<\/span><\/a><\/p>\n","protected":false},"author":5,"featured_media":0,"comment_status":"closed","ping_status":"closed","sticky":false,"template":"","format":"standard","meta":{"footnotes":""},"categories":[1],"tags":[],"class_list":["post-327","post","type-post","status-publish","format-standard","hentry","category-general"],"_links":{"self":[{"href":"https:\/\/blocsenresidencia.bcn.cat\/20222023\/wp-json\/wp\/v2\/posts\/327","targetHints":{"allow":["GET"]}}],"collection":[{"href":"https:\/\/blocsenresidencia.bcn.cat\/20222023\/wp-json\/wp\/v2\/posts"}],"about":[{"href":"https:\/\/blocsenresidencia.bcn.cat\/20222023\/wp-json\/wp\/v2\/types\/post"}],"author":[{"embeddable":true,"href":"https:\/\/blocsenresidencia.bcn.cat\/20222023\/wp-json\/wp\/v2\/users\/5"}],"replies":[{"embeddable":true,"href":"https:\/\/blocsenresidencia.bcn.cat\/20222023\/wp-json\/wp\/v2\/comments?post=327"}],"version-history":[{"count":0,"href":"https:\/\/blocsenresidencia.bcn.cat\/20222023\/wp-json\/wp\/v2\/posts\/327\/revisions"}],"wp:attachment":[{"href":"https:\/\/blocsenresidencia.bcn.cat\/20222023\/wp-json\/wp\/v2\/media?parent=327"}],"wp:term":[{"taxonomy":"category","embeddable":true,"href":"https:\/\/blocsenresidencia.bcn.cat\/20222023\/wp-json\/wp\/v2\/categories?post=327"},{"taxonomy":"post_tag","embeddable":true,"href":"https:\/\/blocsenresidencia.bcn.cat\/20222023\/wp-json\/wp\/v2\/tags?post=327"}],"curies":[{"name":"wp","href":"https:\/\/api.w.org\/{rel}","templated":true}]}}