{"id":330,"date":"2023-04-12T13:53:43","date_gmt":"2023-04-12T11:53:43","guid":{"rendered":"https:\/\/blocsenresidencia.bcn.cat\/20222023\/2023\/04\/12\/contaminacio\/"},"modified":"2023-04-12T13:53:43","modified_gmt":"2023-04-12T11:53:43","slug":"contaminacio","status":"publish","type":"post","link":"https:\/\/blocsenresidencia.bcn.cat\/20222023\/2023\/04\/12\/contaminacio\/","title":{"rendered":"Contaminaci\u00f3"},"content":{"rendered":"<p>Des de <a href=\"https:\/\/blocsenresidencia.bcn.cat\/vapordelfil2023\/2023\/04\/12\/contaminacio\/\">Estampa EN RESiD\u00c8NCiA<\/a><\/p>\n<div>\n<p><strong>Martina, Jes\u00fas, Noa i Abril<\/strong><\/p>\n<p>Ens vam dividir en 7 seccions.<\/p>\n<p>Aquest curs a En Residencia hem treballat diferents temes: <a href=\"https:\/\/blocsenresidencia.bcn.cat\/vapordelfil2023\/wp-admin\/post.php?post=309&amp;action=edit\">Fluoresc\u00e8ncia<\/a>. Com<a href=\"https:\/\/blocsenresidencia.bcn.cat\/vapordelfil2023\/wp-admin\/post.php?post=305&amp;action=edit\"> veuen els animals<\/a>, <a href=\"https:\/\/blocsenresidencia.bcn.cat\/vapordelfil2023\/wp-admin\/post.php?post=105&amp;action=edit\">Fabra i Coats\u00a0i les capes de la hist\u00f2ria<\/a>, <a href=\"https:\/\/blocsenresidencia.bcn.cat\/vapordelfil2023\/wp-admin\/post.php?post=204&amp;action=edit\">S\u00edntesi subtractiva<\/a>, <a href=\"https:\/\/blocsenresidencia.bcn.cat\/vapordelfil2023\/wp-admin\/post.php?post=48&amp;action=edit\">Cam\u00ed a casa i instruccions pict\u00f2riques<\/a>, <a href=\"https:\/\/blocsenresidencia.bcn.cat\/vapordelfil2023\/wp-admin\/post.php?post=223&amp;action=edit\">Llum i color<\/a>, <a href=\"https:\/\/blocsenresidencia.bcn.cat\/vapordelfil2023\/wp-admin\/post.php?post=195&amp;action=edit\">Cartografia<\/a>, <a href=\"https:\/\/blocsenresidencia.bcn.cat\/vapordelfil2023\/wp-admin\/post.php?post=99&amp;action=edit\">Cambra fosca<\/a>, <a href=\"https:\/\/blocsenresidencia.bcn.cat\/vapordelfil2023\/wp-admin\/post.php?post=46&amp;action=edit\">Comencem les llibretes, sobre qu\u00e8 investigarem amb Estampa?<\/a>, <a href=\"https:\/\/blocsenresidencia.bcn.cat\/vapordelfil2023\/wp-admin\/post.php?post=117&amp;action=edit\">Coneixem a Estampa, i ens presentem amb obres d\u2019art contemporani<\/a>. Qui<a href=\"https:\/\/blocsenresidencia.bcn.cat\/vapordelfil2023\/wp-admin\/post.php?post=49&amp;action=edit\"> som l\u2019alumnat d\u2019En Resid\u00e8ncia?<\/a> (Si cliqueu a sobre anireu a la p\u00e0gina del blog). Aquests temes els hem treballat a la contaminaci\u00f3.<\/p>\n<p> Vam comen\u00e7ar la contaminaci\u00f3 amb una presentaci\u00f3 d\u2019art contemporani  vam  escollir a algun voluntari i van agafar una imatge amb qu\u00e8 se sentia identificats. Quan van acabar vam pujar a la classe de primer A i vam fer una petita introducci\u00f3 sobre el que hi havia sota el pati de l\u2019institut despr\u00e9s van anar passant pels diferents racons.  Els professors van descobrir moltes coses com per exemple perqu\u00e8 es diu aix\u00ed la Fabra i Coats o perqu\u00e8 els pixels son  a les pantalles i a la vida real no. <\/p>\n<\/p>\n<figure class=\"wp-block-image size-large\"><img loading=\"lazy\" decoding=\"async\" width=\"1024\" height=\"768\" src=\"https:\/\/blocsenresidencia.bcn.cat\/vapordelfil2023\/wp-content\/uploads\/2023\/04\/20230301_162645-1024x768.jpg\" alt=\"\" class=\"wp-image-444\" srcset=\"https:\/\/blocsenresidencia.bcn.cat\/vapordelfil2023\/wp-content\/uploads\/2023\/04\/20230301_162645-1024x768.jpg 1024w, https:\/\/blocsenresidencia.bcn.cat\/vapordelfil2023\/wp-content\/uploads\/2023\/04\/20230301_162645-300x225.jpg 300w, https:\/\/blocsenresidencia.bcn.cat\/vapordelfil2023\/wp-content\/uploads\/2023\/04\/20230301_162645-768x576.jpg 768w, https:\/\/blocsenresidencia.bcn.cat\/vapordelfil2023\/wp-content\/uploads\/2023\/04\/20230301_162645-1536x1152.jpg 1536w, https:\/\/blocsenresidencia.bcn.cat\/vapordelfil2023\/wp-content\/uploads\/2023\/04\/20230301_162645-2048x1536.jpg 2048w\" sizes=\"auto, (max-width: 767px) 89vw, (max-width: 1000px) 54vw, (max-width: 1071px) 543px, 580px\"><\/figure>\n<p><a href=\"https:\/\/drive.google.com\/drive\/folders\/1grnnp5_2L2AdfF_FqDwbF9NS2hHQa3pl\">https:\/\/drive.google.com\/drive\/folders\/1grnnp5_2L2AdfFbF9NS2hHQa3pl<\/a><\/p>\n<\/div>\n","protected":false},"excerpt":{"rendered":"<p>Des de Estampa EN RESiD\u00c8NCiA Martina, Jes\u00fas, Noa i Abril Ens vam dividir en 7 seccions. Aquest curs a En Residencia hem treballat diferents temes: Fluoresc\u00e8ncia. Com veuen els animals, Fabra i Coats\u00a0i les capes de la hist\u00f2ria, S\u00edntesi subtractiva, Cam\u00ed a casa i instruccions pict\u00f2riques, Llum i color, Cartografia, Cambra fosca, Comencem les llibretes, &hellip; <\/p>\n<p class=\"link-more\"><a href=\"https:\/\/blocsenresidencia.bcn.cat\/20222023\/2023\/04\/12\/contaminacio\/\" class=\"more-link\">Continua llegint <span class=\"screen-reader-text\">\u00abContaminaci\u00f3\u00bb<\/span><\/a><\/p>\n","protected":false},"author":5,"featured_media":0,"comment_status":"closed","ping_status":"closed","sticky":false,"template":"","format":"standard","meta":{"footnotes":""},"categories":[1],"tags":[],"class_list":["post-330","post","type-post","status-publish","format-standard","hentry","category-general"],"_links":{"self":[{"href":"https:\/\/blocsenresidencia.bcn.cat\/20222023\/wp-json\/wp\/v2\/posts\/330","targetHints":{"allow":["GET"]}}],"collection":[{"href":"https:\/\/blocsenresidencia.bcn.cat\/20222023\/wp-json\/wp\/v2\/posts"}],"about":[{"href":"https:\/\/blocsenresidencia.bcn.cat\/20222023\/wp-json\/wp\/v2\/types\/post"}],"author":[{"embeddable":true,"href":"https:\/\/blocsenresidencia.bcn.cat\/20222023\/wp-json\/wp\/v2\/users\/5"}],"replies":[{"embeddable":true,"href":"https:\/\/blocsenresidencia.bcn.cat\/20222023\/wp-json\/wp\/v2\/comments?post=330"}],"version-history":[{"count":0,"href":"https:\/\/blocsenresidencia.bcn.cat\/20222023\/wp-json\/wp\/v2\/posts\/330\/revisions"}],"wp:attachment":[{"href":"https:\/\/blocsenresidencia.bcn.cat\/20222023\/wp-json\/wp\/v2\/media?parent=330"}],"wp:term":[{"taxonomy":"category","embeddable":true,"href":"https:\/\/blocsenresidencia.bcn.cat\/20222023\/wp-json\/wp\/v2\/categories?post=330"},{"taxonomy":"post_tag","embeddable":true,"href":"https:\/\/blocsenresidencia.bcn.cat\/20222023\/wp-json\/wp\/v2\/tags?post=330"}],"curies":[{"name":"wp","href":"https:\/\/api.w.org\/{rel}","templated":true}]}}