{"id":340,"date":"2023-04-18T17:27:01","date_gmt":"2023-04-18T15:27:01","guid":{"rendered":"https:\/\/blocsenresidencia.bcn.cat\/20222023\/2023\/04\/18\/construim-escenes-assaig-assaigassaig\/"},"modified":"2023-04-18T17:27:01","modified_gmt":"2023-04-18T15:27:01","slug":"construim-escenes-assaig-assaigassaig","status":"publish","type":"post","link":"https:\/\/blocsenresidencia.bcn.cat\/20222023\/2023\/04\/18\/construim-escenes-assaig-assaigassaig\/","title":{"rendered":"Constru\u00efm escenes: assaig+ assaig+assaig"},"content":{"rendered":"<p>Des de <a href=\"https:\/\/blocsenresidencia.bcn.cat\/salvadorespriu2023\/2023\/04\/18\/construim-escenes-assaig-assaigassaig\/\">Nus Teatre EN RESiD\u00c8NCiA<\/a><\/p>\n<div>\n<p>Despr\u00e9s de diverses setmanes, ja podem dir que segurament el grup de 4 d\u2019ESO tenen constru\u00efdes al voltant de 8 escenes diverses. Aquestes escenes sorgeixen de les improvisacions que hem anat fent, de temes i converses que hem tingut on hem estat perfilant i parlant sobre el tema principal de la pe\u00e7a de teatre: <strong>L\u2019adulcentrisme:<\/strong><\/p>\n<p>Tal com ens explica la<a href=\"https:\/\/ca.wikipedia.org\/wiki\/Adultocentrisme\" data-type=\"URL\" data-id=\"https:\/\/ca.wikipedia.org\/wiki\/Adultocentrisme\"> Wikipedia:<\/a><\/p>\n<p>La paraula adultocentrisme fa refer\u00e8ncia a l\u2019exist\u00e8ncia d\u2019un tipus hegemonia, una relaci\u00f3 social asim\u00e8trica entre les persones adultes, que ostenten el poder i s\u00f3n el model de refer\u00e8ncia per a la visi\u00f3 del m\u00f3n, i altres persones, generalment nenes, nens, adolescents, joves i persones grans.<\/p>\n<p>\u00c9s dir parlem d\u2019una mirada cap al nostre m\u00f3n que \u00e9s constru\u00efda, social i disposa una forma de relaci\u00f3 de poder, on sovent els i les infants o persones grans no s\u00f3n la refer\u00e8ncia a l\u2019hora de pensar, actuar o relacionar-nos, on les persones adultes s\u00f3n un model acabat, perfecte i al qual aspirar, que dictamina tot ordre social i les formes de relacionar-nos, a m\u00e9s a m\u00e9s de les pol\u00edtiques p\u00fabliques.<\/p>\n<p>Davant d\u2019aquest tema, tindrem una pe\u00e7a amb escenes sobre la fam\u00edlia, les relacions entre les persones joves, com es viu des del professorat, com \u00e9s la veu i l\u2019opini\u00f3 dels grups de joves, com es tracten entre elles, i altres temes.<\/p>\n<figure class=\"wp-block-gallery has-nested-images columns-default is-cropped wp-block-gallery-1 is-layout-flex\">\n<figure class=\"wp-block-image size-large\"><img loading=\"lazy\" decoding=\"async\" width=\"1024\" height=\"462\" data-id=\"87\" src=\"https:\/\/blocsenresidencia.bcn.cat\/salvadorespriu2023\/wp-content\/uploads\/2023\/04\/WhatsApp-Image-2023-04-18-at-16.09.59-1024x462.jpeg\" alt=\"\" class=\"wp-image-87\" srcset=\"https:\/\/blocsenresidencia.bcn.cat\/salvadorespriu2023\/wp-content\/uploads\/2023\/04\/WhatsApp-Image-2023-04-18-at-16.09.59-1024x462.jpeg 1024w, https:\/\/blocsenresidencia.bcn.cat\/salvadorespriu2023\/wp-content\/uploads\/2023\/04\/WhatsApp-Image-2023-04-18-at-16.09.59-300x135.jpeg 300w, https:\/\/blocsenresidencia.bcn.cat\/salvadorespriu2023\/wp-content\/uploads\/2023\/04\/WhatsApp-Image-2023-04-18-at-16.09.59-768x346.jpeg 768w, https:\/\/blocsenresidencia.bcn.cat\/salvadorespriu2023\/wp-content\/uploads\/2023\/04\/WhatsApp-Image-2023-04-18-at-16.09.59-1536x692.jpeg 1536w, https:\/\/blocsenresidencia.bcn.cat\/salvadorespriu2023\/wp-content\/uploads\/2023\/04\/WhatsApp-Image-2023-04-18-at-16.09.59.jpeg 2048w\" sizes=\"auto, (max-width: 767px) 89vw, (max-width: 1000px) 54vw, (max-width: 1071px) 543px, 580px\"><\/figure>\n<figure class=\"wp-block-image size-large\"><img decoding=\"async\" loading=\"lazy\" width=\"1024\" height=\"462\" data-id=\"89\" src=\"https:\/\/blocsenresidencia.bcn.cat\/salvadorespriu2023\/wp-content\/uploads\/2023\/04\/WhatsApp-Image-2023-04-18-at-16.09.58-1024x462.jpeg\" alt=\"\" class=\"wp-image-89\" srcset=\"https:\/\/blocsenresidencia.bcn.cat\/salvadorespriu2023\/wp-content\/uploads\/2023\/04\/WhatsApp-Image-2023-04-18-at-16.09.58-1024x462.jpeg 1024w, https:\/\/blocsenresidencia.bcn.cat\/salvadorespriu2023\/wp-content\/uploads\/2023\/04\/WhatsApp-Image-2023-04-18-at-16.09.58-300x135.jpeg 300w, https:\/\/blocsenresidencia.bcn.cat\/salvadorespriu2023\/wp-content\/uploads\/2023\/04\/WhatsApp-Image-2023-04-18-at-16.09.58-768x346.jpeg 768w, https:\/\/blocsenresidencia.bcn.cat\/salvadorespriu2023\/wp-content\/uploads\/2023\/04\/WhatsApp-Image-2023-04-18-at-16.09.58-1536x692.jpeg 1536w, https:\/\/blocsenresidencia.bcn.cat\/salvadorespriu2023\/wp-content\/uploads\/2023\/04\/WhatsApp-Image-2023-04-18-at-16.09.58.jpeg 2048w\" sizes=\"auto, (max-width: 767px) 89vw, (max-width: 1000px) 54vw, (max-width: 1071px) 543px, 580px\"><\/figure>\n<figure class=\"wp-block-image size-large\"><img decoding=\"async\" loading=\"lazy\" width=\"1024\" height=\"462\" data-id=\"88\" src=\"https:\/\/blocsenresidencia.bcn.cat\/salvadorespriu2023\/wp-content\/uploads\/2023\/04\/WhatsApp-Image-2023-04-18-at-16.09.57-1024x462.jpeg\" alt=\"\" class=\"wp-image-88\" srcset=\"https:\/\/blocsenresidencia.bcn.cat\/salvadorespriu2023\/wp-content\/uploads\/2023\/04\/WhatsApp-Image-2023-04-18-at-16.09.57-1024x462.jpeg 1024w, https:\/\/blocsenresidencia.bcn.cat\/salvadorespriu2023\/wp-content\/uploads\/2023\/04\/WhatsApp-Image-2023-04-18-at-16.09.57-300x135.jpeg 300w, https:\/\/blocsenresidencia.bcn.cat\/salvadorespriu2023\/wp-content\/uploads\/2023\/04\/WhatsApp-Image-2023-04-18-at-16.09.57-768x346.jpeg 768w, https:\/\/blocsenresidencia.bcn.cat\/salvadorespriu2023\/wp-content\/uploads\/2023\/04\/WhatsApp-Image-2023-04-18-at-16.09.57-1536x692.jpeg 1536w, https:\/\/blocsenresidencia.bcn.cat\/salvadorespriu2023\/wp-content\/uploads\/2023\/04\/WhatsApp-Image-2023-04-18-at-16.09.57.jpeg 2048w\" sizes=\"auto, (max-width: 767px) 89vw, (max-width: 1000px) 54vw, (max-width: 1071px) 543px, 580px\"><\/figure>\n<\/figure>\n<p>Hem estat treballant en grups petits per anar assetjant les diverses escenes, amb suport de dramaturgues per fer el text m\u00e9s lleuger, i tamb\u00e9 amb les correccions que hem anat introduint finalment fruit d\u2019escenificar i portar els textos al marc de l\u2019actualitat (ens hem adonat que som una mica boomers!). La direcci\u00f3 esc\u00e8nica va a c\u00e0rrec de Nus, que est\u00e0 posant \u00e8mfasis en construir una pe\u00e7a org\u00e0nica amb les diverses escenes, que siguin viables de presentar, no molt llargues  i amb especial cura del tr\u00e0nsit entre escenes senzill.<\/p>\n<\/p>\n<p>Finalment, farem dues passes en la Farinera de Clot, una de mat\u00ed per l\u2019institut i un altre per p\u00fablics general, ja us anirem informant.<\/p>\n<\/p>\n<\/p>\n<\/p>\n<\/div>\n","protected":false},"excerpt":{"rendered":"<p>Des de Nus Teatre EN RESiD\u00c8NCiA Despr\u00e9s de diverses setmanes, ja podem dir que segurament el grup de 4 d\u2019ESO tenen constru\u00efdes al voltant de 8 escenes diverses. Aquestes escenes sorgeixen de les improvisacions que hem anat fent, de temes i converses que hem tingut on hem estat perfilant i parlant sobre el tema principal &hellip; <\/p>\n<p class=\"link-more\"><a href=\"https:\/\/blocsenresidencia.bcn.cat\/20222023\/2023\/04\/18\/construim-escenes-assaig-assaigassaig\/\" class=\"more-link\">Continua llegint <span class=\"screen-reader-text\">\u00abConstru\u00efm escenes: assaig+ assaig+assaig\u00bb<\/span><\/a><\/p>\n","protected":false},"author":5,"featured_media":0,"comment_status":"closed","ping_status":"closed","sticky":false,"template":"","format":"standard","meta":{"footnotes":""},"categories":[1],"tags":[],"class_list":["post-340","post","type-post","status-publish","format-standard","hentry","category-general"],"_links":{"self":[{"href":"https:\/\/blocsenresidencia.bcn.cat\/20222023\/wp-json\/wp\/v2\/posts\/340","targetHints":{"allow":["GET"]}}],"collection":[{"href":"https:\/\/blocsenresidencia.bcn.cat\/20222023\/wp-json\/wp\/v2\/posts"}],"about":[{"href":"https:\/\/blocsenresidencia.bcn.cat\/20222023\/wp-json\/wp\/v2\/types\/post"}],"author":[{"embeddable":true,"href":"https:\/\/blocsenresidencia.bcn.cat\/20222023\/wp-json\/wp\/v2\/users\/5"}],"replies":[{"embeddable":true,"href":"https:\/\/blocsenresidencia.bcn.cat\/20222023\/wp-json\/wp\/v2\/comments?post=340"}],"version-history":[{"count":0,"href":"https:\/\/blocsenresidencia.bcn.cat\/20222023\/wp-json\/wp\/v2\/posts\/340\/revisions"}],"wp:attachment":[{"href":"https:\/\/blocsenresidencia.bcn.cat\/20222023\/wp-json\/wp\/v2\/media?parent=340"}],"wp:term":[{"taxonomy":"category","embeddable":true,"href":"https:\/\/blocsenresidencia.bcn.cat\/20222023\/wp-json\/wp\/v2\/categories?post=340"},{"taxonomy":"post_tag","embeddable":true,"href":"https:\/\/blocsenresidencia.bcn.cat\/20222023\/wp-json\/wp\/v2\/tags?post=340"}],"curies":[{"name":"wp","href":"https:\/\/api.w.org\/{rel}","templated":true}]}}