{"id":348,"date":"2023-05-05T12:36:22","date_gmt":"2023-05-05T10:36:22","guid":{"rendered":"https:\/\/blocsenresidencia.bcn.cat\/20222023\/2023\/05\/05\/deriva-creacio-collectiva-i-emergencia-climatica\/"},"modified":"2023-05-05T12:36:22","modified_gmt":"2023-05-05T10:36:22","slug":"deriva-creacio-collectiva-i-emergencia-climatica","status":"publish","type":"post","link":"https:\/\/blocsenresidencia.bcn.cat\/20222023\/2023\/05\/05\/deriva-creacio-collectiva-i-emergencia-climatica\/","title":{"rendered":"Deriva, Creaci\u00f3 col\u00b7lectiva i Emerg\u00e8ncia clim\u00e0tica"},"content":{"rendered":"<p>Des de <a href=\"https:\/\/blocsenresidencia.bcn.cat\/conselldecent2023\/2023\/05\/05\/deriva-creacio-collectiva-i-emergencia-climatica\/\">Oriana Eli\u00e7abe EN RESiD\u00c8NCiA<\/a><\/p>\n<div>\n<figure class=\"wp-block-image size-large\"><img loading=\"lazy\" decoding=\"async\" width=\"1024\" height=\"768\" src=\"https:\/\/blocsenresidencia.bcn.cat\/conselldecent2023\/wp-content\/uploads\/2023\/05\/1-1024x768.jpg\" alt=\"\" class=\"wp-image-155\" srcset=\"https:\/\/blocsenresidencia.bcn.cat\/conselldecent2023\/wp-content\/uploads\/2023\/05\/1-1024x768.jpg 1024w, https:\/\/blocsenresidencia.bcn.cat\/conselldecent2023\/wp-content\/uploads\/2023\/05\/1-300x225.jpg 300w, https:\/\/blocsenresidencia.bcn.cat\/conselldecent2023\/wp-content\/uploads\/2023\/05\/1-768x576.jpg 768w, https:\/\/blocsenresidencia.bcn.cat\/conselldecent2023\/wp-content\/uploads\/2023\/05\/1.jpg 1280w\" sizes=\"auto, (max-width: 767px) 89vw, (max-width: 1000px) 54vw, (max-width: 1071px) 543px, 580px\"><\/figure>\n<p>Entre el dins i el fora de l\u2019institut, amb la pr\u00e0ctica de la deriva hem estat capa\u00e7os d\u2019entendre algunes de les relacions de la ciutat, del barri on vivim en la seva complexitat social i ambiental. Com comenta la Majo (docent) \u201c\u2026una caminada\u00a0sense objectiu determinat, per descobrir llocs i valorar-los segons les emocions que ens desperten\u2026 hem anat caminant per zones del barri de Poble-Sec i Raval per fixar-nos en els espais comuns des d\u2019una mirada diferent. Trencant la rutina dels recorreguts habituals, descobrim llocs que puguin inspirar-nos, que despertin les ganes de canvi i lluita\u2026\u201d. <a rel=\"noreferrer noopener\" href=\"https:\/\/agora.xtec.cat\/iesconselldecent\/general\/projecte-en-residencia\/\" target=\"_blank\">https:\/\/agora.xtec.cat\/iesconselldecent\/general\/projecte-en-residencia\/<\/a><\/p>\n<figure class=\"wp-block-image size-large\"><img decoding=\"async\" loading=\"lazy\" width=\"1024\" height=\"768\" src=\"https:\/\/blocsenresidencia.bcn.cat\/conselldecent2023\/wp-content\/uploads\/2023\/05\/0-1024x768.jpg\" alt=\"\" class=\"wp-image-157\" srcset=\"https:\/\/blocsenresidencia.bcn.cat\/conselldecent2023\/wp-content\/uploads\/2023\/05\/0-1024x768.jpg 1024w, https:\/\/blocsenresidencia.bcn.cat\/conselldecent2023\/wp-content\/uploads\/2023\/05\/0-300x225.jpg 300w, https:\/\/blocsenresidencia.bcn.cat\/conselldecent2023\/wp-content\/uploads\/2023\/05\/0-768x576.jpg 768w, https:\/\/blocsenresidencia.bcn.cat\/conselldecent2023\/wp-content\/uploads\/2023\/05\/0-1536x1152.jpg 1536w, https:\/\/blocsenresidencia.bcn.cat\/conselldecent2023\/wp-content\/uploads\/2023\/05\/0-2048x1536.jpg 2048w\" sizes=\"auto, (max-width: 767px) 89vw, (max-width: 1000px) 54vw, (max-width: 1071px) 543px, 580px\"><\/figure>\n<figure class=\"wp-block-gallery has-nested-images columns-default is-cropped wp-block-gallery-1 is-layout-flex\">\n<figure class=\"wp-block-image size-large\"><img decoding=\"async\" loading=\"lazy\" width=\"1024\" height=\"768\" data-id=\"162\" src=\"https:\/\/blocsenresidencia.bcn.cat\/conselldecent2023\/wp-content\/uploads\/2023\/05\/2-1-1024x768.jpg\" alt=\"\" class=\"wp-image-162\" srcset=\"https:\/\/blocsenresidencia.bcn.cat\/conselldecent2023\/wp-content\/uploads\/2023\/05\/2-1-1024x768.jpg 1024w, https:\/\/blocsenresidencia.bcn.cat\/conselldecent2023\/wp-content\/uploads\/2023\/05\/2-1-300x225.jpg 300w, https:\/\/blocsenresidencia.bcn.cat\/conselldecent2023\/wp-content\/uploads\/2023\/05\/2-1-768x576.jpg 768w, https:\/\/blocsenresidencia.bcn.cat\/conselldecent2023\/wp-content\/uploads\/2023\/05\/2-1-1536x1152.jpg 1536w, https:\/\/blocsenresidencia.bcn.cat\/conselldecent2023\/wp-content\/uploads\/2023\/05\/2-1-2048x1536.jpg 2048w\" sizes=\"auto, (max-width: 767px) 89vw, (max-width: 1000px) 54vw, (max-width: 1071px) 543px, 580px\"><\/figure>\n<figure class=\"wp-block-image size-large\"><img decoding=\"async\" loading=\"lazy\" width=\"768\" height=\"1024\" data-id=\"163\" src=\"https:\/\/blocsenresidencia.bcn.cat\/conselldecent2023\/wp-content\/uploads\/2023\/05\/3-1-768x1024.jpg\" alt=\"\" class=\"wp-image-163\" srcset=\"https:\/\/blocsenresidencia.bcn.cat\/conselldecent2023\/wp-content\/uploads\/2023\/05\/3-1-768x1024.jpg 768w, https:\/\/blocsenresidencia.bcn.cat\/conselldecent2023\/wp-content\/uploads\/2023\/05\/3-1-225x300.jpg 225w, https:\/\/blocsenresidencia.bcn.cat\/conselldecent2023\/wp-content\/uploads\/2023\/05\/3-1-1152x1536.jpg 1152w, https:\/\/blocsenresidencia.bcn.cat\/conselldecent2023\/wp-content\/uploads\/2023\/05\/3-1-1536x2048.jpg 1536w, https:\/\/blocsenresidencia.bcn.cat\/conselldecent2023\/wp-content\/uploads\/2023\/05\/3-1-scaled.jpg 1920w\" sizes=\"auto, (max-width: 767px) 89vw, (max-width: 1000px) 54vw, (max-width: 1071px) 543px, 580px\"><\/figure>\n<\/figure>\n<p>Despr\u00e8s d\u2019aquesta exploraci\u00f3, per grups hem decidit uns espais dels Jardins de les Tres Xemeneies, que estem intervenint i transformant mitjan\u00e7ant diverses pr\u00e0ctiques art\u00edstiques com la fotografia, la instal\u00b7laci\u00f3, la il\u00b7lustraci\u00f3 i el disseny, amb la intenci\u00f3 de resignificarar-los des de les mirades de joves que habitem aquests llocs i que no responen a les nostres necessitats.<\/p>\n<figure class=\"wp-block-image size-large\"><img decoding=\"async\" loading=\"lazy\" width=\"1024\" height=\"768\" src=\"https:\/\/blocsenresidencia.bcn.cat\/conselldecent2023\/wp-content\/uploads\/2023\/05\/4.0-1024x768.jpg\" alt=\"\" class=\"wp-image-161\" srcset=\"https:\/\/blocsenresidencia.bcn.cat\/conselldecent2023\/wp-content\/uploads\/2023\/05\/4.0-1024x768.jpg 1024w, https:\/\/blocsenresidencia.bcn.cat\/conselldecent2023\/wp-content\/uploads\/2023\/05\/4.0-300x225.jpg 300w, https:\/\/blocsenresidencia.bcn.cat\/conselldecent2023\/wp-content\/uploads\/2023\/05\/4.0-768x576.jpg 768w, https:\/\/blocsenresidencia.bcn.cat\/conselldecent2023\/wp-content\/uploads\/2023\/05\/4.0-1536x1152.jpg 1536w, https:\/\/blocsenresidencia.bcn.cat\/conselldecent2023\/wp-content\/uploads\/2023\/05\/4.0-2048x1536.jpg 2048w\" sizes=\"auto, (max-width: 767px) 89vw, (max-width: 1000px) 54vw, (max-width: 1071px) 543px, 580px\"><\/figure>\n<figure class=\"wp-block-gallery has-nested-images columns-default is-cropped wp-block-gallery-3 is-layout-flex\">\n<figure class=\"wp-block-image size-large\"><img decoding=\"async\" loading=\"lazy\" width=\"1024\" height=\"768\" data-id=\"171\" src=\"https:\/\/blocsenresidencia.bcn.cat\/conselldecent2023\/wp-content\/uploads\/2023\/05\/7-1024x768.jpg\" alt=\"\" class=\"wp-image-171\" srcset=\"https:\/\/blocsenresidencia.bcn.cat\/conselldecent2023\/wp-content\/uploads\/2023\/05\/7-1024x768.jpg 1024w, https:\/\/blocsenresidencia.bcn.cat\/conselldecent2023\/wp-content\/uploads\/2023\/05\/7-300x225.jpg 300w, https:\/\/blocsenresidencia.bcn.cat\/conselldecent2023\/wp-content\/uploads\/2023\/05\/7-768x576.jpg 768w, https:\/\/blocsenresidencia.bcn.cat\/conselldecent2023\/wp-content\/uploads\/2023\/05\/7-1536x1152.jpg 1536w, https:\/\/blocsenresidencia.bcn.cat\/conselldecent2023\/wp-content\/uploads\/2023\/05\/7-2048x1536.jpg 2048w\" sizes=\"auto, (max-width: 767px) 89vw, (max-width: 1000px) 54vw, (max-width: 1071px) 543px, 580px\"><\/figure>\n<figure class=\"wp-block-image size-large\"><img decoding=\"async\" loading=\"lazy\" width=\"1024\" height=\"768\" data-id=\"172\" src=\"https:\/\/blocsenresidencia.bcn.cat\/conselldecent2023\/wp-content\/uploads\/2023\/05\/8-1024x768.jpg\" alt=\"\" class=\"wp-image-172\" srcset=\"https:\/\/blocsenresidencia.bcn.cat\/conselldecent2023\/wp-content\/uploads\/2023\/05\/8-1024x768.jpg 1024w, https:\/\/blocsenresidencia.bcn.cat\/conselldecent2023\/wp-content\/uploads\/2023\/05\/8-300x225.jpg 300w, https:\/\/blocsenresidencia.bcn.cat\/conselldecent2023\/wp-content\/uploads\/2023\/05\/8-768x576.jpg 768w, https:\/\/blocsenresidencia.bcn.cat\/conselldecent2023\/wp-content\/uploads\/2023\/05\/8-1536x1152.jpg 1536w, https:\/\/blocsenresidencia.bcn.cat\/conselldecent2023\/wp-content\/uploads\/2023\/05\/8-2048x1536.jpg 2048w\" sizes=\"auto, (max-width: 767px) 89vw, (max-width: 1000px) 54vw, (max-width: 1071px) 543px, 580px\"><\/figure>\n<\/figure>\n<figure class=\"wp-block-gallery has-nested-images columns-default is-cropped wp-block-gallery-5 is-layout-flex\">\n<figure class=\"wp-block-image size-large\"><img decoding=\"async\" loading=\"lazy\" width=\"1024\" height=\"768\" data-id=\"166\" src=\"https:\/\/blocsenresidencia.bcn.cat\/conselldecent2023\/wp-content\/uploads\/2023\/05\/4.1-1024x768.jpg\" alt=\"\" class=\"wp-image-166\" srcset=\"https:\/\/blocsenresidencia.bcn.cat\/conselldecent2023\/wp-content\/uploads\/2023\/05\/4.1-1024x768.jpg 1024w, https:\/\/blocsenresidencia.bcn.cat\/conselldecent2023\/wp-content\/uploads\/2023\/05\/4.1-300x225.jpg 300w, https:\/\/blocsenresidencia.bcn.cat\/conselldecent2023\/wp-content\/uploads\/2023\/05\/4.1-768x576.jpg 768w, https:\/\/blocsenresidencia.bcn.cat\/conselldecent2023\/wp-content\/uploads\/2023\/05\/4.1-1536x1152.jpg 1536w, https:\/\/blocsenresidencia.bcn.cat\/conselldecent2023\/wp-content\/uploads\/2023\/05\/4.1-2048x1536.jpg 2048w\" sizes=\"auto, (max-width: 767px) 89vw, (max-width: 1000px) 54vw, (max-width: 1071px) 543px, 580px\"><\/figure>\n<figure class=\"wp-block-image size-large\"><img decoding=\"async\" loading=\"lazy\" width=\"1024\" height=\"768\" data-id=\"174\" src=\"https:\/\/blocsenresidencia.bcn.cat\/conselldecent2023\/wp-content\/uploads\/2023\/05\/4.4-1024x768.jpg\" alt=\"\" class=\"wp-image-174\" srcset=\"https:\/\/blocsenresidencia.bcn.cat\/conselldecent2023\/wp-content\/uploads\/2023\/05\/4.4-1024x768.jpg 1024w, https:\/\/blocsenresidencia.bcn.cat\/conselldecent2023\/wp-content\/uploads\/2023\/05\/4.4-300x225.jpg 300w, https:\/\/blocsenresidencia.bcn.cat\/conselldecent2023\/wp-content\/uploads\/2023\/05\/4.4-768x576.jpg 768w, https:\/\/blocsenresidencia.bcn.cat\/conselldecent2023\/wp-content\/uploads\/2023\/05\/4.4-1536x1152.jpg 1536w, https:\/\/blocsenresidencia.bcn.cat\/conselldecent2023\/wp-content\/uploads\/2023\/05\/4.4-2048x1536.jpg 2048w\" sizes=\"auto, (max-width: 767px) 89vw, (max-width: 1000px) 54vw, (max-width: 1071px) 543px, 580px\"><\/figure>\n<\/figure>\n<figure class=\"wp-block-gallery has-nested-images columns-default is-cropped wp-block-gallery-7 is-layout-flex\">\n<figure class=\"wp-block-image size-large\"><img decoding=\"async\" loading=\"lazy\" width=\"1024\" height=\"768\" data-id=\"170\" src=\"https:\/\/blocsenresidencia.bcn.cat\/conselldecent2023\/wp-content\/uploads\/2023\/05\/5-1-1024x768.jpg\" alt=\"\" class=\"wp-image-170\" srcset=\"https:\/\/blocsenresidencia.bcn.cat\/conselldecent2023\/wp-content\/uploads\/2023\/05\/5-1-1024x768.jpg 1024w, https:\/\/blocsenresidencia.bcn.cat\/conselldecent2023\/wp-content\/uploads\/2023\/05\/5-1-300x225.jpg 300w, https:\/\/blocsenresidencia.bcn.cat\/conselldecent2023\/wp-content\/uploads\/2023\/05\/5-1-768x576.jpg 768w, https:\/\/blocsenresidencia.bcn.cat\/conselldecent2023\/wp-content\/uploads\/2023\/05\/5-1-1536x1152.jpg 1536w, https:\/\/blocsenresidencia.bcn.cat\/conselldecent2023\/wp-content\/uploads\/2023\/05\/5-1-2048x1536.jpg 2048w\" sizes=\"auto, (max-width: 767px) 89vw, (max-width: 1000px) 54vw, (max-width: 1071px) 543px, 580px\"><\/figure>\n<figure class=\"wp-block-image size-large\"><img decoding=\"async\" loading=\"lazy\" width=\"1024\" height=\"768\" data-id=\"169\" src=\"https:\/\/blocsenresidencia.bcn.cat\/conselldecent2023\/wp-content\/uploads\/2023\/05\/IMG_20230412_140822_1-1024x768.jpg\" alt=\"\" class=\"wp-image-169\" srcset=\"https:\/\/blocsenresidencia.bcn.cat\/conselldecent2023\/wp-content\/uploads\/2023\/05\/IMG_20230412_140822_1-1024x768.jpg 1024w, https:\/\/blocsenresidencia.bcn.cat\/conselldecent2023\/wp-content\/uploads\/2023\/05\/IMG_20230412_140822_1-300x225.jpg 300w, https:\/\/blocsenresidencia.bcn.cat\/conselldecent2023\/wp-content\/uploads\/2023\/05\/IMG_20230412_140822_1-768x576.jpg 768w, https:\/\/blocsenresidencia.bcn.cat\/conselldecent2023\/wp-content\/uploads\/2023\/05\/IMG_20230412_140822_1-1536x1152.jpg 1536w, https:\/\/blocsenresidencia.bcn.cat\/conselldecent2023\/wp-content\/uploads\/2023\/05\/IMG_20230412_140822_1-2048x1536.jpg 2048w\" sizes=\"auto, (max-width: 767px) 89vw, (max-width: 1000px) 54vw, (max-width: 1071px) 543px, 580px\"><\/figure>\n<\/figure>\n<p>En el context actual d\u2019emerg\u00e8ncia clim\u00e0tica en el qual s\u2019emmarquen les nostres accions, volem convidar a la reflexi\u00f3 ciutadana entorn a l\u2019espai i el moment que estem vivint, apostant per un art i un barri que escolti la vida.<\/p>\n<\/div>\n","protected":false},"excerpt":{"rendered":"<p>Des de Oriana Eli\u00e7abe EN RESiD\u00c8NCiA Entre el dins i el fora de l\u2019institut, amb la pr\u00e0ctica de la deriva hem estat capa\u00e7os d\u2019entendre algunes de les relacions de la ciutat, del barri on vivim en la seva complexitat social i ambiental. Com comenta la Majo (docent) \u201c\u2026una caminada\u00a0sense objectiu determinat, per descobrir llocs i &hellip; <\/p>\n<p class=\"link-more\"><a href=\"https:\/\/blocsenresidencia.bcn.cat\/20222023\/2023\/05\/05\/deriva-creacio-collectiva-i-emergencia-climatica\/\" class=\"more-link\">Continua llegint <span class=\"screen-reader-text\">\u00abDeriva, Creaci\u00f3 col\u00b7lectiva i Emerg\u00e8ncia clim\u00e0tica\u00bb<\/span><\/a><\/p>\n","protected":false},"author":5,"featured_media":0,"comment_status":"closed","ping_status":"closed","sticky":false,"template":"","format":"standard","meta":{"footnotes":""},"categories":[1],"tags":[],"class_list":["post-348","post","type-post","status-publish","format-standard","hentry","category-general"],"_links":{"self":[{"href":"https:\/\/blocsenresidencia.bcn.cat\/20222023\/wp-json\/wp\/v2\/posts\/348","targetHints":{"allow":["GET"]}}],"collection":[{"href":"https:\/\/blocsenresidencia.bcn.cat\/20222023\/wp-json\/wp\/v2\/posts"}],"about":[{"href":"https:\/\/blocsenresidencia.bcn.cat\/20222023\/wp-json\/wp\/v2\/types\/post"}],"author":[{"embeddable":true,"href":"https:\/\/blocsenresidencia.bcn.cat\/20222023\/wp-json\/wp\/v2\/users\/5"}],"replies":[{"embeddable":true,"href":"https:\/\/blocsenresidencia.bcn.cat\/20222023\/wp-json\/wp\/v2\/comments?post=348"}],"version-history":[{"count":0,"href":"https:\/\/blocsenresidencia.bcn.cat\/20222023\/wp-json\/wp\/v2\/posts\/348\/revisions"}],"wp:attachment":[{"href":"https:\/\/blocsenresidencia.bcn.cat\/20222023\/wp-json\/wp\/v2\/media?parent=348"}],"wp:term":[{"taxonomy":"category","embeddable":true,"href":"https:\/\/blocsenresidencia.bcn.cat\/20222023\/wp-json\/wp\/v2\/categories?post=348"},{"taxonomy":"post_tag","embeddable":true,"href":"https:\/\/blocsenresidencia.bcn.cat\/20222023\/wp-json\/wp\/v2\/tags?post=348"}],"curies":[{"name":"wp","href":"https:\/\/api.w.org\/{rel}","templated":true}]}}