{"id":353,"date":"2023-05-10T15:53:45","date_gmt":"2023-05-10T13:53:45","guid":{"rendered":"https:\/\/blocsenresidencia.bcn.cat\/20222023\/2023\/05\/10\/recorregut-urba-urban-sketching\/"},"modified":"2023-05-10T15:53:45","modified_gmt":"2023-05-10T13:53:45","slug":"recorregut-urba-urban-sketching","status":"publish","type":"post","link":"https:\/\/blocsenresidencia.bcn.cat\/20222023\/2023\/05\/10\/recorregut-urba-urban-sketching\/","title":{"rendered":"Recorregut urb\u00e0 + urban sketching."},"content":{"rendered":"<p>Des de <a href=\"https:\/\/blocsenresidencia.bcn.cat\/montjuic2023\/2023\/05\/10\/recorregut-urba-urban-sketching\/\">El globus vermell EN RESiD\u00c8NCiA<\/a><\/p>\n<div>\n<p>Em recoregut la part nord del barri i an\u00e0ven als lloc i teniem que dibuixar i explicar cada lloc al que anabem, cadascun dels alumnes som experts en un edifici hist\u00f2ric del barri  i llavors davant de l\u2019edifici explicava sobre ell i nosaltres escolt\u00e0vem i despr\u00e9s f\u00e8iem un dibuix.<\/p>\n<figure class=\"wp-block-gallery has-nested-images columns-default is-cropped wp-block-gallery-1 is-layout-flex\">\n<figure class=\"wp-block-image size-large\"><img decoding=\"async\" loading=\"lazy\" width=\"768\" height=\"1024\" data-id=\"205\" src=\"https:\/\/blocsenresidencia.bcn.cat\/montjuic2023\/wp-content\/uploads\/2023\/05\/IMG_5867-768x1024.jpg\" alt=\"\" class=\"wp-image-205\" srcset=\"https:\/\/blocsenresidencia.bcn.cat\/montjuic2023\/wp-content\/uploads\/2023\/05\/IMG_5867-768x1024.jpg 768w, https:\/\/blocsenresidencia.bcn.cat\/montjuic2023\/wp-content\/uploads\/2023\/05\/IMG_5867-225x300.jpg 225w, https:\/\/blocsenresidencia.bcn.cat\/montjuic2023\/wp-content\/uploads\/2023\/05\/IMG_5867-1152x1536.jpg 1152w, https:\/\/blocsenresidencia.bcn.cat\/montjuic2023\/wp-content\/uploads\/2023\/05\/IMG_5867-1536x2048.jpg 1536w, https:\/\/blocsenresidencia.bcn.cat\/montjuic2023\/wp-content\/uploads\/2023\/05\/IMG_5867-scaled.jpg 1920w\" sizes=\"auto, (max-width: 767px) 89vw, (max-width: 1000px) 54vw, (max-width: 1071px) 543px, 580px\"><\/figure>\n<\/figure>\n<p>davant de la Phillips, que ara alberga el Graner, la Biblioteca, el Cap i uns jardins.<\/p>\n<figure class=\"wp-block-image size-large\"><img decoding=\"async\" loading=\"lazy\" width=\"768\" height=\"1024\" src=\"https:\/\/blocsenresidencia.bcn.cat\/montjuic2023\/wp-content\/uploads\/2023\/05\/IMG_5874-768x1024.jpg\" alt=\"\" class=\"wp-image-207\" srcset=\"https:\/\/blocsenresidencia.bcn.cat\/montjuic2023\/wp-content\/uploads\/2023\/05\/IMG_5874-768x1024.jpg 768w, https:\/\/blocsenresidencia.bcn.cat\/montjuic2023\/wp-content\/uploads\/2023\/05\/IMG_5874-225x300.jpg 225w, https:\/\/blocsenresidencia.bcn.cat\/montjuic2023\/wp-content\/uploads\/2023\/05\/IMG_5874-1152x1536.jpg 1152w, https:\/\/blocsenresidencia.bcn.cat\/montjuic2023\/wp-content\/uploads\/2023\/05\/IMG_5874-1536x2048.jpg 1536w, https:\/\/blocsenresidencia.bcn.cat\/montjuic2023\/wp-content\/uploads\/2023\/05\/IMG_5874-scaled.jpg 1920w\" sizes=\"auto, (max-width: 767px) 89vw, (max-width: 1000px) 54vw, (max-width: 1071px) 543px, 580px\"><\/figure>\n<p>dibuixant en Can Mestres,que es una de les antigues masies que queda com a testimoni de la gran activtat agr\u00edcola i ramaderia que es desenvolupava als camps de la Marina. <\/p>\n<\/div>\n","protected":false},"excerpt":{"rendered":"<p>Des de El globus vermell EN RESiD\u00c8NCiA Em recoregut la part nord del barri i an\u00e0ven als lloc i teniem que dibuixar i explicar cada lloc al que anabem, cadascun dels alumnes som experts en un edifici hist\u00f2ric del barri i llavors davant de l\u2019edifici explicava sobre ell i nosaltres escolt\u00e0vem i despr\u00e9s f\u00e8iem un &hellip; <\/p>\n<p class=\"link-more\"><a href=\"https:\/\/blocsenresidencia.bcn.cat\/20222023\/2023\/05\/10\/recorregut-urba-urban-sketching\/\" class=\"more-link\">Continua llegint <span class=\"screen-reader-text\">\u00abRecorregut urb\u00e0 + urban sketching.\u00bb<\/span><\/a><\/p>\n","protected":false},"author":5,"featured_media":0,"comment_status":"closed","ping_status":"closed","sticky":false,"template":"","format":"standard","meta":{"footnotes":""},"categories":[1],"tags":[],"class_list":["post-353","post","type-post","status-publish","format-standard","hentry","category-general"],"_links":{"self":[{"href":"https:\/\/blocsenresidencia.bcn.cat\/20222023\/wp-json\/wp\/v2\/posts\/353","targetHints":{"allow":["GET"]}}],"collection":[{"href":"https:\/\/blocsenresidencia.bcn.cat\/20222023\/wp-json\/wp\/v2\/posts"}],"about":[{"href":"https:\/\/blocsenresidencia.bcn.cat\/20222023\/wp-json\/wp\/v2\/types\/post"}],"author":[{"embeddable":true,"href":"https:\/\/blocsenresidencia.bcn.cat\/20222023\/wp-json\/wp\/v2\/users\/5"}],"replies":[{"embeddable":true,"href":"https:\/\/blocsenresidencia.bcn.cat\/20222023\/wp-json\/wp\/v2\/comments?post=353"}],"version-history":[{"count":0,"href":"https:\/\/blocsenresidencia.bcn.cat\/20222023\/wp-json\/wp\/v2\/posts\/353\/revisions"}],"wp:attachment":[{"href":"https:\/\/blocsenresidencia.bcn.cat\/20222023\/wp-json\/wp\/v2\/media?parent=353"}],"wp:term":[{"taxonomy":"category","embeddable":true,"href":"https:\/\/blocsenresidencia.bcn.cat\/20222023\/wp-json\/wp\/v2\/categories?post=353"},{"taxonomy":"post_tag","embeddable":true,"href":"https:\/\/blocsenresidencia.bcn.cat\/20222023\/wp-json\/wp\/v2\/tags?post=353"}],"curies":[{"name":"wp","href":"https:\/\/api.w.org\/{rel}","templated":true}]}}