{"id":354,"date":"2023-05-10T15:53:45","date_gmt":"2023-05-10T13:53:45","guid":{"rendered":"https:\/\/blocsenresidencia.bcn.cat\/20222023\/2023\/05\/10\/sortida-a-la-muntana\/"},"modified":"2023-05-10T15:53:45","modified_gmt":"2023-05-10T13:53:45","slug":"sortida-a-la-muntana","status":"publish","type":"post","link":"https:\/\/blocsenresidencia.bcn.cat\/20222023\/2023\/05\/10\/sortida-a-la-muntana\/","title":{"rendered":"Sortida a la munta\u00f1a"},"content":{"rendered":"<p>Des de <a href=\"https:\/\/blocsenresidencia.bcn.cat\/montjuic2023\/2023\/05\/10\/sortida-a-la-muntana\/\">El globus vermell EN RESiD\u00c8NCiA<\/a><\/p>\n<div>\n<p>El 2 de maig vam fer una sortida per l Montjuic. On gracies a materials com fulles, ceres i retoladors que ens vam donar. Vam fer dibuixos a l\u2019aire lliure sobre diferents edificis y llocs que anteriorment hi vam estudiar del barri.<\/p>\n<p>Aquell dia vam anar a la Bascula, on ens hav\u00edem topat amb uns companys d\u2019altres classes i on ten\u00edem que fer un dibuix de qualsevol perspectiva de la bascula.<\/p>\n<figure class=\"wp-block-image size-large is-resized\"><img loading=\"lazy\" decoding=\"async\" src=\"https:\/\/blocsenresidencia.bcn.cat\/montjuic2023\/wp-content\/uploads\/2023\/05\/IMG_6148-768x1024.jpg\" alt=\"\" class=\"wp-image-203\" width=\"674\" height=\"898\" srcset=\"https:\/\/blocsenresidencia.bcn.cat\/montjuic2023\/wp-content\/uploads\/2023\/05\/IMG_6148-768x1024.jpg 768w, https:\/\/blocsenresidencia.bcn.cat\/montjuic2023\/wp-content\/uploads\/2023\/05\/IMG_6148-225x300.jpg 225w, https:\/\/blocsenresidencia.bcn.cat\/montjuic2023\/wp-content\/uploads\/2023\/05\/IMG_6148-1152x1536.jpg 1152w, https:\/\/blocsenresidencia.bcn.cat\/montjuic2023\/wp-content\/uploads\/2023\/05\/IMG_6148-1536x2048.jpg 1536w, https:\/\/blocsenresidencia.bcn.cat\/montjuic2023\/wp-content\/uploads\/2023\/05\/IMG_6148-scaled.jpg 1920w\" sizes=\"auto, (max-width: 674px) 100vw, 674px\"><\/figure>\n<figure class=\"wp-block-image size-large\"><img decoding=\"async\" loading=\"lazy\" width=\"1024\" height=\"768\" src=\"https:\/\/blocsenresidencia.bcn.cat\/montjuic2023\/wp-content\/uploads\/2023\/05\/IMG_6147-1024x768.jpg\" alt=\"\" class=\"wp-image-204\" srcset=\"https:\/\/blocsenresidencia.bcn.cat\/montjuic2023\/wp-content\/uploads\/2023\/05\/IMG_6147-1024x768.jpg 1024w, https:\/\/blocsenresidencia.bcn.cat\/montjuic2023\/wp-content\/uploads\/2023\/05\/IMG_6147-300x225.jpg 300w, https:\/\/blocsenresidencia.bcn.cat\/montjuic2023\/wp-content\/uploads\/2023\/05\/IMG_6147-768x576.jpg 768w, https:\/\/blocsenresidencia.bcn.cat\/montjuic2023\/wp-content\/uploads\/2023\/05\/IMG_6147-1536x1152.jpg 1536w, https:\/\/blocsenresidencia.bcn.cat\/montjuic2023\/wp-content\/uploads\/2023\/05\/IMG_6147-2048x1536.jpg 2048w\" sizes=\"auto, (max-width: 767px) 89vw, (max-width: 1000px) 54vw, (max-width: 1071px) 543px, 580px\"><\/figure>\n<\/p>\n<p>Despr\u00e8s d\u2019acabar cadascun el seu dibuixo i de acomiadar-nos dels nostres companys, vam anar per un cam\u00ed que ens portava fins a la muntanya i on va ser un cam\u00ed molt llarg.<\/p>\n<figure class=\"wp-block-image size-large is-resized\"><img decoding=\"async\" loading=\"lazy\" src=\"https:\/\/blocsenresidencia.bcn.cat\/montjuic2023\/wp-content\/uploads\/2023\/05\/IMG_6158-768x1024.jpg\" alt=\"\" class=\"wp-image-209\" width=\"490\" height=\"653\" srcset=\"https:\/\/blocsenresidencia.bcn.cat\/montjuic2023\/wp-content\/uploads\/2023\/05\/IMG_6158-768x1024.jpg 768w, https:\/\/blocsenresidencia.bcn.cat\/montjuic2023\/wp-content\/uploads\/2023\/05\/IMG_6158-225x300.jpg 225w, https:\/\/blocsenresidencia.bcn.cat\/montjuic2023\/wp-content\/uploads\/2023\/05\/IMG_6158-1152x1536.jpg 1152w, https:\/\/blocsenresidencia.bcn.cat\/montjuic2023\/wp-content\/uploads\/2023\/05\/IMG_6158-1536x2048.jpg 1536w, https:\/\/blocsenresidencia.bcn.cat\/montjuic2023\/wp-content\/uploads\/2023\/05\/IMG_6158-scaled.jpg 1920w\" sizes=\"auto, (max-width: 490px) 100vw, 490px\"><\/figure>\n<figure class=\"wp-block-image size-large is-resized\"><img decoding=\"async\" loading=\"lazy\" src=\"https:\/\/blocsenresidencia.bcn.cat\/montjuic2023\/wp-content\/uploads\/2023\/05\/IMG_6157-1-768x1024.jpg\" alt=\"\" class=\"wp-image-212\" width=\"522\" height=\"696\" srcset=\"https:\/\/blocsenresidencia.bcn.cat\/montjuic2023\/wp-content\/uploads\/2023\/05\/IMG_6157-1-768x1024.jpg 768w, https:\/\/blocsenresidencia.bcn.cat\/montjuic2023\/wp-content\/uploads\/2023\/05\/IMG_6157-1-225x300.jpg 225w, https:\/\/blocsenresidencia.bcn.cat\/montjuic2023\/wp-content\/uploads\/2023\/05\/IMG_6157-1-1152x1536.jpg 1152w, https:\/\/blocsenresidencia.bcn.cat\/montjuic2023\/wp-content\/uploads\/2023\/05\/IMG_6157-1-1536x2048.jpg 1536w, https:\/\/blocsenresidencia.bcn.cat\/montjuic2023\/wp-content\/uploads\/2023\/05\/IMG_6157-1-scaled.jpg 1920w\" sizes=\"auto, (max-width: 522px) 100vw, 522px\"><\/figure>\n<p>A un punt, vam arribar a un lloc que hi era molt estret tamb\u00e9 et podies caure f\u00e0cilment. Vam tenir que dibuixar les vistes d\u2019on es podia arribar a veure tot el barri, va ser molt divertit.<\/p>\n<p>A m\u00e9s a m\u00e9s de tots aquets llocs,  junts vam anar cap el cementeri per poder pintar-ho i aix\u00ed va finalitzar el nostre dia a residencia.<\/p>\n<\/div>\n","protected":false},"excerpt":{"rendered":"<p>Des de El globus vermell EN RESiD\u00c8NCiA El 2 de maig vam fer una sortida per l Montjuic. On gracies a materials com fulles, ceres i retoladors que ens vam donar. Vam fer dibuixos a l\u2019aire lliure sobre diferents edificis y llocs que anteriorment hi vam estudiar del barri. Aquell dia vam anar a la &hellip; <\/p>\n<p class=\"link-more\"><a href=\"https:\/\/blocsenresidencia.bcn.cat\/20222023\/2023\/05\/10\/sortida-a-la-muntana\/\" class=\"more-link\">Continua llegint <span class=\"screen-reader-text\">\u00abSortida a la munta\u00f1a\u00bb<\/span><\/a><\/p>\n","protected":false},"author":5,"featured_media":0,"comment_status":"closed","ping_status":"closed","sticky":false,"template":"","format":"standard","meta":{"footnotes":""},"categories":[1],"tags":[],"class_list":["post-354","post","type-post","status-publish","format-standard","hentry","category-general"],"_links":{"self":[{"href":"https:\/\/blocsenresidencia.bcn.cat\/20222023\/wp-json\/wp\/v2\/posts\/354","targetHints":{"allow":["GET"]}}],"collection":[{"href":"https:\/\/blocsenresidencia.bcn.cat\/20222023\/wp-json\/wp\/v2\/posts"}],"about":[{"href":"https:\/\/blocsenresidencia.bcn.cat\/20222023\/wp-json\/wp\/v2\/types\/post"}],"author":[{"embeddable":true,"href":"https:\/\/blocsenresidencia.bcn.cat\/20222023\/wp-json\/wp\/v2\/users\/5"}],"replies":[{"embeddable":true,"href":"https:\/\/blocsenresidencia.bcn.cat\/20222023\/wp-json\/wp\/v2\/comments?post=354"}],"version-history":[{"count":0,"href":"https:\/\/blocsenresidencia.bcn.cat\/20222023\/wp-json\/wp\/v2\/posts\/354\/revisions"}],"wp:attachment":[{"href":"https:\/\/blocsenresidencia.bcn.cat\/20222023\/wp-json\/wp\/v2\/media?parent=354"}],"wp:term":[{"taxonomy":"category","embeddable":true,"href":"https:\/\/blocsenresidencia.bcn.cat\/20222023\/wp-json\/wp\/v2\/categories?post=354"},{"taxonomy":"post_tag","embeddable":true,"href":"https:\/\/blocsenresidencia.bcn.cat\/20222023\/wp-json\/wp\/v2\/tags?post=354"}],"curies":[{"name":"wp","href":"https:\/\/api.w.org\/{rel}","templated":true}]}}