{"id":377,"date":"2023-05-24T17:02:19","date_gmt":"2023-05-24T15:02:19","guid":{"rendered":"https:\/\/blocsenresidencia.bcn.cat\/20222023\/2023\/05\/24\/invitacio-a-la-presentacio-publica-del-nostre-proces-de-creacio\/"},"modified":"2023-05-24T17:02:19","modified_gmt":"2023-05-24T15:02:19","slug":"invitacio-a-la-presentacio-publica-del-nostre-proces-de-creacio","status":"publish","type":"post","link":"https:\/\/blocsenresidencia.bcn.cat\/20222023\/2023\/05\/24\/invitacio-a-la-presentacio-publica-del-nostre-proces-de-creacio\/","title":{"rendered":"Invitaci\u00f3 a la Presentaci\u00f3 p\u00fablica del nostre proc\u00e9s de creaci\u00f3"},"content":{"rendered":"<p>Des de <a href=\"https:\/\/blocsenresidencia.bcn.cat\/conselldecent2023\/2023\/05\/24\/invitacio-a-la-presentacio-publica-del-nostre-proces-de-creacio\/\">Oriana Eli\u00e7abe EN RESiD\u00c8NCiA<\/a><\/p>\n<div>\n<figure class=\"wp-block-image size-large\"><img loading=\"lazy\" decoding=\"async\" width=\"1024\" height=\"968\" src=\"https:\/\/blocsenresidencia.bcn.cat\/conselldecent2023\/wp-content\/uploads\/2023\/05\/flyer_Oriana-Elicabe-EN-RESiDENCiA-al-Consell-de-Cent-1024x968.jpg\" alt=\"\" class=\"wp-image-179\" srcset=\"https:\/\/blocsenresidencia.bcn.cat\/conselldecent2023\/wp-content\/uploads\/2023\/05\/flyer_Oriana-Elicabe-EN-RESiDENCiA-al-Consell-de-Cent-1024x968.jpg 1024w, https:\/\/blocsenresidencia.bcn.cat\/conselldecent2023\/wp-content\/uploads\/2023\/05\/flyer_Oriana-Elicabe-EN-RESiDENCiA-al-Consell-de-Cent-300x283.jpg 300w, https:\/\/blocsenresidencia.bcn.cat\/conselldecent2023\/wp-content\/uploads\/2023\/05\/flyer_Oriana-Elicabe-EN-RESiDENCiA-al-Consell-de-Cent-768x726.jpg 768w, https:\/\/blocsenresidencia.bcn.cat\/conselldecent2023\/wp-content\/uploads\/2023\/05\/flyer_Oriana-Elicabe-EN-RESiDENCiA-al-Consell-de-Cent-1536x1451.jpg 1536w, https:\/\/blocsenresidencia.bcn.cat\/conselldecent2023\/wp-content\/uploads\/2023\/05\/flyer_Oriana-Elicabe-EN-RESiDENCiA-al-Consell-de-Cent-2048x1935.jpg 2048w\" sizes=\"auto, (max-width: 767px) 89vw, (max-width: 1000px) 54vw, (max-width: 1071px) 543px, 580px\"><\/figure>\n<p class=\"has-medium-font-size\">Dimecres 31 de juny a les 13:30h als Jardins de les Tres Xemeneies ! ! !<\/p>\n<p class=\"has-medium-font-size\">Amb moltes ganes de compartir, t\u2019hi esperem.<\/p>\n<\/div>\n","protected":false},"excerpt":{"rendered":"<p>Des de Oriana Eli\u00e7abe EN RESiD\u00c8NCiA Dimecres 31 de juny a les 13:30h als Jardins de les Tres Xemeneies ! ! ! Amb moltes ganes de compartir, t\u2019hi esperem.<\/p>\n","protected":false},"author":5,"featured_media":0,"comment_status":"closed","ping_status":"closed","sticky":false,"template":"","format":"standard","meta":{"footnotes":""},"categories":[1],"tags":[],"class_list":["post-377","post","type-post","status-publish","format-standard","hentry","category-general"],"_links":{"self":[{"href":"https:\/\/blocsenresidencia.bcn.cat\/20222023\/wp-json\/wp\/v2\/posts\/377","targetHints":{"allow":["GET"]}}],"collection":[{"href":"https:\/\/blocsenresidencia.bcn.cat\/20222023\/wp-json\/wp\/v2\/posts"}],"about":[{"href":"https:\/\/blocsenresidencia.bcn.cat\/20222023\/wp-json\/wp\/v2\/types\/post"}],"author":[{"embeddable":true,"href":"https:\/\/blocsenresidencia.bcn.cat\/20222023\/wp-json\/wp\/v2\/users\/5"}],"replies":[{"embeddable":true,"href":"https:\/\/blocsenresidencia.bcn.cat\/20222023\/wp-json\/wp\/v2\/comments?post=377"}],"version-history":[{"count":0,"href":"https:\/\/blocsenresidencia.bcn.cat\/20222023\/wp-json\/wp\/v2\/posts\/377\/revisions"}],"wp:attachment":[{"href":"https:\/\/blocsenresidencia.bcn.cat\/20222023\/wp-json\/wp\/v2\/media?parent=377"}],"wp:term":[{"taxonomy":"category","embeddable":true,"href":"https:\/\/blocsenresidencia.bcn.cat\/20222023\/wp-json\/wp\/v2\/categories?post=377"},{"taxonomy":"post_tag","embeddable":true,"href":"https:\/\/blocsenresidencia.bcn.cat\/20222023\/wp-json\/wp\/v2\/tags?post=377"}],"curies":[{"name":"wp","href":"https:\/\/api.w.org\/{rel}","templated":true}]}}