{"id":387,"date":"2023-06-01T11:29:40","date_gmt":"2023-06-01T09:29:40","guid":{"rendered":"https:\/\/blocsenresidencia.bcn.cat\/20222023\/2023\/06\/01\/teen-horror-estrena-mundial\/"},"modified":"2023-06-01T11:29:40","modified_gmt":"2023-06-01T09:29:40","slug":"teen-horror-estrena-mundial","status":"publish","type":"post","link":"https:\/\/blocsenresidencia.bcn.cat\/20222023\/2023\/06\/01\/teen-horror-estrena-mundial\/","title":{"rendered":"TEEN HORROR, estrena MUNDIAL"},"content":{"rendered":"<p>Des de <a href=\"https:\/\/blocsenresidencia.bcn.cat\/alzina2023\/2023\/06\/01\/teen-horror-estrena-mundial\/\">Sara Manubens EN RESiD\u00c8NCiA<\/a><\/p>\n<div>\n<p>Ahir v\u00e0rem\u00a0assistir\u00a0al Cinema ZUMZEIG  a l\u2019estrena de\u00a0la nostra\u00a0pel\u00b7l\u00edcula \u201cTeen\u00a0Horror\u201d. Va ser incre\u00efble  veure\u2019ns en una pantalla de cinema, tant grans i poderoses!!<\/p>\n<figure class=\"wp-block-image size-large\"><img loading=\"lazy\" decoding=\"async\" width=\"1024\" height=\"462\" src=\"https:\/\/blocsenresidencia.bcn.cat\/alzina2023\/wp-content\/uploads\/2023\/06\/1685607413041-1024x462.jpg\" alt=\"\" class=\"wp-image-108\" srcset=\"https:\/\/blocsenresidencia.bcn.cat\/alzina2023\/wp-content\/uploads\/2023\/06\/1685607413041-1024x462.jpg 1024w, https:\/\/blocsenresidencia.bcn.cat\/alzina2023\/wp-content\/uploads\/2023\/06\/1685607413041-300x135.jpg 300w, https:\/\/blocsenresidencia.bcn.cat\/alzina2023\/wp-content\/uploads\/2023\/06\/1685607413041-768x346.jpg 768w, https:\/\/blocsenresidencia.bcn.cat\/alzina2023\/wp-content\/uploads\/2023\/06\/1685607413041-1536x693.jpg 1536w, https:\/\/blocsenresidencia.bcn.cat\/alzina2023\/wp-content\/uploads\/2023\/06\/1685607413041-2048x924.jpg 2048w\" sizes=\"auto, (max-width: 767px) 89vw, (max-width: 1000px) 54vw, (max-width: 1071px) 543px, 580px\"><\/figure>\n<figure class=\"wp-block-image size-large\"><img decoding=\"async\" loading=\"lazy\" width=\"1024\" height=\"462\" src=\"https:\/\/blocsenresidencia.bcn.cat\/alzina2023\/wp-content\/uploads\/2023\/06\/1685607413185-1024x462.jpg\" alt=\"\" class=\"wp-image-109\" srcset=\"https:\/\/blocsenresidencia.bcn.cat\/alzina2023\/wp-content\/uploads\/2023\/06\/1685607413185-1024x462.jpg 1024w, https:\/\/blocsenresidencia.bcn.cat\/alzina2023\/wp-content\/uploads\/2023\/06\/1685607413185-300x135.jpg 300w, https:\/\/blocsenresidencia.bcn.cat\/alzina2023\/wp-content\/uploads\/2023\/06\/1685607413185-768x346.jpg 768w, https:\/\/blocsenresidencia.bcn.cat\/alzina2023\/wp-content\/uploads\/2023\/06\/1685607413185-1536x693.jpg 1536w, https:\/\/blocsenresidencia.bcn.cat\/alzina2023\/wp-content\/uploads\/2023\/06\/1685607413185-2048x924.jpg 2048w\" sizes=\"auto, (max-width: 767px) 89vw, (max-width: 1000px) 54vw, (max-width: 1071px) 543px, 580px\"><\/figure>\n<figure class=\"wp-block-image size-large\"><img decoding=\"async\" loading=\"lazy\" width=\"1024\" height=\"462\" src=\"https:\/\/blocsenresidencia.bcn.cat\/alzina2023\/wp-content\/uploads\/2023\/06\/1685607413223-1024x462.jpg\" alt=\"\" class=\"wp-image-110\" srcset=\"https:\/\/blocsenresidencia.bcn.cat\/alzina2023\/wp-content\/uploads\/2023\/06\/1685607413223-1024x462.jpg 1024w, https:\/\/blocsenresidencia.bcn.cat\/alzina2023\/wp-content\/uploads\/2023\/06\/1685607413223-300x135.jpg 300w, https:\/\/blocsenresidencia.bcn.cat\/alzina2023\/wp-content\/uploads\/2023\/06\/1685607413223-768x346.jpg 768w, https:\/\/blocsenresidencia.bcn.cat\/alzina2023\/wp-content\/uploads\/2023\/06\/1685607413223-1536x693.jpg 1536w, https:\/\/blocsenresidencia.bcn.cat\/alzina2023\/wp-content\/uploads\/2023\/06\/1685607413223-2048x924.jpg 2048w\" sizes=\"auto, (max-width: 767px) 89vw, (max-width: 1000px) 54vw, (max-width: 1071px) 543px, 580px\"><\/figure>\n<p>Ha estat un cam\u00ed llarg el que ens va portar all\u00e0 ahir. Experi\u00e8ncies que atresorarem per sempre m\u00e9s dins nostre, experi\u00e8ncies que conviuran d\u2019alguna manera amb les nostres ors, unes pors que a dia d\u2019avui coneixem una mica m\u00e9s. <\/p>\n<figure class=\"wp-block-image size-large\"><img decoding=\"async\" loading=\"lazy\" width=\"1024\" height=\"462\" src=\"https:\/\/blocsenresidencia.bcn.cat\/alzina2023\/wp-content\/uploads\/2023\/06\/1685607412729-1024x462.jpg\" alt=\"\" class=\"wp-image-111\" srcset=\"https:\/\/blocsenresidencia.bcn.cat\/alzina2023\/wp-content\/uploads\/2023\/06\/1685607412729-1024x462.jpg 1024w, https:\/\/blocsenresidencia.bcn.cat\/alzina2023\/wp-content\/uploads\/2023\/06\/1685607412729-300x135.jpg 300w, https:\/\/blocsenresidencia.bcn.cat\/alzina2023\/wp-content\/uploads\/2023\/06\/1685607412729-768x346.jpg 768w, https:\/\/blocsenresidencia.bcn.cat\/alzina2023\/wp-content\/uploads\/2023\/06\/1685607412729-1536x693.jpg 1536w, https:\/\/blocsenresidencia.bcn.cat\/alzina2023\/wp-content\/uploads\/2023\/06\/1685607412729-2048x924.jpg 2048w\" sizes=\"auto, (max-width: 767px) 89vw, (max-width: 1000px) 54vw, (max-width: 1071px) 543px, 580px\"><\/figure>\n<figure class=\"wp-block-image size-large\"><img decoding=\"async\" loading=\"lazy\" width=\"1024\" height=\"462\" src=\"https:\/\/blocsenresidencia.bcn.cat\/alzina2023\/wp-content\/uploads\/2023\/06\/1685607412883-1024x462.jpg\" alt=\"\" class=\"wp-image-112\" srcset=\"https:\/\/blocsenresidencia.bcn.cat\/alzina2023\/wp-content\/uploads\/2023\/06\/1685607412883-1024x462.jpg 1024w, https:\/\/blocsenresidencia.bcn.cat\/alzina2023\/wp-content\/uploads\/2023\/06\/1685607412883-300x135.jpg 300w, https:\/\/blocsenresidencia.bcn.cat\/alzina2023\/wp-content\/uploads\/2023\/06\/1685607412883-768x346.jpg 768w, https:\/\/blocsenresidencia.bcn.cat\/alzina2023\/wp-content\/uploads\/2023\/06\/1685607412883-1536x693.jpg 1536w, https:\/\/blocsenresidencia.bcn.cat\/alzina2023\/wp-content\/uploads\/2023\/06\/1685607412883-2048x924.jpg 2048w\" sizes=\"auto, (max-width: 767px) 89vw, (max-width: 1000px) 54vw, (max-width: 1071px) 543px, 580px\"><\/figure>\n<figure class=\"wp-block-image size-large\"><img decoding=\"async\" loading=\"lazy\" width=\"1024\" height=\"462\" src=\"https:\/\/blocsenresidencia.bcn.cat\/alzina2023\/wp-content\/uploads\/2023\/06\/1685607413079-1024x462.jpg\" alt=\"\" class=\"wp-image-114\" srcset=\"https:\/\/blocsenresidencia.bcn.cat\/alzina2023\/wp-content\/uploads\/2023\/06\/1685607413079-1024x462.jpg 1024w, https:\/\/blocsenresidencia.bcn.cat\/alzina2023\/wp-content\/uploads\/2023\/06\/1685607413079-300x135.jpg 300w, https:\/\/blocsenresidencia.bcn.cat\/alzina2023\/wp-content\/uploads\/2023\/06\/1685607413079-768x346.jpg 768w, https:\/\/blocsenresidencia.bcn.cat\/alzina2023\/wp-content\/uploads\/2023\/06\/1685607413079-1536x693.jpg 1536w, https:\/\/blocsenresidencia.bcn.cat\/alzina2023\/wp-content\/uploads\/2023\/06\/1685607413079-2048x924.jpg 2048w\" sizes=\"auto, (max-width: 767px) 89vw, (max-width: 1000px) 54vw, (max-width: 1071px) 543px, 580px\"><\/figure>\n<figure class=\"wp-block-image size-large\"><img decoding=\"async\" loading=\"lazy\" width=\"1024\" height=\"462\" src=\"https:\/\/blocsenresidencia.bcn.cat\/alzina2023\/wp-content\/uploads\/2023\/06\/1685607413115-1024x462.jpg\" alt=\"\" class=\"wp-image-113\" srcset=\"https:\/\/blocsenresidencia.bcn.cat\/alzina2023\/wp-content\/uploads\/2023\/06\/1685607413115-1024x462.jpg 1024w, https:\/\/blocsenresidencia.bcn.cat\/alzina2023\/wp-content\/uploads\/2023\/06\/1685607413115-300x135.jpg 300w, https:\/\/blocsenresidencia.bcn.cat\/alzina2023\/wp-content\/uploads\/2023\/06\/1685607413115-768x346.jpg 768w, https:\/\/blocsenresidencia.bcn.cat\/alzina2023\/wp-content\/uploads\/2023\/06\/1685607413115-1536x693.jpg 1536w, https:\/\/blocsenresidencia.bcn.cat\/alzina2023\/wp-content\/uploads\/2023\/06\/1685607413115-2048x924.jpg 2048w\" sizes=\"auto, (max-width: 767px) 89vw, (max-width: 1000px) 54vw, (max-width: 1071px) 543px, 580px\"><\/figure>\n<p>Gr\u00e0cies Sara i Cami per tota la feinada i paci\u00e8ncia que heu tingut sempre amb totes nosaltres. <\/p>\n<figure class=\"wp-block-image size-large\"><img decoding=\"async\" loading=\"lazy\" width=\"1024\" height=\"848\" src=\"https:\/\/blocsenresidencia.bcn.cat\/alzina2023\/wp-content\/uploads\/2023\/06\/1685609500179-1024x848.jpg\" alt=\"\" class=\"wp-image-115\" srcset=\"https:\/\/blocsenresidencia.bcn.cat\/alzina2023\/wp-content\/uploads\/2023\/06\/1685609500179-1024x848.jpg 1024w, https:\/\/blocsenresidencia.bcn.cat\/alzina2023\/wp-content\/uploads\/2023\/06\/1685609500179-300x249.jpg 300w, https:\/\/blocsenresidencia.bcn.cat\/alzina2023\/wp-content\/uploads\/2023\/06\/1685609500179-768x636.jpg 768w, https:\/\/blocsenresidencia.bcn.cat\/alzina2023\/wp-content\/uploads\/2023\/06\/1685609500179-1536x1272.jpg 1536w, https:\/\/blocsenresidencia.bcn.cat\/alzina2023\/wp-content\/uploads\/2023\/06\/1685609500179.jpg 1777w\" sizes=\"auto, (max-width: 767px) 89vw, (max-width: 1000px) 54vw, (max-width: 1071px) 543px, 580px\"><\/figure>\n<p>Mai us oblidarem!!!<\/p>\n<\/div>\n","protected":false},"excerpt":{"rendered":"<p>Des de Sara Manubens EN RESiD\u00c8NCiA Ahir v\u00e0rem\u00a0assistir\u00a0al Cinema ZUMZEIG a l\u2019estrena de\u00a0la nostra\u00a0pel\u00b7l\u00edcula \u201cTeen\u00a0Horror\u201d. Va ser incre\u00efble veure\u2019ns en una pantalla de cinema, tant grans i poderoses!! Ha estat un cam\u00ed llarg el que ens va portar all\u00e0 ahir. Experi\u00e8ncies que atresorarem per sempre m\u00e9s dins nostre, experi\u00e8ncies que conviuran d\u2019alguna manera amb les &hellip; <\/p>\n<p class=\"link-more\"><a href=\"https:\/\/blocsenresidencia.bcn.cat\/20222023\/2023\/06\/01\/teen-horror-estrena-mundial\/\" class=\"more-link\">Continua llegint <span class=\"screen-reader-text\">\u00abTEEN HORROR, estrena MUNDIAL\u00bb<\/span><\/a><\/p>\n","protected":false},"author":5,"featured_media":0,"comment_status":"closed","ping_status":"closed","sticky":false,"template":"","format":"standard","meta":{"footnotes":""},"categories":[1],"tags":[],"class_list":["post-387","post","type-post","status-publish","format-standard","hentry","category-general"],"_links":{"self":[{"href":"https:\/\/blocsenresidencia.bcn.cat\/20222023\/wp-json\/wp\/v2\/posts\/387","targetHints":{"allow":["GET"]}}],"collection":[{"href":"https:\/\/blocsenresidencia.bcn.cat\/20222023\/wp-json\/wp\/v2\/posts"}],"about":[{"href":"https:\/\/blocsenresidencia.bcn.cat\/20222023\/wp-json\/wp\/v2\/types\/post"}],"author":[{"embeddable":true,"href":"https:\/\/blocsenresidencia.bcn.cat\/20222023\/wp-json\/wp\/v2\/users\/5"}],"replies":[{"embeddable":true,"href":"https:\/\/blocsenresidencia.bcn.cat\/20222023\/wp-json\/wp\/v2\/comments?post=387"}],"version-history":[{"count":0,"href":"https:\/\/blocsenresidencia.bcn.cat\/20222023\/wp-json\/wp\/v2\/posts\/387\/revisions"}],"wp:attachment":[{"href":"https:\/\/blocsenresidencia.bcn.cat\/20222023\/wp-json\/wp\/v2\/media?parent=387"}],"wp:term":[{"taxonomy":"category","embeddable":true,"href":"https:\/\/blocsenresidencia.bcn.cat\/20222023\/wp-json\/wp\/v2\/categories?post=387"},{"taxonomy":"post_tag","embeddable":true,"href":"https:\/\/blocsenresidencia.bcn.cat\/20222023\/wp-json\/wp\/v2\/tags?post=387"}],"curies":[{"name":"wp","href":"https:\/\/api.w.org\/{rel}","templated":true}]}}