{"id":389,"date":"2023-06-06T08:54:49","date_gmt":"2023-06-06T06:54:49","guid":{"rendered":"https:\/\/blocsenresidencia.bcn.cat\/20222023\/2023\/06\/06\/9-de-maig\/"},"modified":"2023-06-06T08:54:49","modified_gmt":"2023-06-06T06:54:49","slug":"9-de-maig","status":"publish","type":"post","link":"https:\/\/blocsenresidencia.bcn.cat\/20222023\/2023\/06\/06\/9-de-maig\/","title":{"rendered":"9 de maig"},"content":{"rendered":"<p>Des de <a href=\"https:\/\/blocsenresidencia.bcn.cat\/milaifontanals2023\/2023\/06\/06\/9-de-maig\/\">Sabina Witt EN RESiD\u00c8NCiA<\/a><\/p>\n<div>\n<p>El dia 9 de maig, a l\u2019hora de m\u00fasica vam comen\u00e7ar provant el projector i com quedarien els v\u00eddeos que hav\u00edem preparat. Despr\u00e9s, la Sabina ens va ensenyar la melodia que hav\u00edem de tocar i cantar, vam cantar tots junts una part de la melodia per sentir les veus, la vam repetir diverses vegades per saber si eren agudes o greus.  Despr\u00e9s, l\u2019Adaia va posar-se a dirigir-nos ( fent improvisaci\u00f3 lliure), i vam avan\u00e7ar molt aquell dia en el tema de cooperar en equip. Kevin va trobar un ritme per combinar-ho amb la melodia, i finalment va acabar la sessi\u00f3.<\/p>\n<p>En conclusi\u00f3: vam avan\u00e7ar molt en la melodia i en treballar en equip.<\/p>\n<\/div>\n","protected":false},"excerpt":{"rendered":"<p>Des de Sabina Witt EN RESiD\u00c8NCiA El dia 9 de maig, a l\u2019hora de m\u00fasica vam comen\u00e7ar provant el projector i com quedarien els v\u00eddeos que hav\u00edem preparat. Despr\u00e9s, la Sabina ens va ensenyar la melodia que hav\u00edem de tocar i cantar, vam cantar tots junts una part de la melodia per sentir les veus, &hellip; <\/p>\n<p class=\"link-more\"><a href=\"https:\/\/blocsenresidencia.bcn.cat\/20222023\/2023\/06\/06\/9-de-maig\/\" class=\"more-link\">Continua llegint <span class=\"screen-reader-text\">\u00ab9 de maig\u00bb<\/span><\/a><\/p>\n","protected":false},"author":5,"featured_media":0,"comment_status":"closed","ping_status":"closed","sticky":false,"template":"","format":"standard","meta":{"footnotes":""},"categories":[1],"tags":[],"class_list":["post-389","post","type-post","status-publish","format-standard","hentry","category-general"],"_links":{"self":[{"href":"https:\/\/blocsenresidencia.bcn.cat\/20222023\/wp-json\/wp\/v2\/posts\/389","targetHints":{"allow":["GET"]}}],"collection":[{"href":"https:\/\/blocsenresidencia.bcn.cat\/20222023\/wp-json\/wp\/v2\/posts"}],"about":[{"href":"https:\/\/blocsenresidencia.bcn.cat\/20222023\/wp-json\/wp\/v2\/types\/post"}],"author":[{"embeddable":true,"href":"https:\/\/blocsenresidencia.bcn.cat\/20222023\/wp-json\/wp\/v2\/users\/5"}],"replies":[{"embeddable":true,"href":"https:\/\/blocsenresidencia.bcn.cat\/20222023\/wp-json\/wp\/v2\/comments?post=389"}],"version-history":[{"count":0,"href":"https:\/\/blocsenresidencia.bcn.cat\/20222023\/wp-json\/wp\/v2\/posts\/389\/revisions"}],"wp:attachment":[{"href":"https:\/\/blocsenresidencia.bcn.cat\/20222023\/wp-json\/wp\/v2\/media?parent=389"}],"wp:term":[{"taxonomy":"category","embeddable":true,"href":"https:\/\/blocsenresidencia.bcn.cat\/20222023\/wp-json\/wp\/v2\/categories?post=389"},{"taxonomy":"post_tag","embeddable":true,"href":"https:\/\/blocsenresidencia.bcn.cat\/20222023\/wp-json\/wp\/v2\/tags?post=389"}],"curies":[{"name":"wp","href":"https:\/\/api.w.org\/{rel}","templated":true}]}}