{"id":392,"date":"2023-06-14T14:28:27","date_gmt":"2023-06-14T12:28:27","guid":{"rendered":"https:\/\/blocsenresidencia.bcn.cat\/20222023\/2023\/06\/14\/presentacio-publica-del-projecte-inauguracio-de-lexposicio-tot-lo-roig-fa-goig\/"},"modified":"2023-06-14T14:28:27","modified_gmt":"2023-06-14T12:28:27","slug":"presentacio-publica-del-projecte-inauguracio-de-lexposicio-tot-lo-roig-fa-goig","status":"publish","type":"post","link":"https:\/\/blocsenresidencia.bcn.cat\/20222023\/2023\/06\/14\/presentacio-publica-del-projecte-inauguracio-de-lexposicio-tot-lo-roig-fa-goig\/","title":{"rendered":"Presentaci\u00f3 p\u00fablica del projecte. Inauguraci\u00f3 de l\u2019exposici\u00f3: \u201cTot lo roig fa goig\u201d"},"content":{"rendered":"<p>Des de <a href=\"https:\/\/blocsenresidencia.bcn.cat\/montjuic2023\/2023\/06\/14\/presentacio-publica-del-projecte-inauguracio-de-lexposicio-tot-lo-roig-fa-goig\/\">El globus vermell EN RESiD\u00c8NCiA<\/a><\/p>\n<div>\n<p>va arribar el dia de visivilitzar el nostre proc\u00e9s i les nostres experi\u00e8ncies.<br \/>i ho vam fer ahir, a la Fundaci\u00f3 Mir\u00f3.<br \/>va ser un dia inoblidable, ho vam passar molt b\u00e9 i nom\u00e9s tenim paraules de agra\u00efment a tot el programa EnResid\u00e8ncia de donar-nos aquesta oportunitat.<br \/>Gr\u00e0cies!!!<\/p>\n<figure class=\"wp-block-image size-large is-resized\"><img loading=\"lazy\" decoding=\"async\" src=\"https:\/\/blocsenresidencia.bcn.cat\/montjuic2023\/wp-content\/uploads\/2023\/06\/IMG_20230612_171427-1024x575.jpg\" alt=\"\" class=\"wp-image-238\" width=\"674\" height=\"378\" srcset=\"https:\/\/blocsenresidencia.bcn.cat\/montjuic2023\/wp-content\/uploads\/2023\/06\/IMG_20230612_171427-1024x575.jpg 1024w, https:\/\/blocsenresidencia.bcn.cat\/montjuic2023\/wp-content\/uploads\/2023\/06\/IMG_20230612_171427-300x169.jpg 300w, https:\/\/blocsenresidencia.bcn.cat\/montjuic2023\/wp-content\/uploads\/2023\/06\/IMG_20230612_171427-768x432.jpg 768w, https:\/\/blocsenresidencia.bcn.cat\/montjuic2023\/wp-content\/uploads\/2023\/06\/IMG_20230612_171427-1536x863.jpg 1536w, https:\/\/blocsenresidencia.bcn.cat\/montjuic2023\/wp-content\/uploads\/2023\/06\/IMG_20230612_171427-2048x1151.jpg 2048w\" sizes=\"auto, (max-width: 674px) 100vw, 674px\"><\/figure>\n<figure class=\"wp-block-image size-large\"><img decoding=\"async\" loading=\"lazy\" width=\"1024\" height=\"766\" src=\"https:\/\/blocsenresidencia.bcn.cat\/montjuic2023\/wp-content\/uploads\/2023\/06\/expoER_11-1024x766.jpg\" alt=\"\" class=\"wp-image-239\" srcset=\"https:\/\/blocsenresidencia.bcn.cat\/montjuic2023\/wp-content\/uploads\/2023\/06\/expoER_11-1024x766.jpg 1024w, https:\/\/blocsenresidencia.bcn.cat\/montjuic2023\/wp-content\/uploads\/2023\/06\/expoER_11-300x224.jpg 300w, https:\/\/blocsenresidencia.bcn.cat\/montjuic2023\/wp-content\/uploads\/2023\/06\/expoER_11-768x574.jpg 768w, https:\/\/blocsenresidencia.bcn.cat\/montjuic2023\/wp-content\/uploads\/2023\/06\/expoER_11-1536x1149.jpg 1536w, https:\/\/blocsenresidencia.bcn.cat\/montjuic2023\/wp-content\/uploads\/2023\/06\/expoER_11-2048x1532.jpg 2048w\" sizes=\"auto, (max-width: 767px) 89vw, (max-width: 1000px) 54vw, (max-width: 1071px) 543px, 580px\"><\/figure>\n<figure class=\"wp-block-image size-large\"><img decoding=\"async\" loading=\"lazy\" width=\"1024\" height=\"768\" src=\"https:\/\/blocsenresidencia.bcn.cat\/montjuic2023\/wp-content\/uploads\/2023\/06\/expoER_10-1024x768.jpg\" alt=\"\" class=\"wp-image-240\" srcset=\"https:\/\/blocsenresidencia.bcn.cat\/montjuic2023\/wp-content\/uploads\/2023\/06\/expoER_10-1024x768.jpg 1024w, https:\/\/blocsenresidencia.bcn.cat\/montjuic2023\/wp-content\/uploads\/2023\/06\/expoER_10-300x225.jpg 300w, https:\/\/blocsenresidencia.bcn.cat\/montjuic2023\/wp-content\/uploads\/2023\/06\/expoER_10-768x576.jpg 768w, https:\/\/blocsenresidencia.bcn.cat\/montjuic2023\/wp-content\/uploads\/2023\/06\/expoER_10-1536x1152.jpg 1536w, https:\/\/blocsenresidencia.bcn.cat\/montjuic2023\/wp-content\/uploads\/2023\/06\/expoER_10-2048x1537.jpg 2048w\" sizes=\"auto, (max-width: 767px) 89vw, (max-width: 1000px) 54vw, (max-width: 1071px) 543px, 580px\"><\/figure>\n<figure class=\"wp-block-image size-large\"><img decoding=\"async\" loading=\"lazy\" width=\"1024\" height=\"768\" src=\"https:\/\/blocsenresidencia.bcn.cat\/montjuic2023\/wp-content\/uploads\/2023\/06\/expoER_04-1-1024x768.jpg\" alt=\"\" class=\"wp-image-242\" srcset=\"https:\/\/blocsenresidencia.bcn.cat\/montjuic2023\/wp-content\/uploads\/2023\/06\/expoER_04-1-1024x768.jpg 1024w, https:\/\/blocsenresidencia.bcn.cat\/montjuic2023\/wp-content\/uploads\/2023\/06\/expoER_04-1-300x225.jpg 300w, https:\/\/blocsenresidencia.bcn.cat\/montjuic2023\/wp-content\/uploads\/2023\/06\/expoER_04-1-768x576.jpg 768w, https:\/\/blocsenresidencia.bcn.cat\/montjuic2023\/wp-content\/uploads\/2023\/06\/expoER_04-1-1536x1152.jpg 1536w, https:\/\/blocsenresidencia.bcn.cat\/montjuic2023\/wp-content\/uploads\/2023\/06\/expoER_04-1-2048x1536.jpg 2048w\" sizes=\"auto, (max-width: 767px) 89vw, (max-width: 1000px) 54vw, (max-width: 1071px) 543px, 580px\"><\/figure>\n<figure class=\"wp-block-image size-large\"><img decoding=\"async\" loading=\"lazy\" width=\"1024\" height=\"576\" src=\"https:\/\/blocsenresidencia.bcn.cat\/montjuic2023\/wp-content\/uploads\/2023\/06\/IMG_20230613_130442-1024x576.jpg\" alt=\"\" class=\"wp-image-243\" srcset=\"https:\/\/blocsenresidencia.bcn.cat\/montjuic2023\/wp-content\/uploads\/2023\/06\/IMG_20230613_130442-1024x576.jpg 1024w, https:\/\/blocsenresidencia.bcn.cat\/montjuic2023\/wp-content\/uploads\/2023\/06\/IMG_20230613_130442-300x169.jpg 300w, https:\/\/blocsenresidencia.bcn.cat\/montjuic2023\/wp-content\/uploads\/2023\/06\/IMG_20230613_130442-768x432.jpg 768w, https:\/\/blocsenresidencia.bcn.cat\/montjuic2023\/wp-content\/uploads\/2023\/06\/IMG_20230613_130442-1536x864.jpg 1536w, https:\/\/blocsenresidencia.bcn.cat\/montjuic2023\/wp-content\/uploads\/2023\/06\/IMG_20230613_130442-2048x1152.jpg 2048w\" sizes=\"auto, (max-width: 767px) 89vw, (max-width: 1000px) 54vw, (max-width: 1071px) 543px, 580px\"><\/figure>\n<figure class=\"wp-block-image size-large\"><img decoding=\"async\" loading=\"lazy\" width=\"1024\" height=\"575\" src=\"https:\/\/blocsenresidencia.bcn.cat\/montjuic2023\/wp-content\/uploads\/2023\/06\/IMG_20230613_130529-1024x575.jpg\" alt=\"\" class=\"wp-image-244\" srcset=\"https:\/\/blocsenresidencia.bcn.cat\/montjuic2023\/wp-content\/uploads\/2023\/06\/IMG_20230613_130529-1024x575.jpg 1024w, https:\/\/blocsenresidencia.bcn.cat\/montjuic2023\/wp-content\/uploads\/2023\/06\/IMG_20230613_130529-300x169.jpg 300w, https:\/\/blocsenresidencia.bcn.cat\/montjuic2023\/wp-content\/uploads\/2023\/06\/IMG_20230613_130529-768x432.jpg 768w, https:\/\/blocsenresidencia.bcn.cat\/montjuic2023\/wp-content\/uploads\/2023\/06\/IMG_20230613_130529-1536x863.jpg 1536w, https:\/\/blocsenresidencia.bcn.cat\/montjuic2023\/wp-content\/uploads\/2023\/06\/IMG_20230613_130529-2048x1151.jpg 2048w\" sizes=\"auto, (max-width: 767px) 89vw, (max-width: 1000px) 54vw, (max-width: 1071px) 543px, 580px\"><\/figure>\n<\/div>\n","protected":false},"excerpt":{"rendered":"<p>Des de El globus vermell EN RESiD\u00c8NCiA va arribar el dia de visivilitzar el nostre proc\u00e9s i les nostres experi\u00e8ncies.i ho vam fer ahir, a la Fundaci\u00f3 Mir\u00f3.va ser un dia inoblidable, ho vam passar molt b\u00e9 i nom\u00e9s tenim paraules de agra\u00efment a tot el programa EnResid\u00e8ncia de donar-nos aquesta oportunitat.Gr\u00e0cies!!!<\/p>\n","protected":false},"author":5,"featured_media":0,"comment_status":"closed","ping_status":"closed","sticky":false,"template":"","format":"standard","meta":{"footnotes":""},"categories":[1],"tags":[],"class_list":["post-392","post","type-post","status-publish","format-standard","hentry","category-general"],"_links":{"self":[{"href":"https:\/\/blocsenresidencia.bcn.cat\/20222023\/wp-json\/wp\/v2\/posts\/392","targetHints":{"allow":["GET"]}}],"collection":[{"href":"https:\/\/blocsenresidencia.bcn.cat\/20222023\/wp-json\/wp\/v2\/posts"}],"about":[{"href":"https:\/\/blocsenresidencia.bcn.cat\/20222023\/wp-json\/wp\/v2\/types\/post"}],"author":[{"embeddable":true,"href":"https:\/\/blocsenresidencia.bcn.cat\/20222023\/wp-json\/wp\/v2\/users\/5"}],"replies":[{"embeddable":true,"href":"https:\/\/blocsenresidencia.bcn.cat\/20222023\/wp-json\/wp\/v2\/comments?post=392"}],"version-history":[{"count":0,"href":"https:\/\/blocsenresidencia.bcn.cat\/20222023\/wp-json\/wp\/v2\/posts\/392\/revisions"}],"wp:attachment":[{"href":"https:\/\/blocsenresidencia.bcn.cat\/20222023\/wp-json\/wp\/v2\/media?parent=392"}],"wp:term":[{"taxonomy":"category","embeddable":true,"href":"https:\/\/blocsenresidencia.bcn.cat\/20222023\/wp-json\/wp\/v2\/categories?post=392"},{"taxonomy":"post_tag","embeddable":true,"href":"https:\/\/blocsenresidencia.bcn.cat\/20222023\/wp-json\/wp\/v2\/tags?post=392"}],"curies":[{"name":"wp","href":"https:\/\/api.w.org\/{rel}","templated":true}]}}